{"id":1276,"date":"2025-10-21T05:55:50","date_gmt":"2025-10-21T05:55:50","guid":{"rendered":"https:\/\/departamento.us.es\/antropologia\/?p=1276"},"modified":"2025-10-21T05:56:24","modified_gmt":"2025-10-21T05:56:24","slug":"conferencia-inaugural-master-en-antropologia-28-octubre-18-30-h-en-el-aula-diego-angulo-facultad-de-geografia-e-historia","status":"publish","type":"post","link":"https:\/\/departamento.us.es\/antropologia\/2025\/10\/21\/conferencia-inaugural-master-en-antropologia-28-octubre-18-30-h-en-el-aula-diego-angulo-facultad-de-geografia-e-historia\/","title":{"rendered":"Conferencia Inaugural M\u00e1ster en Antropolog\u00eda:                   28 octubre, 18.30 h. en el Aula Diego Angulo (Facultad de Geograf\u00eda e Historia)"},"content":{"rendered":"\n<figure class=\"wp-block-image size-large\"><img loading=\"lazy\" decoding=\"async\" width=\"724\" height=\"1024\" src=\"http:\/\/departamento.us.es\/antropologia\/wp-content\/uploads\/2025\/10\/Conferencia_Inaugural_2025-724x1024.png\" alt=\"\" class=\"wp-image-1275\" srcset=\"https:\/\/departamento.us.es\/antropologia\/wp-content\/uploads\/2025\/10\/Conferencia_Inaugural_2025-724x1024.png 724w, https:\/\/departamento.us.es\/antropologia\/wp-content\/uploads\/2025\/10\/Conferencia_Inaugural_2025-212x300.png 212w, https:\/\/departamento.us.es\/antropologia\/wp-content\/uploads\/2025\/10\/Conferencia_Inaugural_2025-768x1086.png 768w, https:\/\/departamento.us.es\/antropologia\/wp-content\/uploads\/2025\/10\/Conferencia_Inaugural_2025-1086x1536.png 1086w, https:\/\/departamento.us.es\/antropologia\/wp-content\/uploads\/2025\/10\/Conferencia_Inaugural_2025.png 1414w\" sizes=\"(max-width: 724px) 100vw, 724px\" \/><\/figure>\n\n\n\n<p><\/p>\n\n\n\n<p><\/p>\n","protected":false},"excerpt":{"rendered":"","protected":false},"author":2,"featured_media":0,"comment_status":"closed","ping_status":"","sticky":false,"template":"","format":"standard","meta":{"footnotes":""},"categories":[1],"tags":[],"_links":{"self":[{"href":"https:\/\/departamento.us.es\/antropologia\/wp-json\/wp\/v2\/posts\/1276"}],"collection":[{"href":"https:\/\/departamento.us.es\/antropologia\/wp-json\/wp\/v2\/posts"}],"about":[{"href":"https:\/\/departamento.us.es\/antropologia\/wp-json\/wp\/v2\/types\/post"}],"author":[{"embeddable":true,"href":"https:\/\/departamento.us.es\/antropologia\/wp-json\/wp\/v2\/users\/2"}],"replies":[{"embeddable":true,"href":"https:\/\/departamento.us.es\/antropologia\/wp-json\/wp\/v2\/comments?post=1276"}],"version-history":[{"count":1,"href":"https:\/\/departamento.us.es\/antropologia\/wp-json\/wp\/v2\/posts\/1276\/revisions"}],"predecessor-version":[{"id":1277,"href":"https:\/\/departamento.us.es\/antropologia\/wp-json\/wp\/v2\/posts\/1276\/revisions\/1277"}],"wp:attachment":[{"href":"https:\/\/departamento.us.es\/antropologia\/wp-json\/wp\/v2\/media?parent=1276"}],"wp:term":[{"taxonomy":"category","embeddable":true,"href":"https:\/\/departamento.us.es\/antropologia\/wp-json\/wp\/v2\/categories?post=1276"},{"taxonomy":"post_tag","embeddable":true,"href":"https:\/\/departamento.us.es\/antropologia\/wp-json\/wp\/v2\/tags?post=1276"}],"curies":[{"name":"wp","href":"https:\/\/api.w.org\/{rel}","templated":true}]}}