{"id":2902,"date":"2023-11-02T07:51:58","date_gmt":"2023-11-02T07:51:58","guid":{"rendered":"https:\/\/departamento.us.es\/dca\/noticias\/convocatoria-asistentes-honorarios-copy-copy\/"},"modified":"2023-11-02T08:09:09","modified_gmt":"2023-11-02T08:09:09","slug":"proyecto-escuela-jardineria-rabat","status":"publish","type":"post","link":"https:\/\/departamento.us.es\/dca\/noticias\/proyecto-escuela-jardineria-rabat\/","title":{"rendered":"Proyecto Escuela Jardiner\u00eda Rabat."},"content":{"rendered":"\t\t<div data-elementor-type=\"wp-post\" data-elementor-id=\"2902\" class=\"elementor elementor-2902\" data-elementor-post-type=\"post\">\n\t\t\t\t\t\t<section class=\"elementor-section elementor-top-section elementor-element elementor-element-db48a56 elementor-section-stretched elementor-section-boxed elementor-section-height-default elementor-section-height-default elementor-invisible\" data-id=\"db48a56\" data-element_type=\"section\" data-e-type=\"section\" data-settings=\"{&quot;stretch_section&quot;:&quot;section-stretched&quot;,&quot;background_background&quot;:&quot;classic&quot;,&quot;animation&quot;:&quot;fadeInLeft&quot;}\">\n\t\t\t\t\t\t<div class=\"elementor-container elementor-column-gap-default\">\n\t\t\t\t\t<div class=\"elementor-column elementor-col-100 elementor-top-column elementor-element elementor-element-7e9e67d\" data-id=\"7e9e67d\" data-element_type=\"column\" data-e-type=\"column\" data-settings=\"{&quot;background_background&quot;:&quot;classic&quot;}\">\n\t\t\t<div class=\"elementor-widget-wrap elementor-element-populated\">\n\t\t\t\t\t\t<div class=\"elementor-element elementor-element-a442240 elementor-widget elementor-widget-text-editor\" data-id=\"a442240\" data-element_type=\"widget\" data-e-type=\"widget\" data-widget_type=\"text-editor.default\">\n\t\t\t\t<div class=\"elementor-widget-container\">\n\t\t\t\t\t\t\t\t\t<p>Proyecto Escuela Jardiner\u00eda Rabat.<\/p>\t\t\t\t\t\t\t\t<\/div>\n\t\t\t\t<\/div>\n\t\t\t\t<div class=\"elementor-element elementor-element-73e63f5 elementor-icon-list--layout-traditional elementor-list-item-link-full_width elementor-widget elementor-widget-icon-list\" data-id=\"73e63f5\" data-element_type=\"widget\" data-e-type=\"widget\" data-widget_type=\"icon-list.default\">\n\t\t\t\t<div class=\"elementor-widget-container\">\n\t\t\t\t\t\t\t<ul class=\"elementor-icon-list-items\">\n\t\t\t\t\t\t\t<li class=\"elementor-icon-list-item\">\n\t\t\t\t\t\t\t\t\t\t\t<a href=\"https:\/\/sevilla.abc.es\/contenidopromocionado\/2018\/11\/12\/universidad-de-sevilla-proyecto-escuela-jardineria-rabat-sale\/\" target=\"_blank\">\n\n\t\t\t\t\t\t\t\t\t\t\t\t<span class=\"elementor-icon-list-icon\">\n\t\t\t\t\t\t\t<i aria-hidden=\"true\" class=\"far fa-file-pdf\"><\/i>\t\t\t\t\t\t<\/span>\n\t\t\t\t\t\t\t\t\t\t<span class=\"elementor-icon-list-text\">ABC Sevilla <\/span>\n\t\t\t\t\t\t\t\t\t\t\t<\/a>\n\t\t\t\t\t\t\t\t\t<\/li>\n\t\t\t\t\t\t\t\t<li class=\"elementor-icon-list-item\">\n\t\t\t\t\t\t\t\t\t\t\t<a href=\"https:\/\/www.infobae.com\/america\/agencias\/2023\/10\/30\/la-ue-premia-una-escuela-hispano-marroqui-de-jardineria-ecologica-que-forma-a-jovenes\/?outputType=amp-type\" target=\"_blank\">\n\n\t\t\t\t\t\t\t\t\t\t\t\t<span class=\"elementor-icon-list-icon\">\n\t\t\t\t\t\t\t<i aria-hidden=\"true\" class=\"far fa-file-pdf\"><\/i>\t\t\t\t\t\t<\/span>\n\t\t\t\t\t\t\t\t\t\t<span class=\"elementor-icon-list-text\">Agencia EFE<\/span>\n\t\t\t\t\t\t\t\t\t\t\t<\/a>\n\t\t\t\t\t\t\t\t\t<\/li>\n\t\t\t\t\t\t<\/ul>\n\t\t\t\t\t\t<\/div>\n\t\t\t\t<\/div>\n\t\t\t\t\t<\/div>\n\t\t<\/div>\n\t\t\t\t\t<\/div>\n\t\t<\/section>\n\t\t\t\t<\/div>\n\t\t","protected":false},"excerpt":{"rendered":"<p>Proyecto Escuela Jardiner\u00eda Rabat. ABC Sevilla Agencia EFE<\/p>\n","protected":false},"author":4,"featured_media":0,"comment_status":"closed","ping_status":"open","sticky":false,"template":"","format":"standard","meta":{"footnotes":""},"categories":[10],"tags":[],"class_list":["post-2902","post","type-post","status-publish","format-standard","hentry","category-noticias"],"yoast_head":"<!-- This site is optimized with the Yoast SEO plugin v27.4 - https:\/\/yoast.com\/product\/yoast-seo-wordpress\/ -->\n<title>Proyecto Escuela Jardiner\u00eda Rabat. - Departamento de Agronom\u00eda<\/title>\n<meta name=\"robots\" content=\"index, follow, max-snippet:-1, max-image-preview:large, max-video-preview:-1\" \/>\n<link rel=\"canonical\" href=\"https:\/\/departamento.us.es\/dca\/noticias\/proyecto-escuela-jardineria-rabat\/\" \/>\n<meta property=\"og:locale\" content=\"es_ES\" \/>\n<meta property=\"og:type\" content=\"article\" \/>\n<meta property=\"og:title\" content=\"Proyecto Escuela Jardiner\u00eda Rabat. - Departamento de Agronom\u00eda\" \/>\n<meta property=\"og:description\" content=\"Proyecto Escuela Jardiner\u00eda Rabat. ABC Sevilla Agencia EFE\" \/>\n<meta property=\"og:url\" content=\"https:\/\/departamento.us.es\/dca\/noticias\/proyecto-escuela-jardineria-rabat\/\" \/>\n<meta property=\"og:site_name\" content=\"Departamento de Agronom\u00eda\" \/>\n<meta property=\"article:published_time\" content=\"2023-11-02T07:51:58+00:00\" \/>\n<meta property=\"article:modified_time\" content=\"2023-11-02T08:09:09+00:00\" \/>\n<meta name=\"author\" content=\"Mar\u00eda Jos\u00e9 Dom\u00ednguez Garc\u00eda\" \/>\n<meta name=\"twitter:card\" content=\"summary_large_image\" \/>\n<meta name=\"twitter:label1\" content=\"Escrito por\" \/>\n\t<meta name=\"twitter:data1\" content=\"Mar\u00eda Jos\u00e9 Dom\u00ednguez Garc\u00eda\" \/>\n\t<meta name=\"twitter:label2\" content=\"Tiempo de lectura\" \/>\n\t<meta name=\"twitter:data2\" content=\"1 minuto\" \/>\n<script type=\"application\/ld+json\" class=\"yoast-schema-graph\">{\"@context\":\"https:\\\/\\\/schema.org\",\"@graph\":[{\"@type\":\"Article\",\"@id\":\"https:\\\/\\\/departamento.us.es\\\/dca\\\/noticias\\\/proyecto-escuela-jardineria-rabat\\\/#article\",\"isPartOf\":{\"@id\":\"https:\\\/\\\/departamento.us.es\\\/dca\\\/noticias\\\/proyecto-escuela-jardineria-rabat\\\/\"},\"author\":{\"name\":\"Mar\u00eda Jos\u00e9 Dom\u00ednguez Garc\u00eda\",\"@id\":\"https:\\\/\\\/departamento.us.es\\\/dca\\\/#\\\/schema\\\/person\\\/e98ae747dc2cc61d3c7fe127b4b814c0\"},\"headline\":\"Proyecto Escuela Jardiner\u00eda Rabat.\",\"datePublished\":\"2023-11-02T07:51:58+00:00\",\"dateModified\":\"2023-11-02T08:09:09+00:00\",\"mainEntityOfPage\":{\"@id\":\"https:\\\/\\\/departamento.us.es\\\/dca\\\/noticias\\\/proyecto-escuela-jardineria-rabat\\\/\"},\"wordCount\":14,\"publisher\":{\"@id\":\"https:\\\/\\\/departamento.us.es\\\/dca\\\/#organization\"},\"articleSection\":[\"Noticias\"],\"inLanguage\":\"es\"},{\"@type\":\"WebPage\",\"@id\":\"https:\\\/\\\/departamento.us.es\\\/dca\\\/noticias\\\/proyecto-escuela-jardineria-rabat\\\/\",\"url\":\"https:\\\/\\\/departamento.us.es\\\/dca\\\/noticias\\\/proyecto-escuela-jardineria-rabat\\\/\",\"name\":\"Proyecto Escuela Jardiner\u00eda Rabat. - Departamento de Agronom\u00eda\",\"isPartOf\":{\"@id\":\"https:\\\/\\\/departamento.us.es\\\/dca\\\/#website\"},\"datePublished\":\"2023-11-02T07:51:58+00:00\",\"dateModified\":\"2023-11-02T08:09:09+00:00\",\"inLanguage\":\"es\",\"potentialAction\":[{\"@type\":\"ReadAction\",\"target\":[\"https:\\\/\\\/departamento.us.es\\\/dca\\\/noticias\\\/proyecto-escuela-jardineria-rabat\\\/\"]}]},{\"@type\":\"WebSite\",\"@id\":\"https:\\\/\\\/departamento.us.es\\\/dca\\\/#website\",\"url\":\"https:\\\/\\\/departamento.us.es\\\/dca\\\/\",\"name\":\"Departamento de Agronom\u00eda\",\"description\":\"Escuela T\u00e9cnica Superior de Ingenier\u00eda Agron\u00f3mica\",\"publisher\":{\"@id\":\"https:\\\/\\\/departamento.us.es\\\/dca\\\/#organization\"},\"potentialAction\":[{\"@type\":\"SearchAction\",\"target\":{\"@type\":\"EntryPoint\",\"urlTemplate\":\"https:\\\/\\\/departamento.us.es\\\/dca\\\/?s={search_term_string}\"},\"query-input\":{\"@type\":\"PropertyValueSpecification\",\"valueRequired\":true,\"valueName\":\"search_term_string\"}}],\"inLanguage\":\"es\"},{\"@type\":\"Organization\",\"@id\":\"https:\\\/\\\/departamento.us.es\\\/dca\\\/#organization\",\"name\":\"Departamento de Agronom\u00eda\",\"url\":\"https:\\\/\\\/departamento.us.es\\\/dca\\\/\",\"logo\":{\"@type\":\"ImageObject\",\"inLanguage\":\"es\",\"@id\":\"https:\\\/\\\/departamento.us.es\\\/dca\\\/#\\\/schema\\\/logo\\\/image\\\/\",\"url\":\"https:\\\/\\\/departamento.us.es\\\/dca\\\/wp-content\\\/uploads\\\/2022\\\/03\\\/US-marca-digital-cuadrada-200.png\",\"contentUrl\":\"https:\\\/\\\/departamento.us.es\\\/dca\\\/wp-content\\\/uploads\\\/2022\\\/03\\\/US-marca-digital-cuadrada-200.png\",\"width\":200,\"height\":205,\"caption\":\"Departamento de Agronom\u00eda\"},\"image\":{\"@id\":\"https:\\\/\\\/departamento.us.es\\\/dca\\\/#\\\/schema\\\/logo\\\/image\\\/\"}},{\"@type\":\"Person\",\"@id\":\"https:\\\/\\\/departamento.us.es\\\/dca\\\/#\\\/schema\\\/person\\\/e98ae747dc2cc61d3c7fe127b4b814c0\",\"name\":\"Mar\u00eda Jos\u00e9 Dom\u00ednguez Garc\u00eda\",\"image\":{\"@type\":\"ImageObject\",\"inLanguage\":\"es\",\"@id\":\"https:\\\/\\\/secure.gravatar.com\\\/avatar\\\/12b886f7f4d8231dcda550b7172040f4a8f08edd3765e6c9672ba2fa87e9c8ed?s=96&d=mm&r=g\",\"url\":\"https:\\\/\\\/secure.gravatar.com\\\/avatar\\\/12b886f7f4d8231dcda550b7172040f4a8f08edd3765e6c9672ba2fa87e9c8ed?s=96&d=mm&r=g\",\"contentUrl\":\"https:\\\/\\\/secure.gravatar.com\\\/avatar\\\/12b886f7f4d8231dcda550b7172040f4a8f08edd3765e6c9672ba2fa87e9c8ed?s=96&d=mm&r=g\",\"caption\":\"Mar\u00eda Jos\u00e9 Dom\u00ednguez Garc\u00eda\"},\"url\":\"https:\\\/\\\/departamento.us.es\\\/dca\\\/author\\\/mdominguezg\\\/\"}]}<\/script>\n<!-- \/ Yoast SEO plugin. -->","yoast_head_json":{"title":"Proyecto Escuela Jardiner\u00eda Rabat. - Departamento de Agronom\u00eda","robots":{"index":"index","follow":"follow","max-snippet":"max-snippet:-1","max-image-preview":"max-image-preview:large","max-video-preview":"max-video-preview:-1"},"canonical":"https:\/\/departamento.us.es\/dca\/noticias\/proyecto-escuela-jardineria-rabat\/","og_locale":"es_ES","og_type":"article","og_title":"Proyecto Escuela Jardiner\u00eda Rabat. - Departamento de Agronom\u00eda","og_description":"Proyecto Escuela Jardiner\u00eda Rabat. ABC Sevilla Agencia EFE","og_url":"https:\/\/departamento.us.es\/dca\/noticias\/proyecto-escuela-jardineria-rabat\/","og_site_name":"Departamento de Agronom\u00eda","article_published_time":"2023-11-02T07:51:58+00:00","article_modified_time":"2023-11-02T08:09:09+00:00","author":"Mar\u00eda Jos\u00e9 Dom\u00ednguez Garc\u00eda","twitter_card":"summary_large_image","twitter_misc":{"Escrito por":"Mar\u00eda Jos\u00e9 Dom\u00ednguez Garc\u00eda","Tiempo de lectura":"1 minuto"},"schema":{"@context":"https:\/\/schema.org","@graph":[{"@type":"Article","@id":"https:\/\/departamento.us.es\/dca\/noticias\/proyecto-escuela-jardineria-rabat\/#article","isPartOf":{"@id":"https:\/\/departamento.us.es\/dca\/noticias\/proyecto-escuela-jardineria-rabat\/"},"author":{"name":"Mar\u00eda Jos\u00e9 Dom\u00ednguez Garc\u00eda","@id":"https:\/\/departamento.us.es\/dca\/#\/schema\/person\/e98ae747dc2cc61d3c7fe127b4b814c0"},"headline":"Proyecto Escuela Jardiner\u00eda Rabat.","datePublished":"2023-11-02T07:51:58+00:00","dateModified":"2023-11-02T08:09:09+00:00","mainEntityOfPage":{"@id":"https:\/\/departamento.us.es\/dca\/noticias\/proyecto-escuela-jardineria-rabat\/"},"wordCount":14,"publisher":{"@id":"https:\/\/departamento.us.es\/dca\/#organization"},"articleSection":["Noticias"],"inLanguage":"es"},{"@type":"WebPage","@id":"https:\/\/departamento.us.es\/dca\/noticias\/proyecto-escuela-jardineria-rabat\/","url":"https:\/\/departamento.us.es\/dca\/noticias\/proyecto-escuela-jardineria-rabat\/","name":"Proyecto Escuela Jardiner\u00eda Rabat. - Departamento de Agronom\u00eda","isPartOf":{"@id":"https:\/\/departamento.us.es\/dca\/#website"},"datePublished":"2023-11-02T07:51:58+00:00","dateModified":"2023-11-02T08:09:09+00:00","inLanguage":"es","potentialAction":[{"@type":"ReadAction","target":["https:\/\/departamento.us.es\/dca\/noticias\/proyecto-escuela-jardineria-rabat\/"]}]},{"@type":"WebSite","@id":"https:\/\/departamento.us.es\/dca\/#website","url":"https:\/\/departamento.us.es\/dca\/","name":"Departamento de Agronom\u00eda","description":"Escuela T\u00e9cnica Superior de Ingenier\u00eda Agron\u00f3mica","publisher":{"@id":"https:\/\/departamento.us.es\/dca\/#organization"},"potentialAction":[{"@type":"SearchAction","target":{"@type":"EntryPoint","urlTemplate":"https:\/\/departamento.us.es\/dca\/?s={search_term_string}"},"query-input":{"@type":"PropertyValueSpecification","valueRequired":true,"valueName":"search_term_string"}}],"inLanguage":"es"},{"@type":"Organization","@id":"https:\/\/departamento.us.es\/dca\/#organization","name":"Departamento de Agronom\u00eda","url":"https:\/\/departamento.us.es\/dca\/","logo":{"@type":"ImageObject","inLanguage":"es","@id":"https:\/\/departamento.us.es\/dca\/#\/schema\/logo\/image\/","url":"https:\/\/departamento.us.es\/dca\/wp-content\/uploads\/2022\/03\/US-marca-digital-cuadrada-200.png","contentUrl":"https:\/\/departamento.us.es\/dca\/wp-content\/uploads\/2022\/03\/US-marca-digital-cuadrada-200.png","width":200,"height":205,"caption":"Departamento de Agronom\u00eda"},"image":{"@id":"https:\/\/departamento.us.es\/dca\/#\/schema\/logo\/image\/"}},{"@type":"Person","@id":"https:\/\/departamento.us.es\/dca\/#\/schema\/person\/e98ae747dc2cc61d3c7fe127b4b814c0","name":"Mar\u00eda Jos\u00e9 Dom\u00ednguez Garc\u00eda","image":{"@type":"ImageObject","inLanguage":"es","@id":"https:\/\/secure.gravatar.com\/avatar\/12b886f7f4d8231dcda550b7172040f4a8f08edd3765e6c9672ba2fa87e9c8ed?s=96&d=mm&r=g","url":"https:\/\/secure.gravatar.com\/avatar\/12b886f7f4d8231dcda550b7172040f4a8f08edd3765e6c9672ba2fa87e9c8ed?s=96&d=mm&r=g","contentUrl":"https:\/\/secure.gravatar.com\/avatar\/12b886f7f4d8231dcda550b7172040f4a8f08edd3765e6c9672ba2fa87e9c8ed?s=96&d=mm&r=g","caption":"Mar\u00eda Jos\u00e9 Dom\u00ednguez Garc\u00eda"},"url":"https:\/\/departamento.us.es\/dca\/author\/mdominguezg\/"}]}},"_links":{"self":[{"href":"https:\/\/departamento.us.es\/dca\/wp-json\/wp\/v2\/posts\/2902","targetHints":{"allow":["GET"]}}],"collection":[{"href":"https:\/\/departamento.us.es\/dca\/wp-json\/wp\/v2\/posts"}],"about":[{"href":"https:\/\/departamento.us.es\/dca\/wp-json\/wp\/v2\/types\/post"}],"author":[{"embeddable":true,"href":"https:\/\/departamento.us.es\/dca\/wp-json\/wp\/v2\/users\/4"}],"replies":[{"embeddable":true,"href":"https:\/\/departamento.us.es\/dca\/wp-json\/wp\/v2\/comments?post=2902"}],"version-history":[{"count":0,"href":"https:\/\/departamento.us.es\/dca\/wp-json\/wp\/v2\/posts\/2902\/revisions"}],"wp:attachment":[{"href":"https:\/\/departamento.us.es\/dca\/wp-json\/wp\/v2\/media?parent=2902"}],"wp:term":[{"taxonomy":"category","embeddable":true,"href":"https:\/\/departamento.us.es\/dca\/wp-json\/wp\/v2\/categories?post=2902"},{"taxonomy":"post_tag","embeddable":true,"href":"https:\/\/departamento.us.es\/dca\/wp-json\/wp\/v2\/tags?post=2902"}],"curies":[{"name":"wp","href":"https:\/\/api.w.org\/{rel}","templated":true}]}}