{"id":3042,"date":"2025-01-17T11:49:20","date_gmt":"2025-01-17T11:49:20","guid":{"rendered":"https:\/\/departamento.us.es\/dca\/noticias\/tercer-premio-de-la-6a-edicion-del-concurso-tesis-en-3-minutos-copy-copy\/"},"modified":"2025-01-20T07:12:25","modified_gmt":"2025-01-20T07:12:25","slug":"actividad-propuesta-para-reconocimiento-academico-en-titulos-universitarios","status":"publish","type":"post","link":"https:\/\/departamento.us.es\/dca\/noticias\/actividad-propuesta-para-reconocimiento-academico-en-titulos-universitarios\/","title":{"rendered":"Actividad propuesta para reconocimiento acad\u00e9mico en T\u00edtulos Universitarios."},"content":{"rendered":"\t\t<div data-elementor-type=\"wp-post\" data-elementor-id=\"3042\" class=\"elementor elementor-3042\" data-elementor-post-type=\"post\">\n\t\t\t\t\t\t<section class=\"elementor-section elementor-top-section elementor-element elementor-element-1266bd5 elementor-section-stretched elementor-section-boxed elementor-section-height-default elementor-section-height-default elementor-invisible\" data-id=\"1266bd5\" data-element_type=\"section\" data-e-type=\"section\" data-settings=\"{&quot;stretch_section&quot;:&quot;section-stretched&quot;,&quot;background_background&quot;:&quot;classic&quot;,&quot;animation&quot;:&quot;fadeInLeft&quot;}\">\n\t\t\t\t\t\t<div class=\"elementor-container elementor-column-gap-default\">\n\t\t\t\t\t<div class=\"elementor-column elementor-col-100 elementor-top-column elementor-element elementor-element-741d357\" data-id=\"741d357\" data-element_type=\"column\" data-e-type=\"column\" data-settings=\"{&quot;background_background&quot;:&quot;classic&quot;}\">\n\t\t\t<div class=\"elementor-widget-wrap elementor-element-populated\">\n\t\t\t\t\t\t<div class=\"elementor-element elementor-element-a65328c elementor-widget elementor-widget-text-editor\" data-id=\"a65328c\" data-element_type=\"widget\" data-e-type=\"widget\" data-widget_type=\"text-editor.default\">\n\t\t\t\t<div class=\"elementor-widget-container\">\n\t\t\t\t\t\t\t\t\t<p style=\"text-align: center;\">\u00a0 <strong>Actividad propuesta para el reconocimiento acad\u00e9mico en los t\u00edtulos universitarios de grado de la Universidad de Sevilla.<\/strong><\/p><p style=\"text-align: center;\"><strong>AULA ABIERTA<\/strong><\/p><p style=\"text-align: center;\"><strong>UN PASEO POR LA DIVERSIDAD DEL CABALLO.<\/strong><\/p>\t\t\t\t\t\t\t\t<\/div>\n\t\t\t\t<\/div>\n\t\t\t\t<section class=\"elementor-section elementor-inner-section elementor-element elementor-element-22e05b9 elementor-section-boxed elementor-section-height-default elementor-section-height-default\" data-id=\"22e05b9\" data-element_type=\"section\" data-e-type=\"section\">\n\t\t\t\t\t\t<div class=\"elementor-container elementor-column-gap-default\">\n\t\t\t\t\t<div class=\"elementor-column elementor-col-100 elementor-inner-column elementor-element elementor-element-9a83f17\" data-id=\"9a83f17\" data-element_type=\"column\" data-e-type=\"column\">\n\t\t\t<div class=\"elementor-widget-wrap elementor-element-populated\">\n\t\t\t\t\t\t<div class=\"elementor-element elementor-element-09b5824 elementor-widget elementor-widget-image\" data-id=\"09b5824\" data-element_type=\"widget\" data-e-type=\"widget\" data-widget_type=\"image.default\">\n\t\t\t\t<div class=\"elementor-widget-container\">\n\t\t\t\t\t\t\t\t\t\t\t\t\t\t\t\t<a href=\"https:\/\/departamento.us.es\/dca\/wp-content\/uploads\/2025\/01\/Diptico-1-1.pdf\" data-elementor-open-lightbox=\"yes\" data-e-action-hash=\"#elementor-action%3Aaction%3Dlightbox%26settings%3DeyJpZCI6MzA0NSwidXJsIjpmYWxzZX0%3D\">\n\t\t\t\t\t\t\t<img decoding=\"async\" src=\"https:\/\/departamento.us.es\/dca\/wp-content\/uploads\/2025\/01\/Diptico-1-1.pdf\" title=\"\" alt=\"\" loading=\"lazy\" \/>\t\t\t\t\t\t\t\t<\/a>\n\t\t\t\t\t\t\t\t\t\t\t\t\t\t\t<\/div>\n\t\t\t\t<\/div>\n\t\t\t\t\t<\/div>\n\t\t<\/div>\n\t\t\t\t\t<\/div>\n\t\t<\/section>\n\t\t\t\t<div class=\"elementor-element elementor-element-4b2c4d0 elementor-widget elementor-widget-text-editor\" data-id=\"4b2c4d0\" data-element_type=\"widget\" data-e-type=\"widget\" data-widget_type=\"text-editor.default\">\n\t\t\t\t<div class=\"elementor-widget-container\">\n\t\t\t\t\t\t\t\t\t<p style=\"text-align: center;\"><a href=\"https:\/\/departamento.us.es\/dca\/wp-content\/uploads\/2025\/01\/Diptico-1.pdf\" target=\"_blank\" rel=\"noopener\">D\u00edptico de la actividad.<\/a><\/p>\t\t\t\t\t\t\t\t<\/div>\n\t\t\t\t<\/div>\n\t\t\t\t\t<\/div>\n\t\t<\/div>\n\t\t\t\t\t<\/div>\n\t\t<\/section>\n\t\t\t\t<section class=\"elementor-section elementor-top-section elementor-element elementor-element-ba0eeba elementor-section-boxed elementor-section-height-default elementor-section-height-default\" data-id=\"ba0eeba\" data-element_type=\"section\" data-e-type=\"section\">\n\t\t\t\t\t\t<div class=\"elementor-container elementor-column-gap-default\">\n\t\t\t\t\t<div class=\"elementor-column elementor-col-100 elementor-top-column elementor-element elementor-element-bbbf149\" data-id=\"bbbf149\" data-element_type=\"column\" data-e-type=\"column\">\n\t\t\t<div class=\"elementor-widget-wrap elementor-element-populated\">\n\t\t\t\t\t\t<div class=\"elementor-element elementor-element-0640881 elementor-widget__width-initial elementor-widget elementor-widget-image\" data-id=\"0640881\" data-element_type=\"widget\" data-e-type=\"widget\" data-widget_type=\"image.default\">\n\t\t\t\t<div class=\"elementor-widget-container\">\n\t\t\t\t\t\t\t\t\t\t\t\t\t\t\t<img decoding=\"async\" src=\"https:\/\/departamento.us.es\/dca\/wp-content\/plugins\/elementor\/assets\/images\/placeholder.png\" title=\"\" alt=\"\" loading=\"lazy\" \/>\t\t\t\t\t\t\t\t\t\t\t\t\t\t\t<\/div>\n\t\t\t\t<\/div>\n\t\t\t\t\t<\/div>\n\t\t<\/div>\n\t\t\t\t\t<\/div>\n\t\t<\/section>\n\t\t\t\t<section class=\"elementor-section elementor-top-section elementor-element elementor-element-e994789 elementor-section-boxed elementor-section-height-default elementor-section-height-default\" data-id=\"e994789\" data-element_type=\"section\" data-e-type=\"section\">\n\t\t\t\t\t\t<div class=\"elementor-container elementor-column-gap-default\">\n\t\t\t\t\t<div class=\"elementor-column elementor-col-100 elementor-top-column elementor-element elementor-element-2564846\" data-id=\"2564846\" data-element_type=\"column\" data-e-type=\"column\">\n\t\t\t<div class=\"elementor-widget-wrap\">\n\t\t\t\t\t\t\t<\/div>\n\t\t<\/div>\n\t\t\t\t\t<\/div>\n\t\t<\/section>\n\t\t\t\t<\/div>\n\t\t","protected":false},"excerpt":{"rendered":"<p>\u00a0 Actividad propuesta para el reconocimiento acad\u00e9mico en los t\u00edtulos universitarios de grado de la Universidad de Sevilla. AULA ABIERTA UN PASEO POR LA DIVERSIDAD DEL CABALLO. D\u00edptico de la actividad.<\/p>\n","protected":false},"author":4,"featured_media":0,"comment_status":"closed","ping_status":"open","sticky":false,"template":"","format":"standard","meta":{"footnotes":""},"categories":[10],"tags":[],"class_list":["post-3042","post","type-post","status-publish","format-standard","hentry","category-noticias"],"yoast_head":"<!-- This site is optimized with the Yoast SEO plugin v27.4 - https:\/\/yoast.com\/product\/yoast-seo-wordpress\/ -->\n<title>Actividad propuesta para reconocimiento acad\u00e9mico en T\u00edtulos Universitarios. - Departamento de Agronom\u00eda<\/title>\n<meta name=\"robots\" content=\"index, follow, max-snippet:-1, max-image-preview:large, max-video-preview:-1\" \/>\n<link rel=\"canonical\" href=\"https:\/\/departamento.us.es\/dca\/noticias\/actividad-propuesta-para-reconocimiento-academico-en-titulos-universitarios\/\" \/>\n<meta property=\"og:locale\" content=\"es_ES\" \/>\n<meta property=\"og:type\" content=\"article\" \/>\n<meta property=\"og:title\" content=\"Actividad propuesta para reconocimiento acad\u00e9mico en T\u00edtulos Universitarios. - Departamento de Agronom\u00eda\" \/>\n<meta property=\"og:description\" content=\"\u00a0 Actividad propuesta para el reconocimiento acad\u00e9mico en los t\u00edtulos universitarios de grado de la Universidad de Sevilla. AULA ABIERTA UN PASEO POR LA DIVERSIDAD DEL CABALLO. D\u00edptico de la actividad.\" \/>\n<meta property=\"og:url\" content=\"https:\/\/departamento.us.es\/dca\/noticias\/actividad-propuesta-para-reconocimiento-academico-en-titulos-universitarios\/\" \/>\n<meta property=\"og:site_name\" content=\"Departamento de Agronom\u00eda\" \/>\n<meta property=\"article:published_time\" content=\"2025-01-17T11:49:20+00:00\" \/>\n<meta property=\"article:modified_time\" content=\"2025-01-20T07:12:25+00:00\" \/>\n<meta property=\"og:image\" content=\"https:\/\/departamento.us.es\/dca\/wp-content\/uploads\/2025\/01\/Diptico-1-1.pdf\" \/>\n<meta name=\"author\" content=\"Mar\u00eda Jos\u00e9 Dom\u00ednguez Garc\u00eda\" \/>\n<meta name=\"twitter:card\" content=\"summary_large_image\" \/>\n<meta name=\"twitter:label1\" content=\"Escrito por\" \/>\n\t<meta name=\"twitter:data1\" content=\"Mar\u00eda Jos\u00e9 Dom\u00ednguez Garc\u00eda\" \/>\n\t<meta name=\"twitter:label2\" content=\"Tiempo de lectura\" \/>\n\t<meta name=\"twitter:data2\" content=\"1 minuto\" \/>\n<script type=\"application\/ld+json\" class=\"yoast-schema-graph\">{\"@context\":\"https:\\\/\\\/schema.org\",\"@graph\":[{\"@type\":\"Article\",\"@id\":\"https:\\\/\\\/departamento.us.es\\\/dca\\\/noticias\\\/actividad-propuesta-para-reconocimiento-academico-en-titulos-universitarios\\\/#article\",\"isPartOf\":{\"@id\":\"https:\\\/\\\/departamento.us.es\\\/dca\\\/noticias\\\/actividad-propuesta-para-reconocimiento-academico-en-titulos-universitarios\\\/\"},\"author\":{\"name\":\"Mar\u00eda Jos\u00e9 Dom\u00ednguez Garc\u00eda\",\"@id\":\"https:\\\/\\\/departamento.us.es\\\/dca\\\/#\\\/schema\\\/person\\\/e98ae747dc2cc61d3c7fe127b4b814c0\"},\"headline\":\"Actividad propuesta para reconocimiento acad\u00e9mico en T\u00edtulos Universitarios.\",\"datePublished\":\"2025-01-17T11:49:20+00:00\",\"dateModified\":\"2025-01-20T07:12:25+00:00\",\"mainEntityOfPage\":{\"@id\":\"https:\\\/\\\/departamento.us.es\\\/dca\\\/noticias\\\/actividad-propuesta-para-reconocimiento-academico-en-titulos-universitarios\\\/\"},\"wordCount\":43,\"publisher\":{\"@id\":\"https:\\\/\\\/departamento.us.es\\\/dca\\\/#organization\"},\"image\":{\"@id\":\"https:\\\/\\\/departamento.us.es\\\/dca\\\/noticias\\\/actividad-propuesta-para-reconocimiento-academico-en-titulos-universitarios\\\/#primaryimage\"},\"thumbnailUrl\":\"https:\\\/\\\/departamento.us.es\\\/dca\\\/wp-content\\\/uploads\\\/2025\\\/01\\\/Diptico-1-1.pdf\",\"articleSection\":[\"Noticias\"],\"inLanguage\":\"es\"},{\"@type\":\"WebPage\",\"@id\":\"https:\\\/\\\/departamento.us.es\\\/dca\\\/noticias\\\/actividad-propuesta-para-reconocimiento-academico-en-titulos-universitarios\\\/\",\"url\":\"https:\\\/\\\/departamento.us.es\\\/dca\\\/noticias\\\/actividad-propuesta-para-reconocimiento-academico-en-titulos-universitarios\\\/\",\"name\":\"Actividad propuesta para reconocimiento acad\u00e9mico en T\u00edtulos Universitarios. - Departamento de Agronom\u00eda\",\"isPartOf\":{\"@id\":\"https:\\\/\\\/departamento.us.es\\\/dca\\\/#website\"},\"primaryImageOfPage\":{\"@id\":\"https:\\\/\\\/departamento.us.es\\\/dca\\\/noticias\\\/actividad-propuesta-para-reconocimiento-academico-en-titulos-universitarios\\\/#primaryimage\"},\"image\":{\"@id\":\"https:\\\/\\\/departamento.us.es\\\/dca\\\/noticias\\\/actividad-propuesta-para-reconocimiento-academico-en-titulos-universitarios\\\/#primaryimage\"},\"thumbnailUrl\":\"https:\\\/\\\/departamento.us.es\\\/dca\\\/wp-content\\\/uploads\\\/2025\\\/01\\\/Diptico-1-1.pdf\",\"datePublished\":\"2025-01-17T11:49:20+00:00\",\"dateModified\":\"2025-01-20T07:12:25+00:00\",\"inLanguage\":\"es\",\"potentialAction\":[{\"@type\":\"ReadAction\",\"target\":[\"https:\\\/\\\/departamento.us.es\\\/dca\\\/noticias\\\/actividad-propuesta-para-reconocimiento-academico-en-titulos-universitarios\\\/\"]}]},{\"@type\":\"ImageObject\",\"inLanguage\":\"es\",\"@id\":\"https:\\\/\\\/departamento.us.es\\\/dca\\\/noticias\\\/actividad-propuesta-para-reconocimiento-academico-en-titulos-universitarios\\\/#primaryimage\",\"url\":\"https:\\\/\\\/departamento.us.es\\\/dca\\\/wp-content\\\/uploads\\\/2025\\\/01\\\/Diptico-1-1.pdf\",\"contentUrl\":\"https:\\\/\\\/departamento.us.es\\\/dca\\\/wp-content\\\/uploads\\\/2025\\\/01\\\/Diptico-1-1.pdf\"},{\"@type\":\"WebSite\",\"@id\":\"https:\\\/\\\/departamento.us.es\\\/dca\\\/#website\",\"url\":\"https:\\\/\\\/departamento.us.es\\\/dca\\\/\",\"name\":\"Departamento de Agronom\u00eda\",\"description\":\"Escuela T\u00e9cnica Superior de Ingenier\u00eda Agron\u00f3mica\",\"publisher\":{\"@id\":\"https:\\\/\\\/departamento.us.es\\\/dca\\\/#organization\"},\"potentialAction\":[{\"@type\":\"SearchAction\",\"target\":{\"@type\":\"EntryPoint\",\"urlTemplate\":\"https:\\\/\\\/departamento.us.es\\\/dca\\\/?s={search_term_string}\"},\"query-input\":{\"@type\":\"PropertyValueSpecification\",\"valueRequired\":true,\"valueName\":\"search_term_string\"}}],\"inLanguage\":\"es\"},{\"@type\":\"Organization\",\"@id\":\"https:\\\/\\\/departamento.us.es\\\/dca\\\/#organization\",\"name\":\"Departamento de Agronom\u00eda\",\"url\":\"https:\\\/\\\/departamento.us.es\\\/dca\\\/\",\"logo\":{\"@type\":\"ImageObject\",\"inLanguage\":\"es\",\"@id\":\"https:\\\/\\\/departamento.us.es\\\/dca\\\/#\\\/schema\\\/logo\\\/image\\\/\",\"url\":\"https:\\\/\\\/departamento.us.es\\\/dca\\\/wp-content\\\/uploads\\\/2022\\\/03\\\/US-marca-digital-cuadrada-200.png\",\"contentUrl\":\"https:\\\/\\\/departamento.us.es\\\/dca\\\/wp-content\\\/uploads\\\/2022\\\/03\\\/US-marca-digital-cuadrada-200.png\",\"width\":200,\"height\":205,\"caption\":\"Departamento de Agronom\u00eda\"},\"image\":{\"@id\":\"https:\\\/\\\/departamento.us.es\\\/dca\\\/#\\\/schema\\\/logo\\\/image\\\/\"}},{\"@type\":\"Person\",\"@id\":\"https:\\\/\\\/departamento.us.es\\\/dca\\\/#\\\/schema\\\/person\\\/e98ae747dc2cc61d3c7fe127b4b814c0\",\"name\":\"Mar\u00eda Jos\u00e9 Dom\u00ednguez Garc\u00eda\",\"image\":{\"@type\":\"ImageObject\",\"inLanguage\":\"es\",\"@id\":\"https:\\\/\\\/secure.gravatar.com\\\/avatar\\\/12b886f7f4d8231dcda550b7172040f4a8f08edd3765e6c9672ba2fa87e9c8ed?s=96&d=mm&r=g\",\"url\":\"https:\\\/\\\/secure.gravatar.com\\\/avatar\\\/12b886f7f4d8231dcda550b7172040f4a8f08edd3765e6c9672ba2fa87e9c8ed?s=96&d=mm&r=g\",\"contentUrl\":\"https:\\\/\\\/secure.gravatar.com\\\/avatar\\\/12b886f7f4d8231dcda550b7172040f4a8f08edd3765e6c9672ba2fa87e9c8ed?s=96&d=mm&r=g\",\"caption\":\"Mar\u00eda Jos\u00e9 Dom\u00ednguez Garc\u00eda\"},\"url\":\"https:\\\/\\\/departamento.us.es\\\/dca\\\/author\\\/mdominguezg\\\/\"}]}<\/script>\n<!-- \/ Yoast SEO plugin. -->","yoast_head_json":{"title":"Actividad propuesta para reconocimiento acad\u00e9mico en T\u00edtulos Universitarios. - Departamento de Agronom\u00eda","robots":{"index":"index","follow":"follow","max-snippet":"max-snippet:-1","max-image-preview":"max-image-preview:large","max-video-preview":"max-video-preview:-1"},"canonical":"https:\/\/departamento.us.es\/dca\/noticias\/actividad-propuesta-para-reconocimiento-academico-en-titulos-universitarios\/","og_locale":"es_ES","og_type":"article","og_title":"Actividad propuesta para reconocimiento acad\u00e9mico en T\u00edtulos Universitarios. - Departamento de Agronom\u00eda","og_description":"\u00a0 Actividad propuesta para el reconocimiento acad\u00e9mico en los t\u00edtulos universitarios de grado de la Universidad de Sevilla. AULA ABIERTA UN PASEO POR LA DIVERSIDAD DEL CABALLO. D\u00edptico de la actividad.","og_url":"https:\/\/departamento.us.es\/dca\/noticias\/actividad-propuesta-para-reconocimiento-academico-en-titulos-universitarios\/","og_site_name":"Departamento de Agronom\u00eda","article_published_time":"2025-01-17T11:49:20+00:00","article_modified_time":"2025-01-20T07:12:25+00:00","og_image":[{"url":"https:\/\/departamento.us.es\/dca\/wp-content\/uploads\/2025\/01\/Diptico-1-1.pdf","type":"","width":"","height":""}],"author":"Mar\u00eda Jos\u00e9 Dom\u00ednguez Garc\u00eda","twitter_card":"summary_large_image","twitter_misc":{"Escrito por":"Mar\u00eda Jos\u00e9 Dom\u00ednguez Garc\u00eda","Tiempo de lectura":"1 minuto"},"schema":{"@context":"https:\/\/schema.org","@graph":[{"@type":"Article","@id":"https:\/\/departamento.us.es\/dca\/noticias\/actividad-propuesta-para-reconocimiento-academico-en-titulos-universitarios\/#article","isPartOf":{"@id":"https:\/\/departamento.us.es\/dca\/noticias\/actividad-propuesta-para-reconocimiento-academico-en-titulos-universitarios\/"},"author":{"name":"Mar\u00eda Jos\u00e9 Dom\u00ednguez Garc\u00eda","@id":"https:\/\/departamento.us.es\/dca\/#\/schema\/person\/e98ae747dc2cc61d3c7fe127b4b814c0"},"headline":"Actividad propuesta para reconocimiento acad\u00e9mico en T\u00edtulos Universitarios.","datePublished":"2025-01-17T11:49:20+00:00","dateModified":"2025-01-20T07:12:25+00:00","mainEntityOfPage":{"@id":"https:\/\/departamento.us.es\/dca\/noticias\/actividad-propuesta-para-reconocimiento-academico-en-titulos-universitarios\/"},"wordCount":43,"publisher":{"@id":"https:\/\/departamento.us.es\/dca\/#organization"},"image":{"@id":"https:\/\/departamento.us.es\/dca\/noticias\/actividad-propuesta-para-reconocimiento-academico-en-titulos-universitarios\/#primaryimage"},"thumbnailUrl":"https:\/\/departamento.us.es\/dca\/wp-content\/uploads\/2025\/01\/Diptico-1-1.pdf","articleSection":["Noticias"],"inLanguage":"es"},{"@type":"WebPage","@id":"https:\/\/departamento.us.es\/dca\/noticias\/actividad-propuesta-para-reconocimiento-academico-en-titulos-universitarios\/","url":"https:\/\/departamento.us.es\/dca\/noticias\/actividad-propuesta-para-reconocimiento-academico-en-titulos-universitarios\/","name":"Actividad propuesta para reconocimiento acad\u00e9mico en T\u00edtulos Universitarios. - Departamento de Agronom\u00eda","isPartOf":{"@id":"https:\/\/departamento.us.es\/dca\/#website"},"primaryImageOfPage":{"@id":"https:\/\/departamento.us.es\/dca\/noticias\/actividad-propuesta-para-reconocimiento-academico-en-titulos-universitarios\/#primaryimage"},"image":{"@id":"https:\/\/departamento.us.es\/dca\/noticias\/actividad-propuesta-para-reconocimiento-academico-en-titulos-universitarios\/#primaryimage"},"thumbnailUrl":"https:\/\/departamento.us.es\/dca\/wp-content\/uploads\/2025\/01\/Diptico-1-1.pdf","datePublished":"2025-01-17T11:49:20+00:00","dateModified":"2025-01-20T07:12:25+00:00","inLanguage":"es","potentialAction":[{"@type":"ReadAction","target":["https:\/\/departamento.us.es\/dca\/noticias\/actividad-propuesta-para-reconocimiento-academico-en-titulos-universitarios\/"]}]},{"@type":"ImageObject","inLanguage":"es","@id":"https:\/\/departamento.us.es\/dca\/noticias\/actividad-propuesta-para-reconocimiento-academico-en-titulos-universitarios\/#primaryimage","url":"https:\/\/departamento.us.es\/dca\/wp-content\/uploads\/2025\/01\/Diptico-1-1.pdf","contentUrl":"https:\/\/departamento.us.es\/dca\/wp-content\/uploads\/2025\/01\/Diptico-1-1.pdf"},{"@type":"WebSite","@id":"https:\/\/departamento.us.es\/dca\/#website","url":"https:\/\/departamento.us.es\/dca\/","name":"Departamento de Agronom\u00eda","description":"Escuela T\u00e9cnica Superior de Ingenier\u00eda Agron\u00f3mica","publisher":{"@id":"https:\/\/departamento.us.es\/dca\/#organization"},"potentialAction":[{"@type":"SearchAction","target":{"@type":"EntryPoint","urlTemplate":"https:\/\/departamento.us.es\/dca\/?s={search_term_string}"},"query-input":{"@type":"PropertyValueSpecification","valueRequired":true,"valueName":"search_term_string"}}],"inLanguage":"es"},{"@type":"Organization","@id":"https:\/\/departamento.us.es\/dca\/#organization","name":"Departamento de Agronom\u00eda","url":"https:\/\/departamento.us.es\/dca\/","logo":{"@type":"ImageObject","inLanguage":"es","@id":"https:\/\/departamento.us.es\/dca\/#\/schema\/logo\/image\/","url":"https:\/\/departamento.us.es\/dca\/wp-content\/uploads\/2022\/03\/US-marca-digital-cuadrada-200.png","contentUrl":"https:\/\/departamento.us.es\/dca\/wp-content\/uploads\/2022\/03\/US-marca-digital-cuadrada-200.png","width":200,"height":205,"caption":"Departamento de Agronom\u00eda"},"image":{"@id":"https:\/\/departamento.us.es\/dca\/#\/schema\/logo\/image\/"}},{"@type":"Person","@id":"https:\/\/departamento.us.es\/dca\/#\/schema\/person\/e98ae747dc2cc61d3c7fe127b4b814c0","name":"Mar\u00eda Jos\u00e9 Dom\u00ednguez Garc\u00eda","image":{"@type":"ImageObject","inLanguage":"es","@id":"https:\/\/secure.gravatar.com\/avatar\/12b886f7f4d8231dcda550b7172040f4a8f08edd3765e6c9672ba2fa87e9c8ed?s=96&d=mm&r=g","url":"https:\/\/secure.gravatar.com\/avatar\/12b886f7f4d8231dcda550b7172040f4a8f08edd3765e6c9672ba2fa87e9c8ed?s=96&d=mm&r=g","contentUrl":"https:\/\/secure.gravatar.com\/avatar\/12b886f7f4d8231dcda550b7172040f4a8f08edd3765e6c9672ba2fa87e9c8ed?s=96&d=mm&r=g","caption":"Mar\u00eda Jos\u00e9 Dom\u00ednguez Garc\u00eda"},"url":"https:\/\/departamento.us.es\/dca\/author\/mdominguezg\/"}]}},"_links":{"self":[{"href":"https:\/\/departamento.us.es\/dca\/wp-json\/wp\/v2\/posts\/3042","targetHints":{"allow":["GET"]}}],"collection":[{"href":"https:\/\/departamento.us.es\/dca\/wp-json\/wp\/v2\/posts"}],"about":[{"href":"https:\/\/departamento.us.es\/dca\/wp-json\/wp\/v2\/types\/post"}],"author":[{"embeddable":true,"href":"https:\/\/departamento.us.es\/dca\/wp-json\/wp\/v2\/users\/4"}],"replies":[{"embeddable":true,"href":"https:\/\/departamento.us.es\/dca\/wp-json\/wp\/v2\/comments?post=3042"}],"version-history":[{"count":0,"href":"https:\/\/departamento.us.es\/dca\/wp-json\/wp\/v2\/posts\/3042\/revisions"}],"wp:attachment":[{"href":"https:\/\/departamento.us.es\/dca\/wp-json\/wp\/v2\/media?parent=3042"}],"wp:term":[{"taxonomy":"category","embeddable":true,"href":"https:\/\/departamento.us.es\/dca\/wp-json\/wp\/v2\/categories?post=3042"},{"taxonomy":"post_tag","embeddable":true,"href":"https:\/\/departamento.us.es\/dca\/wp-json\/wp\/v2\/tags?post=3042"}],"curies":[{"name":"wp","href":"https:\/\/api.w.org\/{rel}","templated":true}]}}