{"id":646,"date":"2021-04-12T11:38:20","date_gmt":"2021-04-12T11:38:20","guid":{"rendered":"https:\/\/departamento.us.es\/dcefus\/?p=646"},"modified":"2021-04-12T11:39:59","modified_gmt":"2021-04-12T11:39:59","slug":"requisitos-de-acceso","status":"publish","type":"post","link":"https:\/\/departamento.us.es\/dcefus\/requisitos-de-acceso\/","title":{"rendered":"Requisitos de Acceso"},"content":{"rendered":"<div id=\"imPageRow_1\" class=\"imPageRow\">\n<div id=\"imPageRowContent_1\" class=\"imContentDataContainer\">\n<div id=\"imCell_1\" class=\"\">\n<div id=\"imCellStyle_1\">\n<div id=\"imTextObject_8_01\">\n<div id=\"imTextObject_8_01_tab0\" class=\"text-tab-content\">\n<div class=\"text-inner\">\n<h3><span class=\"fs11 cf3\">Sistemas de informaci\u00f3n preuniversitarios<\/span><\/h3>\n<div><span class=\"fs11\">\u00a0<\/span><\/div>\n<div><span class=\"fs11\">El perfil de ingreso son estudiantes de grado (o licenciados) que ya hayan recibido una formaci\u00f3n previa en Contabilidad. Tambi\u00e9n aquellos egresados que provenientes de otras titulaciones que ya cuenten con una experiencia profesional en el campo de la auditor\u00eda o consultor\u00eda contable.<\/span><span class=\"fs11\">\u00a0La ense\u00f1anza del m\u00e1ster ser\u00e1 impartida en castellano. No obstante, se exigir\u00e1 a los estudiantes un conocimiento de ingl\u00e9s de nivel m\u00ednimo B1, ya que parte de la normativa, documentaci\u00f3n y bibliograf\u00eda que se manejar\u00e1 en el desarrollo de la ense\u00f1anza de las distintas asignaturas del m\u00e1ster ser\u00e1 en idioma ingl\u00e9s<\/span><\/div>\n<div>\n<div><\/div>\n<div><span class=\"fs11\">Ser\u00edan criterios de admisi\u00f3n bien como m\u00ednimo a cumplir o prioritarios:<\/span><\/div>\n<ol>\n<li><span class=\"fs11\">Cumplir con los perfiles de ingreso recomendados.<\/span><\/li>\n<li><span class=\"fs11\">El expediente acad\u00e9mico en la titulaci\u00f3n que da acceso al programa.<\/span><\/li>\n<li><span class=\"fs11\">Otros m\u00e9ritos: Formaci\u00f3n, Actividad Profesional, Investigaci\u00f3n, otros idiomas.<\/span><\/li>\n<li><span class=\"fs11\">Nivel de Ingl\u00e9s m\u00ednimo B1, de acuerdo con el sistema de referencia European Framework<\/span><\/li>\n<\/ol>\n<\/div>\n<div><span class=\"fs11\">\u00a0<\/span><\/div>\n<div>\n<div><span class=\"fs11\">La informaci\u00f3n sobre el proceso de preinscripci\u00f3n, las fechas, etc. la podr\u00e1 consultar en<span class=\"cf4\">\u00a0<\/span><span class=\"cf4\"><b><a class=\"imCssLink\" href=\"https:\/\/estudiantes.us.es\/preinscripcion\" target=\"_blank\" rel=\"noopener\">esta web<\/a><\/b><\/span><span class=\"cf4\">.<\/span><\/span><\/div>\n<div><\/div>\n<\/div>\n<h3><\/h3>\n<h3><span class=\"fs11 cf3\">Requisitos de acceso y procedimiento de admisi\u00f3n<\/span><\/h3>\n<div><span class=\"fs11\">En el siguiente enlace puede consultar las<\/span><a class=\"imCssLink\" href=\"http:\/\/www.juntadeandalucia.es\/economiainnovacionyciencia\/sguit\/mo_requisitos_procedimiento.php\" target=\"_blank\" rel=\"noopener\">\u00a0<span class=\"fs11 cf5\"><b>v\u00edas de acceso<\/b><\/span><\/a><\/div>\n<div><\/div>\n<div><\/div>\n<h3><\/h3>\n<h3><span class=\"fs11 cf3\">Planes de acogida<\/span><\/h3>\n<div>Para los alumnos ya matriculados, adem\u00e1s de la asignaci\u00f3n de un tutor, se contempla la realizaci\u00f3n de una jornada de acogida del m\u00e1ster a principio de curso. Esta jornada, a la que se le dar\u00e1 la correspondiente publicidad entre alumnos y profesores tiene por objetivo el encuentro de todos los estudiantes del m\u00e1ster junto con los profesores que lo imparten, y en ella se indicar\u00e1n las principales directrices que guiar\u00e1n el desarrollo del curso. Adem\u00e1s de conocer a sus compa\u00f1eros y profesores, los estudiantes podr\u00e1n conocer, mediante la realizaci\u00f3n de una visita guiada, las instalaciones del Centro Universitario en las que se impartir\u00e1 el m\u00e1ster, en concreto, las aulas, biblioteca, salas de ordenadores, aulas seminario, as\u00ed como la ubicaci\u00f3n de los despachos en el Departamento de Contabilidad para la asistencia a tutor\u00edas. Asimismo, se les presentar\u00e1 a los alumnos las tecnolog\u00edas de informaci\u00f3n y comunicaci\u00f3n que se van a emplear para la impartici\u00f3n del m\u00e1ster, as\u00ed como los recursos tecnol\u00f3gicos que tendr\u00e1n a su disposici\u00f3n.<\/div>\n<div><\/div>\n<div><span class=\"fs11\">\u00a0<\/span><\/div>\n<div>\n<h3><span class=\"fs11 cf3\">Tabla ponderada de los criterios de admisi\u00f3n<\/span><\/h3>\n<\/div>\n<\/div>\n<\/div>\n<\/div>\n<\/div>\n<\/div>\n<\/div>\n<\/div>\n<div id=\"imPageRow_2\" class=\"imPageRow\">\n<div id=\"imPageRowContent_2\" class=\"imContentDataContainer\">\n<div id=\"imCell_2\" class=\"\">\n<div id=\"imCellStyleGraphics_2\"><\/div>\n<div id=\"imCellStyle_2\">\n<div id=\"imTableObject_8_02\">\n<div id=\"imTableObject_8_02_tab0\" class=\"text-tab-content\">\n<div class=\"text-inner\">\n<table data-minrequestedwidth=\"561\" data-computedwidth=\"561\">\n<tbody>\n<tr>\n<td class=\"imVc\">\n<div><b><span class=\"fs12\">Criterios de valoraci\u00f3n<\/span><\/b><\/div>\n<\/td>\n<td class=\"imVc\">\n<div><b><span class=\"fs12\">Baremo<\/span><\/b><\/div>\n<\/td>\n<\/tr>\n<tr>\n<td class=\"imVc\">\n<div><b><span class=\"fs11\">Expediente acad\u00e9mico<\/span><\/b><\/div>\n<\/td>\n<td class=\"imVc\">\n<div><b><span class=\"fs11\">60%<\/span><\/b><\/div>\n<\/td>\n<\/tr>\n<tr>\n<td class=\"imVc\">\n<div><b><span class=\"fs11\">Nivel de ingl\u00e9s acreditado superior a B1<\/span><\/b><\/div>\n<\/td>\n<td class=\"imVc\">\n<div><b><span class=\"fs11\">20%<\/span><\/b><\/div>\n<\/td>\n<\/tr>\n<tr>\n<td class=\"imVc\">\n<div><b><span class=\"fs11\">Otros M\u00e9ritos<\/span><\/b><\/div>\n<\/td>\n<td class=\"imVc\">\n<div><b><span class=\"fs11\">20%<\/span><\/b><\/div>\n<\/td>\n<\/tr>\n<\/tbody>\n<\/table>\n<\/div>\n<\/div>\n<\/div>\n<\/div>\n<\/div>\n<\/div>\n<\/div>\n","protected":false},"excerpt":{"rendered":"<p>Sistemas de informaci\u00f3n preuniversitarios \u00a0 El perfil de ingreso son estudiantes de grado (o licenciados) que ya hayan recibido una<\/p>\n","protected":false},"author":1,"featured_media":0,"comment_status":"closed","ping_status":"open","sticky":false,"template":"","format":"standard","meta":{"colormag_page_container_layout":"default_layout","colormag_page_sidebar_layout":"default_layout","_monsterinsights_skip_tracking":false,"_monsterinsights_sitenote_active":false,"_monsterinsights_sitenote_note":"","_monsterinsights_sitenote_category":0,"footnotes":""},"categories":[9],"tags":[],"class_list":["post-646","post","type-post","status-publish","format-standard","hentry","category-macs"],"yoast_head":"<!-- This site is optimized with the Yoast SEO plugin v26.7 - https:\/\/yoast.com\/wordpress\/plugins\/seo\/ -->\n<title>Requisitos de Acceso - Departamento de Contabilidad y Econom\u00eda Financiera de La Universidad de Sevilla<\/title>\n<meta name=\"robots\" content=\"index, follow, max-snippet:-1, max-image-preview:large, max-video-preview:-1\" \/>\n<link rel=\"canonical\" href=\"https:\/\/departamento.us.es\/dcefus\/requisitos-de-acceso\/\" \/>\n<meta property=\"og:locale\" content=\"es_ES\" \/>\n<meta property=\"og:type\" content=\"article\" \/>\n<meta property=\"og:title\" content=\"Requisitos de Acceso - Departamento de Contabilidad y Econom\u00eda Financiera de La Universidad de Sevilla\" \/>\n<meta property=\"og:description\" content=\"Sistemas de informaci\u00f3n preuniversitarios \u00a0 El perfil de ingreso son estudiantes de grado (o licenciados) que ya hayan recibido una\" \/>\n<meta property=\"og:url\" content=\"https:\/\/departamento.us.es\/dcefus\/requisitos-de-acceso\/\" \/>\n<meta property=\"og:site_name\" content=\"Departamento de Contabilidad y Econom\u00eda Financiera de La Universidad de Sevilla\" \/>\n<meta property=\"article:published_time\" content=\"2021-04-12T11:38:20+00:00\" \/>\n<meta property=\"article:modified_time\" content=\"2021-04-12T11:39:59+00:00\" \/>\n<meta name=\"author\" content=\"dartigas\" \/>\n<meta name=\"twitter:card\" content=\"summary_large_image\" \/>\n<meta name=\"twitter:label1\" content=\"Escrito por\" \/>\n\t<meta name=\"twitter:data1\" content=\"dartigas\" \/>\n\t<meta name=\"twitter:label2\" content=\"Tiempo de lectura\" \/>\n\t<meta name=\"twitter:data2\" content=\"2 minutos\" \/>\n<script type=\"application\/ld+json\" class=\"yoast-schema-graph\">{\"@context\":\"https:\/\/schema.org\",\"@graph\":[{\"@type\":\"Article\",\"@id\":\"https:\/\/departamento.us.es\/dcefus\/requisitos-de-acceso\/#article\",\"isPartOf\":{\"@id\":\"https:\/\/departamento.us.es\/dcefus\/requisitos-de-acceso\/\"},\"author\":{\"name\":\"dartigas\",\"@id\":\"https:\/\/departamento.us.es\/dcefus\/#\/schema\/person\/5d15b6ed907422b608e394f89be7b4a0\"},\"headline\":\"Requisitos de Acceso\",\"datePublished\":\"2021-04-12T11:38:20+00:00\",\"dateModified\":\"2021-04-12T11:39:59+00:00\",\"mainEntityOfPage\":{\"@id\":\"https:\/\/departamento.us.es\/dcefus\/requisitos-de-acceso\/\"},\"wordCount\":430,\"publisher\":{\"@id\":\"https:\/\/departamento.us.es\/dcefus\/#organization\"},\"articleSection\":[\"MACS\"],\"inLanguage\":\"es\"},{\"@type\":\"WebPage\",\"@id\":\"https:\/\/departamento.us.es\/dcefus\/requisitos-de-acceso\/\",\"url\":\"https:\/\/departamento.us.es\/dcefus\/requisitos-de-acceso\/\",\"name\":\"Requisitos de Acceso - Departamento de Contabilidad y Econom\u00eda Financiera de La Universidad de Sevilla\",\"isPartOf\":{\"@id\":\"https:\/\/departamento.us.es\/dcefus\/#website\"},\"datePublished\":\"2021-04-12T11:38:20+00:00\",\"dateModified\":\"2021-04-12T11:39:59+00:00\",\"breadcrumb\":{\"@id\":\"https:\/\/departamento.us.es\/dcefus\/requisitos-de-acceso\/#breadcrumb\"},\"inLanguage\":\"es\",\"potentialAction\":[{\"@type\":\"ReadAction\",\"target\":[\"https:\/\/departamento.us.es\/dcefus\/requisitos-de-acceso\/\"]}]},{\"@type\":\"BreadcrumbList\",\"@id\":\"https:\/\/departamento.us.es\/dcefus\/requisitos-de-acceso\/#breadcrumb\",\"itemListElement\":[{\"@type\":\"ListItem\",\"position\":1,\"name\":\"Portada\",\"item\":\"https:\/\/departamento.us.es\/dcefus\/\"},{\"@type\":\"ListItem\",\"position\":2,\"name\":\"Requisitos de Acceso\"}]},{\"@type\":\"WebSite\",\"@id\":\"https:\/\/departamento.us.es\/dcefus\/#website\",\"url\":\"https:\/\/departamento.us.es\/dcefus\/\",\"name\":\"Departamento de Contabilidad y Econom\u00eda Financiera de La Universidad de Sevilla\",\"description\":\"Facultad de Ciencias Econ\u00f3micas y Empresariales\",\"publisher\":{\"@id\":\"https:\/\/departamento.us.es\/dcefus\/#organization\"},\"potentialAction\":[{\"@type\":\"SearchAction\",\"target\":{\"@type\":\"EntryPoint\",\"urlTemplate\":\"https:\/\/departamento.us.es\/dcefus\/?s={search_term_string}\"},\"query-input\":{\"@type\":\"PropertyValueSpecification\",\"valueRequired\":true,\"valueName\":\"search_term_string\"}}],\"inLanguage\":\"es\"},{\"@type\":\"Organization\",\"@id\":\"https:\/\/departamento.us.es\/dcefus\/#organization\",\"name\":\"Departamento de Contabilidad y Econom\u00eda Financiera de La Universidad de Sevilla\",\"url\":\"https:\/\/departamento.us.es\/dcefus\/\",\"logo\":{\"@type\":\"ImageObject\",\"inLanguage\":\"es\",\"@id\":\"https:\/\/departamento.us.es\/dcefus\/#\/schema\/logo\/image\/\",\"url\":\"https:\/\/departamento.us.es\/dcefus\/wp-content\/uploads\/2021\/03\/Logo-CEF1.png\",\"contentUrl\":\"https:\/\/departamento.us.es\/dcefus\/wp-content\/uploads\/2021\/03\/Logo-CEF1.png\",\"width\":482,\"height\":195,\"caption\":\"Departamento de Contabilidad y Econom\u00eda Financiera de La Universidad de Sevilla\"},\"image\":{\"@id\":\"https:\/\/departamento.us.es\/dcefus\/#\/schema\/logo\/image\/\"},\"sameAs\":[\"https:\/\/www.linkedin.com\/company\/dcefus\"]},{\"@type\":\"Person\",\"@id\":\"https:\/\/departamento.us.es\/dcefus\/#\/schema\/person\/5d15b6ed907422b608e394f89be7b4a0\",\"name\":\"dartigas\",\"image\":{\"@type\":\"ImageObject\",\"inLanguage\":\"es\",\"@id\":\"https:\/\/departamento.us.es\/dcefus\/#\/schema\/person\/image\/\",\"url\":\"https:\/\/secure.gravatar.com\/avatar\/2ef85687ff0d3d82be312d59cb72f849b0e166ba82ad9eede91d680525fa2f7b?s=96&d=mm&r=g\",\"contentUrl\":\"https:\/\/secure.gravatar.com\/avatar\/2ef85687ff0d3d82be312d59cb72f849b0e166ba82ad9eede91d680525fa2f7b?s=96&d=mm&r=g\",\"caption\":\"dartigas\"},\"sameAs\":[\"https:\/\/departamento.us.es\/dcefus\"],\"url\":\"https:\/\/departamento.us.es\/dcefus\/author\/dartigas\/\"}]}<\/script>\n<!-- \/ Yoast SEO plugin. -->","yoast_head_json":{"title":"Requisitos de Acceso - Departamento de Contabilidad y Econom\u00eda Financiera de La Universidad de Sevilla","robots":{"index":"index","follow":"follow","max-snippet":"max-snippet:-1","max-image-preview":"max-image-preview:large","max-video-preview":"max-video-preview:-1"},"canonical":"https:\/\/departamento.us.es\/dcefus\/requisitos-de-acceso\/","og_locale":"es_ES","og_type":"article","og_title":"Requisitos de Acceso - Departamento de Contabilidad y Econom\u00eda Financiera de La Universidad de Sevilla","og_description":"Sistemas de informaci\u00f3n preuniversitarios \u00a0 El perfil de ingreso son estudiantes de grado (o licenciados) que ya hayan recibido una","og_url":"https:\/\/departamento.us.es\/dcefus\/requisitos-de-acceso\/","og_site_name":"Departamento de Contabilidad y Econom\u00eda Financiera de La Universidad de Sevilla","article_published_time":"2021-04-12T11:38:20+00:00","article_modified_time":"2021-04-12T11:39:59+00:00","author":"dartigas","twitter_card":"summary_large_image","twitter_misc":{"Escrito por":"dartigas","Tiempo de lectura":"2 minutos"},"schema":{"@context":"https:\/\/schema.org","@graph":[{"@type":"Article","@id":"https:\/\/departamento.us.es\/dcefus\/requisitos-de-acceso\/#article","isPartOf":{"@id":"https:\/\/departamento.us.es\/dcefus\/requisitos-de-acceso\/"},"author":{"name":"dartigas","@id":"https:\/\/departamento.us.es\/dcefus\/#\/schema\/person\/5d15b6ed907422b608e394f89be7b4a0"},"headline":"Requisitos de Acceso","datePublished":"2021-04-12T11:38:20+00:00","dateModified":"2021-04-12T11:39:59+00:00","mainEntityOfPage":{"@id":"https:\/\/departamento.us.es\/dcefus\/requisitos-de-acceso\/"},"wordCount":430,"publisher":{"@id":"https:\/\/departamento.us.es\/dcefus\/#organization"},"articleSection":["MACS"],"inLanguage":"es"},{"@type":"WebPage","@id":"https:\/\/departamento.us.es\/dcefus\/requisitos-de-acceso\/","url":"https:\/\/departamento.us.es\/dcefus\/requisitos-de-acceso\/","name":"Requisitos de Acceso - Departamento de Contabilidad y Econom\u00eda Financiera de La Universidad de Sevilla","isPartOf":{"@id":"https:\/\/departamento.us.es\/dcefus\/#website"},"datePublished":"2021-04-12T11:38:20+00:00","dateModified":"2021-04-12T11:39:59+00:00","breadcrumb":{"@id":"https:\/\/departamento.us.es\/dcefus\/requisitos-de-acceso\/#breadcrumb"},"inLanguage":"es","potentialAction":[{"@type":"ReadAction","target":["https:\/\/departamento.us.es\/dcefus\/requisitos-de-acceso\/"]}]},{"@type":"BreadcrumbList","@id":"https:\/\/departamento.us.es\/dcefus\/requisitos-de-acceso\/#breadcrumb","itemListElement":[{"@type":"ListItem","position":1,"name":"Portada","item":"https:\/\/departamento.us.es\/dcefus\/"},{"@type":"ListItem","position":2,"name":"Requisitos de Acceso"}]},{"@type":"WebSite","@id":"https:\/\/departamento.us.es\/dcefus\/#website","url":"https:\/\/departamento.us.es\/dcefus\/","name":"Departamento de Contabilidad y Econom\u00eda Financiera de La Universidad de Sevilla","description":"Facultad de Ciencias Econ\u00f3micas y Empresariales","publisher":{"@id":"https:\/\/departamento.us.es\/dcefus\/#organization"},"potentialAction":[{"@type":"SearchAction","target":{"@type":"EntryPoint","urlTemplate":"https:\/\/departamento.us.es\/dcefus\/?s={search_term_string}"},"query-input":{"@type":"PropertyValueSpecification","valueRequired":true,"valueName":"search_term_string"}}],"inLanguage":"es"},{"@type":"Organization","@id":"https:\/\/departamento.us.es\/dcefus\/#organization","name":"Departamento de Contabilidad y Econom\u00eda Financiera de La Universidad de Sevilla","url":"https:\/\/departamento.us.es\/dcefus\/","logo":{"@type":"ImageObject","inLanguage":"es","@id":"https:\/\/departamento.us.es\/dcefus\/#\/schema\/logo\/image\/","url":"https:\/\/departamento.us.es\/dcefus\/wp-content\/uploads\/2021\/03\/Logo-CEF1.png","contentUrl":"https:\/\/departamento.us.es\/dcefus\/wp-content\/uploads\/2021\/03\/Logo-CEF1.png","width":482,"height":195,"caption":"Departamento de Contabilidad y Econom\u00eda Financiera de La Universidad de Sevilla"},"image":{"@id":"https:\/\/departamento.us.es\/dcefus\/#\/schema\/logo\/image\/"},"sameAs":["https:\/\/www.linkedin.com\/company\/dcefus"]},{"@type":"Person","@id":"https:\/\/departamento.us.es\/dcefus\/#\/schema\/person\/5d15b6ed907422b608e394f89be7b4a0","name":"dartigas","image":{"@type":"ImageObject","inLanguage":"es","@id":"https:\/\/departamento.us.es\/dcefus\/#\/schema\/person\/image\/","url":"https:\/\/secure.gravatar.com\/avatar\/2ef85687ff0d3d82be312d59cb72f849b0e166ba82ad9eede91d680525fa2f7b?s=96&d=mm&r=g","contentUrl":"https:\/\/secure.gravatar.com\/avatar\/2ef85687ff0d3d82be312d59cb72f849b0e166ba82ad9eede91d680525fa2f7b?s=96&d=mm&r=g","caption":"dartigas"},"sameAs":["https:\/\/departamento.us.es\/dcefus"],"url":"https:\/\/departamento.us.es\/dcefus\/author\/dartigas\/"}]}},"_links":{"self":[{"href":"https:\/\/departamento.us.es\/dcefus\/wp-json\/wp\/v2\/posts\/646","targetHints":{"allow":["GET"]}}],"collection":[{"href":"https:\/\/departamento.us.es\/dcefus\/wp-json\/wp\/v2\/posts"}],"about":[{"href":"https:\/\/departamento.us.es\/dcefus\/wp-json\/wp\/v2\/types\/post"}],"author":[{"embeddable":true,"href":"https:\/\/departamento.us.es\/dcefus\/wp-json\/wp\/v2\/users\/1"}],"replies":[{"embeddable":true,"href":"https:\/\/departamento.us.es\/dcefus\/wp-json\/wp\/v2\/comments?post=646"}],"version-history":[{"count":0,"href":"https:\/\/departamento.us.es\/dcefus\/wp-json\/wp\/v2\/posts\/646\/revisions"}],"wp:attachment":[{"href":"https:\/\/departamento.us.es\/dcefus\/wp-json\/wp\/v2\/media?parent=646"}],"wp:term":[{"taxonomy":"category","embeddable":true,"href":"https:\/\/departamento.us.es\/dcefus\/wp-json\/wp\/v2\/categories?post=646"},{"taxonomy":"post_tag","embeddable":true,"href":"https:\/\/departamento.us.es\/dcefus\/wp-json\/wp\/v2\/tags?post=646"}],"curies":[{"name":"wp","href":"https:\/\/api.w.org\/{rel}","templated":true}]}}