{"id":651,"date":"2021-04-12T11:41:50","date_gmt":"2021-04-12T11:41:50","guid":{"rendered":"https:\/\/departamento.us.es\/dcefus\/?p=651"},"modified":"2021-04-16T09:24:08","modified_gmt":"2021-04-16T09:24:08","slug":"preinscripcion-y-matricula","status":"publish","type":"post","link":"https:\/\/departamento.us.es\/dcefus\/preinscripcion-y-matricula\/","title":{"rendered":"Preinscripci\u00f3n y Matr\u00edcula"},"content":{"rendered":"\t\t<div data-elementor-type=\"wp-post\" data-elementor-id=\"651\" class=\"elementor elementor-651\" data-elementor-post-type=\"post\">\n\t\t\t\t\t\t<section class=\"elementor-section elementor-top-section elementor-element elementor-element-38bb545 elementor-section-boxed elementor-section-height-default elementor-section-height-default elementor-invisible\" data-id=\"38bb545\" data-element_type=\"section\" data-settings=\"{&quot;animation&quot;:&quot;fadeIn&quot;}\">\n\t\t\t\t\t\t<div class=\"elementor-container elementor-column-gap-default\">\n\t\t\t\t\t<div class=\"elementor-column elementor-col-50 elementor-top-column elementor-element elementor-element-d7a3f7c\" data-id=\"d7a3f7c\" data-element_type=\"column\" data-settings=\"{&quot;background_background&quot;:&quot;classic&quot;}\">\n\t\t\t<div class=\"elementor-widget-wrap elementor-element-populated\">\n\t\t\t\t\t\t<div class=\"elementor-element elementor-element-19da618 elementor-widget elementor-widget-heading\" data-id=\"19da618\" data-element_type=\"widget\" data-widget_type=\"heading.default\">\n\t\t\t\t<div class=\"elementor-widget-container\">\n\t\t\t\t\t<h3 class=\"elementor-heading-title elementor-size-default\">Soy un estudiante de Nuevo Ingreso<\/h3>\t\t\t\t<\/div>\n\t\t\t\t<\/div>\n\t\t\t\t<div class=\"elementor-element elementor-element-a738cb9 elementor-widget elementor-widget-text-editor\" data-id=\"a738cb9\" data-element_type=\"widget\" data-widget_type=\"text-editor.default\">\n\t\t\t\t<div class=\"elementor-widget-container\">\n\t\t\t\t\t\t\t\t\t<div><div><strong><span class=\"fs12\">Preinscripci\u00f3n<\/span><\/strong><\/div><\/div><div><div><span class=\"fs11\">La preinscripci\u00f3n, o solicitud de admisi\u00f3n al M\u00e1ster, es la etapa previa a la matr\u00edcula. Se realiza exclusivamente online.<\/span><\/div><div><span class=\"fs11\">\u00a0<\/span><\/div><div><strong><span class=\"fs12\">Matr\u00edcula<\/span><\/strong><\/div><div><span class=\"fs11\">Debe realizarla exclusivamente online, una vez reciba por escrito su admisi\u00f3n al M\u00e1ster.<\/span><\/div><div><span class=\"fs11\">\u00a0<\/span><\/div><div><strong><span class=\"fs12\">Pago<\/span><\/strong><\/div><div><span class=\"fs11\">Finalizada la matr\u00edcula online, obtendr\u00e1 una carta de pago cuyo importe deber\u00e1 abonar en el plazo indicado en la misma.<\/span><\/div><\/div>\t\t\t\t\t\t\t\t<\/div>\n\t\t\t\t<\/div>\n\t\t\t\t\t<\/div>\n\t\t<\/div>\n\t\t\t\t<div class=\"elementor-column elementor-col-50 elementor-top-column elementor-element elementor-element-0a815fc\" data-id=\"0a815fc\" data-element_type=\"column\" data-settings=\"{&quot;background_background&quot;:&quot;classic&quot;}\">\n\t\t\t<div class=\"elementor-widget-wrap elementor-element-populated\">\n\t\t\t\t\t\t<div class=\"elementor-element elementor-element-cd119ee elementor-widget elementor-widget-heading\" data-id=\"cd119ee\" data-element_type=\"widget\" data-widget_type=\"heading.default\">\n\t\t\t\t<div class=\"elementor-widget-container\">\n\t\t\t\t\t<h3 class=\"elementor-heading-title elementor-size-default\">Quiero matricularme en segundo curso o tengo asignaturas pendientes<\/h3>\t\t\t\t<\/div>\n\t\t\t\t<\/div>\n\t\t\t\t<div class=\"elementor-element elementor-element-a71015e elementor-widget elementor-widget-text-editor\" data-id=\"a71015e\" data-element_type=\"widget\" data-widget_type=\"text-editor.default\">\n\t\t\t\t<div class=\"elementor-widget-container\">\n\t\t\t\t\t\t\t\t\t<div><strong><span class=\"fs12\">Matr\u00edcula<\/span><\/strong><\/div><div><span class=\"fs11\">Se realiza de forma online. No se requiere preinscripci\u00f3n previa.<\/span><\/div><div><span class=\"fs11\">\u00a0<\/span><\/div><div><strong><span class=\"fs12\">Pago<\/span><\/strong><\/div><div><span class=\"fs11\">Una vez formalizada su matr\u00edcula en el CAT, se le facilitar\u00e1 una carta de pago cuyo importe deber\u00e1 abonar en el plazo indicado en la misma.<\/span><\/div>\t\t\t\t\t\t\t\t<\/div>\n\t\t\t\t<\/div>\n\t\t\t\t\t<\/div>\n\t\t<\/div>\n\t\t\t\t\t<\/div>\n\t\t<\/section>\n\t\t\t\t<section class=\"elementor-section elementor-top-section elementor-element elementor-element-2590e7a elementor-section-boxed elementor-section-height-default elementor-section-height-default elementor-invisible\" data-id=\"2590e7a\" data-element_type=\"section\" data-settings=\"{&quot;animation&quot;:&quot;fadeInRight&quot;}\">\n\t\t\t\t\t\t<div class=\"elementor-container elementor-column-gap-default\">\n\t\t\t\t\t<div class=\"elementor-column elementor-col-100 elementor-top-column elementor-element elementor-element-f05d4de\" data-id=\"f05d4de\" data-element_type=\"column\">\n\t\t\t<div class=\"elementor-widget-wrap elementor-element-populated\">\n\t\t\t\t\t\t<div class=\"elementor-element elementor-element-3326758 elementor-position-top elementor-widget elementor-widget-image-box\" data-id=\"3326758\" data-element_type=\"widget\" data-settings=\"{&quot;_animation&quot;:&quot;none&quot;}\" data-widget_type=\"image-box.default\">\n\t\t\t\t<div class=\"elementor-widget-container\">\n\t\t\t\t\t<div class=\"elementor-image-box-wrapper\"><figure class=\"elementor-image-box-img\"><a href=\"https:\/\/www.juntadeandalucia.es\/economiaconocimientoempresasyuniversidad\/sguit\/?q=masteres\" target=\"_blank\" tabindex=\"-1\"><img decoding=\"async\" width=\"100\" height=\"75\" src=\"https:\/\/departamento.us.es\/dcefus\/wp-content\/uploads\/2021\/04\/logoDua.png\" class=\"attachment-full size-full wp-image-1408\" alt=\"\" \/><\/a><\/figure><div class=\"elementor-image-box-content\"><h3 class=\"elementor-image-box-title\"><a href=\"https:\/\/www.juntadeandalucia.es\/economiaconocimientoempresasyuniversidad\/sguit\/?q=masteres\" target=\"_blank\">Distrito \u00danico Andaluz<\/a><\/h3><p class=\"elementor-image-box-description\">Acceso a la Universidad: Requisitos de acceso y admisi\u00f3n, fechas, normativa...<\/p><\/div><\/div>\t\t\t\t<\/div>\n\t\t\t\t<\/div>\n\t\t\t\t\t<\/div>\n\t\t<\/div>\n\t\t\t\t\t<\/div>\n\t\t<\/section>\n\t\t\t\t<\/div>\n\t\t","protected":false},"excerpt":{"rendered":"<p>Soy un estudiante de Nuevo Ingreso Preinscripci\u00f3nLa preinscripci\u00f3n, o solicitud de admisi\u00f3n al M\u00e1ster, es la etapa previa a la<\/p>\n","protected":false},"author":1,"featured_media":0,"comment_status":"closed","ping_status":"open","sticky":false,"template":"","format":"standard","meta":{"colormag_page_container_layout":"default_layout","colormag_page_sidebar_layout":"default_layout","_monsterinsights_skip_tracking":false,"_monsterinsights_sitenote_active":false,"_monsterinsights_sitenote_note":"","_monsterinsights_sitenote_category":0,"footnotes":""},"categories":[9],"tags":[],"class_list":["post-651","post","type-post","status-publish","format-standard","hentry","category-macs"],"yoast_head":"<!-- This site is optimized with the Yoast SEO plugin v26.7 - https:\/\/yoast.com\/wordpress\/plugins\/seo\/ -->\n<title>Preinscripci\u00f3n y Matr\u00edcula - Departamento de Contabilidad y Econom\u00eda Financiera de La Universidad de Sevilla<\/title>\n<meta name=\"robots\" content=\"index, follow, max-snippet:-1, max-image-preview:large, max-video-preview:-1\" \/>\n<link rel=\"canonical\" href=\"https:\/\/departamento.us.es\/dcefus\/preinscripcion-y-matricula\/\" \/>\n<meta property=\"og:locale\" content=\"es_ES\" \/>\n<meta property=\"og:type\" content=\"article\" \/>\n<meta property=\"og:title\" content=\"Preinscripci\u00f3n y Matr\u00edcula - Departamento de Contabilidad y Econom\u00eda Financiera de La Universidad de Sevilla\" \/>\n<meta property=\"og:description\" content=\"Soy un estudiante de Nuevo Ingreso Preinscripci\u00f3nLa preinscripci\u00f3n, o solicitud de admisi\u00f3n al M\u00e1ster, es la etapa previa a la\" \/>\n<meta property=\"og:url\" content=\"https:\/\/departamento.us.es\/dcefus\/preinscripcion-y-matricula\/\" \/>\n<meta property=\"og:site_name\" content=\"Departamento de Contabilidad y Econom\u00eda Financiera de La Universidad de Sevilla\" \/>\n<meta property=\"article:published_time\" content=\"2021-04-12T11:41:50+00:00\" \/>\n<meta property=\"article:modified_time\" content=\"2021-04-16T09:24:08+00:00\" \/>\n<meta property=\"og:image\" content=\"https:\/\/departamento.us.es\/dcefus\/wp-content\/uploads\/2021\/04\/logoDua.png\" \/>\n<meta name=\"author\" content=\"dartigas\" \/>\n<meta name=\"twitter:card\" content=\"summary_large_image\" \/>\n<meta name=\"twitter:label1\" content=\"Escrito por\" \/>\n\t<meta name=\"twitter:data1\" content=\"dartigas\" \/>\n\t<meta name=\"twitter:label2\" content=\"Tiempo de lectura\" \/>\n\t<meta name=\"twitter:data2\" content=\"1 minuto\" \/>\n<script type=\"application\/ld+json\" class=\"yoast-schema-graph\">{\"@context\":\"https:\/\/schema.org\",\"@graph\":[{\"@type\":\"Article\",\"@id\":\"https:\/\/departamento.us.es\/dcefus\/preinscripcion-y-matricula\/#article\",\"isPartOf\":{\"@id\":\"https:\/\/departamento.us.es\/dcefus\/preinscripcion-y-matricula\/\"},\"author\":{\"name\":\"dartigas\",\"@id\":\"https:\/\/departamento.us.es\/dcefus\/#\/schema\/person\/5d15b6ed907422b608e394f89be7b4a0\"},\"headline\":\"Preinscripci\u00f3n y Matr\u00edcula\",\"datePublished\":\"2021-04-12T11:41:50+00:00\",\"dateModified\":\"2021-04-16T09:24:08+00:00\",\"mainEntityOfPage\":{\"@id\":\"https:\/\/departamento.us.es\/dcefus\/preinscripcion-y-matricula\/\"},\"wordCount\":135,\"publisher\":{\"@id\":\"https:\/\/departamento.us.es\/dcefus\/#organization\"},\"image\":{\"@id\":\"https:\/\/departamento.us.es\/dcefus\/preinscripcion-y-matricula\/#primaryimage\"},\"thumbnailUrl\":\"https:\/\/departamento.us.es\/dcefus\/wp-content\/uploads\/2021\/04\/logoDua.png\",\"articleSection\":[\"MACS\"],\"inLanguage\":\"es\"},{\"@type\":\"WebPage\",\"@id\":\"https:\/\/departamento.us.es\/dcefus\/preinscripcion-y-matricula\/\",\"url\":\"https:\/\/departamento.us.es\/dcefus\/preinscripcion-y-matricula\/\",\"name\":\"Preinscripci\u00f3n y Matr\u00edcula - Departamento de Contabilidad y Econom\u00eda Financiera de La Universidad de Sevilla\",\"isPartOf\":{\"@id\":\"https:\/\/departamento.us.es\/dcefus\/#website\"},\"primaryImageOfPage\":{\"@id\":\"https:\/\/departamento.us.es\/dcefus\/preinscripcion-y-matricula\/#primaryimage\"},\"image\":{\"@id\":\"https:\/\/departamento.us.es\/dcefus\/preinscripcion-y-matricula\/#primaryimage\"},\"thumbnailUrl\":\"https:\/\/departamento.us.es\/dcefus\/wp-content\/uploads\/2021\/04\/logoDua.png\",\"datePublished\":\"2021-04-12T11:41:50+00:00\",\"dateModified\":\"2021-04-16T09:24:08+00:00\",\"breadcrumb\":{\"@id\":\"https:\/\/departamento.us.es\/dcefus\/preinscripcion-y-matricula\/#breadcrumb\"},\"inLanguage\":\"es\",\"potentialAction\":[{\"@type\":\"ReadAction\",\"target\":[\"https:\/\/departamento.us.es\/dcefus\/preinscripcion-y-matricula\/\"]}]},{\"@type\":\"ImageObject\",\"inLanguage\":\"es\",\"@id\":\"https:\/\/departamento.us.es\/dcefus\/preinscripcion-y-matricula\/#primaryimage\",\"url\":\"https:\/\/departamento.us.es\/dcefus\/wp-content\/uploads\/2021\/04\/logoDua.png\",\"contentUrl\":\"https:\/\/departamento.us.es\/dcefus\/wp-content\/uploads\/2021\/04\/logoDua.png\",\"width\":100,\"height\":75},{\"@type\":\"BreadcrumbList\",\"@id\":\"https:\/\/departamento.us.es\/dcefus\/preinscripcion-y-matricula\/#breadcrumb\",\"itemListElement\":[{\"@type\":\"ListItem\",\"position\":1,\"name\":\"Portada\",\"item\":\"https:\/\/departamento.us.es\/dcefus\/\"},{\"@type\":\"ListItem\",\"position\":2,\"name\":\"Preinscripci\u00f3n y Matr\u00edcula\"}]},{\"@type\":\"WebSite\",\"@id\":\"https:\/\/departamento.us.es\/dcefus\/#website\",\"url\":\"https:\/\/departamento.us.es\/dcefus\/\",\"name\":\"Departamento de Contabilidad y Econom\u00eda Financiera de La Universidad de Sevilla\",\"description\":\"Facultad de Ciencias Econ\u00f3micas y Empresariales\",\"publisher\":{\"@id\":\"https:\/\/departamento.us.es\/dcefus\/#organization\"},\"potentialAction\":[{\"@type\":\"SearchAction\",\"target\":{\"@type\":\"EntryPoint\",\"urlTemplate\":\"https:\/\/departamento.us.es\/dcefus\/?s={search_term_string}\"},\"query-input\":{\"@type\":\"PropertyValueSpecification\",\"valueRequired\":true,\"valueName\":\"search_term_string\"}}],\"inLanguage\":\"es\"},{\"@type\":\"Organization\",\"@id\":\"https:\/\/departamento.us.es\/dcefus\/#organization\",\"name\":\"Departamento de Contabilidad y Econom\u00eda Financiera de La Universidad de Sevilla\",\"url\":\"https:\/\/departamento.us.es\/dcefus\/\",\"logo\":{\"@type\":\"ImageObject\",\"inLanguage\":\"es\",\"@id\":\"https:\/\/departamento.us.es\/dcefus\/#\/schema\/logo\/image\/\",\"url\":\"https:\/\/departamento.us.es\/dcefus\/wp-content\/uploads\/2021\/03\/Logo-CEF1.png\",\"contentUrl\":\"https:\/\/departamento.us.es\/dcefus\/wp-content\/uploads\/2021\/03\/Logo-CEF1.png\",\"width\":482,\"height\":195,\"caption\":\"Departamento de Contabilidad y Econom\u00eda Financiera de La Universidad de Sevilla\"},\"image\":{\"@id\":\"https:\/\/departamento.us.es\/dcefus\/#\/schema\/logo\/image\/\"},\"sameAs\":[\"https:\/\/www.linkedin.com\/company\/dcefus\"]},{\"@type\":\"Person\",\"@id\":\"https:\/\/departamento.us.es\/dcefus\/#\/schema\/person\/5d15b6ed907422b608e394f89be7b4a0\",\"name\":\"dartigas\",\"image\":{\"@type\":\"ImageObject\",\"inLanguage\":\"es\",\"@id\":\"https:\/\/departamento.us.es\/dcefus\/#\/schema\/person\/image\/\",\"url\":\"https:\/\/secure.gravatar.com\/avatar\/2ef85687ff0d3d82be312d59cb72f849b0e166ba82ad9eede91d680525fa2f7b?s=96&d=mm&r=g\",\"contentUrl\":\"https:\/\/secure.gravatar.com\/avatar\/2ef85687ff0d3d82be312d59cb72f849b0e166ba82ad9eede91d680525fa2f7b?s=96&d=mm&r=g\",\"caption\":\"dartigas\"},\"sameAs\":[\"https:\/\/departamento.us.es\/dcefus\"],\"url\":\"https:\/\/departamento.us.es\/dcefus\/author\/dartigas\/\"}]}<\/script>\n<!-- \/ Yoast SEO plugin. -->","yoast_head_json":{"title":"Preinscripci\u00f3n y Matr\u00edcula - Departamento de Contabilidad y Econom\u00eda Financiera de La Universidad de Sevilla","robots":{"index":"index","follow":"follow","max-snippet":"max-snippet:-1","max-image-preview":"max-image-preview:large","max-video-preview":"max-video-preview:-1"},"canonical":"https:\/\/departamento.us.es\/dcefus\/preinscripcion-y-matricula\/","og_locale":"es_ES","og_type":"article","og_title":"Preinscripci\u00f3n y Matr\u00edcula - Departamento de Contabilidad y Econom\u00eda Financiera de La Universidad de Sevilla","og_description":"Soy un estudiante de Nuevo Ingreso Preinscripci\u00f3nLa preinscripci\u00f3n, o solicitud de admisi\u00f3n al M\u00e1ster, es la etapa previa a la","og_url":"https:\/\/departamento.us.es\/dcefus\/preinscripcion-y-matricula\/","og_site_name":"Departamento de Contabilidad y Econom\u00eda Financiera de La Universidad de Sevilla","article_published_time":"2021-04-12T11:41:50+00:00","article_modified_time":"2021-04-16T09:24:08+00:00","og_image":[{"url":"https:\/\/departamento.us.es\/dcefus\/wp-content\/uploads\/2021\/04\/logoDua.png","type":"","width":"","height":""}],"author":"dartigas","twitter_card":"summary_large_image","twitter_misc":{"Escrito por":"dartigas","Tiempo de lectura":"1 minuto"},"schema":{"@context":"https:\/\/schema.org","@graph":[{"@type":"Article","@id":"https:\/\/departamento.us.es\/dcefus\/preinscripcion-y-matricula\/#article","isPartOf":{"@id":"https:\/\/departamento.us.es\/dcefus\/preinscripcion-y-matricula\/"},"author":{"name":"dartigas","@id":"https:\/\/departamento.us.es\/dcefus\/#\/schema\/person\/5d15b6ed907422b608e394f89be7b4a0"},"headline":"Preinscripci\u00f3n y Matr\u00edcula","datePublished":"2021-04-12T11:41:50+00:00","dateModified":"2021-04-16T09:24:08+00:00","mainEntityOfPage":{"@id":"https:\/\/departamento.us.es\/dcefus\/preinscripcion-y-matricula\/"},"wordCount":135,"publisher":{"@id":"https:\/\/departamento.us.es\/dcefus\/#organization"},"image":{"@id":"https:\/\/departamento.us.es\/dcefus\/preinscripcion-y-matricula\/#primaryimage"},"thumbnailUrl":"https:\/\/departamento.us.es\/dcefus\/wp-content\/uploads\/2021\/04\/logoDua.png","articleSection":["MACS"],"inLanguage":"es"},{"@type":"WebPage","@id":"https:\/\/departamento.us.es\/dcefus\/preinscripcion-y-matricula\/","url":"https:\/\/departamento.us.es\/dcefus\/preinscripcion-y-matricula\/","name":"Preinscripci\u00f3n y Matr\u00edcula - Departamento de Contabilidad y Econom\u00eda Financiera de La Universidad de Sevilla","isPartOf":{"@id":"https:\/\/departamento.us.es\/dcefus\/#website"},"primaryImageOfPage":{"@id":"https:\/\/departamento.us.es\/dcefus\/preinscripcion-y-matricula\/#primaryimage"},"image":{"@id":"https:\/\/departamento.us.es\/dcefus\/preinscripcion-y-matricula\/#primaryimage"},"thumbnailUrl":"https:\/\/departamento.us.es\/dcefus\/wp-content\/uploads\/2021\/04\/logoDua.png","datePublished":"2021-04-12T11:41:50+00:00","dateModified":"2021-04-16T09:24:08+00:00","breadcrumb":{"@id":"https:\/\/departamento.us.es\/dcefus\/preinscripcion-y-matricula\/#breadcrumb"},"inLanguage":"es","potentialAction":[{"@type":"ReadAction","target":["https:\/\/departamento.us.es\/dcefus\/preinscripcion-y-matricula\/"]}]},{"@type":"ImageObject","inLanguage":"es","@id":"https:\/\/departamento.us.es\/dcefus\/preinscripcion-y-matricula\/#primaryimage","url":"https:\/\/departamento.us.es\/dcefus\/wp-content\/uploads\/2021\/04\/logoDua.png","contentUrl":"https:\/\/departamento.us.es\/dcefus\/wp-content\/uploads\/2021\/04\/logoDua.png","width":100,"height":75},{"@type":"BreadcrumbList","@id":"https:\/\/departamento.us.es\/dcefus\/preinscripcion-y-matricula\/#breadcrumb","itemListElement":[{"@type":"ListItem","position":1,"name":"Portada","item":"https:\/\/departamento.us.es\/dcefus\/"},{"@type":"ListItem","position":2,"name":"Preinscripci\u00f3n y Matr\u00edcula"}]},{"@type":"WebSite","@id":"https:\/\/departamento.us.es\/dcefus\/#website","url":"https:\/\/departamento.us.es\/dcefus\/","name":"Departamento de Contabilidad y Econom\u00eda Financiera de La Universidad de Sevilla","description":"Facultad de Ciencias Econ\u00f3micas y Empresariales","publisher":{"@id":"https:\/\/departamento.us.es\/dcefus\/#organization"},"potentialAction":[{"@type":"SearchAction","target":{"@type":"EntryPoint","urlTemplate":"https:\/\/departamento.us.es\/dcefus\/?s={search_term_string}"},"query-input":{"@type":"PropertyValueSpecification","valueRequired":true,"valueName":"search_term_string"}}],"inLanguage":"es"},{"@type":"Organization","@id":"https:\/\/departamento.us.es\/dcefus\/#organization","name":"Departamento de Contabilidad y Econom\u00eda Financiera de La Universidad de Sevilla","url":"https:\/\/departamento.us.es\/dcefus\/","logo":{"@type":"ImageObject","inLanguage":"es","@id":"https:\/\/departamento.us.es\/dcefus\/#\/schema\/logo\/image\/","url":"https:\/\/departamento.us.es\/dcefus\/wp-content\/uploads\/2021\/03\/Logo-CEF1.png","contentUrl":"https:\/\/departamento.us.es\/dcefus\/wp-content\/uploads\/2021\/03\/Logo-CEF1.png","width":482,"height":195,"caption":"Departamento de Contabilidad y Econom\u00eda Financiera de La Universidad de Sevilla"},"image":{"@id":"https:\/\/departamento.us.es\/dcefus\/#\/schema\/logo\/image\/"},"sameAs":["https:\/\/www.linkedin.com\/company\/dcefus"]},{"@type":"Person","@id":"https:\/\/departamento.us.es\/dcefus\/#\/schema\/person\/5d15b6ed907422b608e394f89be7b4a0","name":"dartigas","image":{"@type":"ImageObject","inLanguage":"es","@id":"https:\/\/departamento.us.es\/dcefus\/#\/schema\/person\/image\/","url":"https:\/\/secure.gravatar.com\/avatar\/2ef85687ff0d3d82be312d59cb72f849b0e166ba82ad9eede91d680525fa2f7b?s=96&d=mm&r=g","contentUrl":"https:\/\/secure.gravatar.com\/avatar\/2ef85687ff0d3d82be312d59cb72f849b0e166ba82ad9eede91d680525fa2f7b?s=96&d=mm&r=g","caption":"dartigas"},"sameAs":["https:\/\/departamento.us.es\/dcefus"],"url":"https:\/\/departamento.us.es\/dcefus\/author\/dartigas\/"}]}},"_links":{"self":[{"href":"https:\/\/departamento.us.es\/dcefus\/wp-json\/wp\/v2\/posts\/651","targetHints":{"allow":["GET"]}}],"collection":[{"href":"https:\/\/departamento.us.es\/dcefus\/wp-json\/wp\/v2\/posts"}],"about":[{"href":"https:\/\/departamento.us.es\/dcefus\/wp-json\/wp\/v2\/types\/post"}],"author":[{"embeddable":true,"href":"https:\/\/departamento.us.es\/dcefus\/wp-json\/wp\/v2\/users\/1"}],"replies":[{"embeddable":true,"href":"https:\/\/departamento.us.es\/dcefus\/wp-json\/wp\/v2\/comments?post=651"}],"version-history":[{"count":0,"href":"https:\/\/departamento.us.es\/dcefus\/wp-json\/wp\/v2\/posts\/651\/revisions"}],"wp:attachment":[{"href":"https:\/\/departamento.us.es\/dcefus\/wp-json\/wp\/v2\/media?parent=651"}],"wp:term":[{"taxonomy":"category","embeddable":true,"href":"https:\/\/departamento.us.es\/dcefus\/wp-json\/wp\/v2\/categories?post=651"},{"taxonomy":"post_tag","embeddable":true,"href":"https:\/\/departamento.us.es\/dcefus\/wp-json\/wp\/v2\/tags?post=651"}],"curies":[{"name":"wp","href":"https:\/\/api.w.org\/{rel}","templated":true}]}}