{"id":707,"date":"2021-04-13T06:55:41","date_gmt":"2021-04-13T06:55:41","guid":{"rendered":"https:\/\/departamento.us.es\/dcefus\/?p=707"},"modified":"2021-04-13T07:30:06","modified_gmt":"2021-04-13T07:30:06","slug":"practicas-externas-y-trabajo-fin-de-master","status":"publish","type":"post","link":"https:\/\/departamento.us.es\/dcefus\/practicas-externas-y-trabajo-fin-de-master\/","title":{"rendered":"Pr\u00e1cticas Externas y Trabajo Fin de M\u00e1ster"},"content":{"rendered":"\t\t<div data-elementor-type=\"wp-post\" data-elementor-id=\"707\" class=\"elementor elementor-707\" data-elementor-post-type=\"post\">\n\t\t\t\t\t\t<section class=\"elementor-section elementor-top-section elementor-element elementor-element-e787c17 elementor-section-full_width elementor-section-stretched elementor-section-height-default elementor-section-height-default\" data-id=\"e787c17\" data-element_type=\"section\" data-settings=\"{&quot;stretch_section&quot;:&quot;section-stretched&quot;}\">\n\t\t\t\t\t\t<div class=\"elementor-container elementor-column-gap-default\">\n\t\t\t\t\t<div class=\"elementor-column elementor-col-100 elementor-top-column elementor-element elementor-element-f6d0049\" data-id=\"f6d0049\" data-element_type=\"column\">\n\t\t\t<div class=\"elementor-widget-wrap elementor-element-populated\">\n\t\t\t\t\t\t<div class=\"elementor-element elementor-element-759fa2c elementor-widget elementor-widget-heading\" data-id=\"759fa2c\" data-element_type=\"widget\" data-widget_type=\"heading.default\">\n\t\t\t\t<div class=\"elementor-widget-container\">\n\t\t\t\t\t<h2 class=\"elementor-heading-title elementor-size-default\">Pr\u00e1cticas Externas<\/h2>\t\t\t\t<\/div>\n\t\t\t\t<\/div>\n\t\t\t\t\t<\/div>\n\t\t<\/div>\n\t\t\t\t\t<\/div>\n\t\t<\/section>\n\t\t\t\t<section class=\"elementor-section elementor-top-section elementor-element elementor-element-c9f92df elementor-section-boxed elementor-section-height-default elementor-section-height-default\" data-id=\"c9f92df\" data-element_type=\"section\">\n\t\t\t\t\t\t<div class=\"elementor-container elementor-column-gap-default\">\n\t\t\t\t\t<div class=\"elementor-column elementor-col-50 elementor-top-column elementor-element elementor-element-19c80a1\" data-id=\"19c80a1\" data-element_type=\"column\" data-settings=\"{&quot;background_background&quot;:&quot;classic&quot;}\">\n\t\t\t<div class=\"elementor-widget-wrap elementor-element-populated\">\n\t\t\t\t\t\t<div class=\"elementor-element elementor-element-85756be elementor-widget elementor-widget-heading\" data-id=\"85756be\" data-element_type=\"widget\" data-widget_type=\"heading.default\">\n\t\t\t\t<div class=\"elementor-widget-container\">\n\t\t\t\t\t<h3 class=\"elementor-heading-title elementor-size-default\">CURRICULARES<\/h3>\t\t\t\t<\/div>\n\t\t\t\t<\/div>\n\t\t\t\t<div class=\"elementor-element elementor-element-c4986bb elementor-widget elementor-widget-heading\" data-id=\"c4986bb\" data-element_type=\"widget\" data-widget_type=\"heading.default\">\n\t\t\t\t<div class=\"elementor-widget-container\">\n\t\t\t\t\t<h4 class=\"elementor-heading-title elementor-size-default\">Descripci\u00f3n del Pr\u00e1cticum<\/h4>\t\t\t\t<\/div>\n\t\t\t\t<\/div>\n\t\t\t\t<div class=\"elementor-element elementor-element-289e5dc elementor-widget elementor-widget-text-editor\" data-id=\"289e5dc\" data-element_type=\"widget\" data-widget_type=\"text-editor.default\">\n\t\t\t\t<div class=\"elementor-widget-container\">\n\t\t\t\t\t\t\t\t\t<div>Las pr\u00e1cticas son 18 cr\u00e9ditos OBLIGATORIOS y podr\u00e1n ser computables para el periodo m\u00ednimo de experiencia profesional requerido para el acceso al ROAC.<\/div><div>\u00a0<\/div><div>Este m\u00e1ster cuenta con m\u00e1s de medio centenar de empresas interesadas en acoger alumnos en pr\u00e1cticas de esta titulaci\u00f3n, en su gran mayor\u00eda firmas de auditor\u00eda con actividad a nivel internacional, nacional o regional.<\/div><div>\u00a0<\/div><div><div><b class=\"fs11\">\u00bfSe pueden hacer en otra Universidad espa\u00f1ola?<\/b><\/div><div><span class=\"fs11\">No<\/span><\/div><div>\u00a0<\/div><div><div><b><span class=\"fs11\">\u00bfConvenios ERASMUS para Universidades Extranjeras?<\/span><\/b><\/div><\/div><div><span class=\"fs11\">Si<\/span><\/div><\/div>\t\t\t\t\t\t\t\t<\/div>\n\t\t\t\t<\/div>\n\t\t\t\t\t<\/div>\n\t\t<\/div>\n\t\t\t\t<div class=\"elementor-column elementor-col-50 elementor-top-column elementor-element elementor-element-d5148a0\" data-id=\"d5148a0\" data-element_type=\"column\">\n\t\t\t<div class=\"elementor-widget-wrap elementor-element-populated\">\n\t\t\t\t\t\t<div class=\"elementor-element elementor-element-8350ece elementor-widget elementor-widget-heading\" data-id=\"8350ece\" data-element_type=\"widget\" data-widget_type=\"heading.default\">\n\t\t\t\t<div class=\"elementor-widget-container\">\n\t\t\t\t\t<h3 class=\"elementor-heading-title elementor-size-default\">EXTRACURRICULARES<\/h3>\t\t\t\t<\/div>\n\t\t\t\t<\/div>\n\t\t\t\t<div class=\"elementor-element elementor-element-c2637fb elementor-widget elementor-widget-heading\" data-id=\"c2637fb\" data-element_type=\"widget\" data-widget_type=\"heading.default\">\n\t\t\t\t<div class=\"elementor-widget-container\">\n\t\t\t\t\t<h4 class=\"elementor-heading-title elementor-size-default\">Descripci\u00f3n e inter\u00e9s de las mismas en la formaci\u00f3n del estudiante<\/h4>\t\t\t\t<\/div>\n\t\t\t\t<\/div>\n\t\t\t\t<div class=\"elementor-element elementor-element-0852aa9 elementor-widget elementor-widget-text-editor\" data-id=\"0852aa9\" data-element_type=\"widget\" data-widget_type=\"text-editor.default\">\n\t\t\t\t<div class=\"elementor-widget-container\">\n\t\t\t\t\t\t\t\t\t<div><span class=\"fs11\">La Universidad de Sevilla (US) ofrece a sus estudiantes y titulados la posibilidad de completar su formaci\u00f3n acad\u00e9mica y adquirir una experiencia profesional a trav\u00e9s de la realizaci\u00f3n de pr\u00e1cticas en empresas e instituciones.<\/span><\/div><div><span class=\"fs11\">\u00a0<\/span><\/div><div><span class=\"fs11\">Estas pr\u00e1cticas, no contempladas en el plan de estudios, son inmersiones profesionales en empresas o instituciones que tienen la finalidad de proporcionar:<\/span><\/div><div><span class=\"fs11\">\u00a0<\/span><\/div><div><span class=\"fs11\">&#8211; Un conocimiento m\u00e1s cercano del entorno laboral.<\/span><\/div><div><span class=\"fs11\">&#8211; El desarrollo de aptitudes y actitudes profesionales.<\/span><\/div><div><span class=\"fs11\">&#8211; La adquisici\u00f3n de h\u00e1bitos, pr\u00e1cticas y valores propios del mundo del trabajo.<\/span><\/div><div><span class=\"fs11\">\u00a0<\/span><\/div><div><span class=\"fs11\">Constituyen un importante complemento de la formaci\u00f3n acad\u00e9mica, un rodaje orientado a facilitar la posterior inserci\u00f3n laboral.<\/span><\/div><div><span class=\"fs11\">\u00a0<\/span><\/div><div><span class=\"fs11\">La gesti\u00f3n de los programas de pr\u00e1cticas de la US se desarrolla a trav\u00e9s del Secretariado de Pr\u00e1cticas en Empresa (SPEE) y sus Centros Universitarios.<\/span><\/div><div><span class=\"fs11\">\u00a0<\/span><\/div><div><b class=\"fs11\">\u00bfSe pueden hacer en otra Universidad espa\u00f1ola?<\/b><\/div><div><span class=\"fs11\">No<\/span><\/div><div><span class=\"fs11\">\u00a0<\/span><\/div><div><div><b><span class=\"fs11\">\u00bfConvenios ERASMUS para Universidades Extranjeras?<\/span><\/b><\/div><div><span class=\"fs11\">Si<\/span><\/div><\/div><div>\u00a0<\/div>\t\t\t\t\t\t\t\t<\/div>\n\t\t\t\t<\/div>\n\t\t\t\t\t<\/div>\n\t\t<\/div>\n\t\t\t\t\t<\/div>\n\t\t<\/section>\n\t\t\t\t<section class=\"elementor-section elementor-top-section elementor-element elementor-element-5e9b477 elementor-section-full_width elementor-section-stretched elementor-section-height-default elementor-section-height-default\" data-id=\"5e9b477\" data-element_type=\"section\" data-settings=\"{&quot;stretch_section&quot;:&quot;section-stretched&quot;}\">\n\t\t\t\t\t\t<div class=\"elementor-container elementor-column-gap-default\">\n\t\t\t\t\t<div class=\"elementor-column elementor-col-33 elementor-top-column elementor-element elementor-element-b8ee722\" data-id=\"b8ee722\" data-element_type=\"column\">\n\t\t\t<div class=\"elementor-widget-wrap elementor-element-populated\">\n\t\t\t\t\t\t<div class=\"elementor-element elementor-element-ceb8b2a elementor-view-default elementor-position-block-start elementor-mobile-position-block-start elementor-widget elementor-widget-icon-box\" data-id=\"ceb8b2a\" data-element_type=\"widget\" data-widget_type=\"icon-box.default\">\n\t\t\t\t<div class=\"elementor-widget-container\">\n\t\t\t\t\t\t\t<div class=\"elementor-icon-box-wrapper\">\n\n\t\t\t\t\t\t<div class=\"elementor-icon-box-icon\">\n\t\t\t\t<a href=\"https:\/\/servicio.us.es\/academica\/aprobada-normativa-practicas-externas\" target=\"_blank\" class=\"elementor-icon\" tabindex=\"-1\" aria-label=\"NORMATIVA\">\n\t\t\t\t<svg aria-hidden=\"true\" class=\"e-font-icon-svg e-far-file-pdf\" viewBox=\"0 0 384 512\" xmlns=\"http:\/\/www.w3.org\/2000\/svg\"><path d=\"M369.9 97.9L286 14C277 5 264.8-.1 252.1-.1H48C21.5 0 0 21.5 0 48v416c0 26.5 21.5 48 48 48h288c26.5 0 48-21.5 48-48V131.9c0-12.7-5.1-25-14.1-34zM332.1 128H256V51.9l76.1 76.1zM48 464V48h160v104c0 13.3 10.7 24 24 24h104v288H48zm250.2-143.7c-12.2-12-47-8.7-64.4-6.5-17.2-10.5-28.7-25-36.8-46.3 3.9-16.1 10.1-40.6 5.4-56-4.2-26.2-37.8-23.6-42.6-5.9-4.4 16.1-.4 38.5 7 67.1-10 23.9-24.9 56-35.4 74.4-20 10.3-47 26.2-51 46.2-3.3 15.8 26 55.2 76.1-31.2 22.4-7.4 46.8-16.5 68.4-20.1 18.9 10.2 41 17 55.8 17 25.5 0 28-28.2 17.5-38.7zm-198.1 77.8c5.1-13.7 24.5-29.5 30.4-35-19 30.3-30.4 35.7-30.4 35zm81.6-190.6c7.4 0 6.7 32.1 1.8 40.8-4.4-13.9-4.3-40.8-1.8-40.8zm-24.4 136.6c9.7-16.9 18-37 24.7-54.7 8.3 15.1 18.9 27.2 30.1 35.5-20.8 4.3-38.9 13.1-54.8 19.2zm131.6-5s-5 6-37.3-7.8c35.1-2.6 40.9 5.4 37.3 7.8z\"><\/path><\/svg>\t\t\t\t<\/a>\n\t\t\t<\/div>\n\t\t\t\n\t\t\t\t\t\t<div class=\"elementor-icon-box-content\">\n\n\t\t\t\t\t\t\t\t\t<h5 class=\"elementor-icon-box-title\">\n\t\t\t\t\t\t<a href=\"https:\/\/servicio.us.es\/academica\/aprobada-normativa-practicas-externas\" target=\"_blank\" >\n\t\t\t\t\t\t\tNORMATIVA\t\t\t\t\t\t<\/a>\n\t\t\t\t\t<\/h5>\n\t\t\t\t\n\t\t\t\t\t\t\t\t\t<p class=\"elementor-icon-box-description\">\n\t\t\t\t\t\tNormativa para pr\u00e1cticas acad\u00e9micas externas\t\t\t\t\t<\/p>\n\t\t\t\t\n\t\t\t<\/div>\n\t\t\t\n\t\t<\/div>\n\t\t\t\t\t\t<\/div>\n\t\t\t\t<\/div>\n\t\t\t\t<div class=\"elementor-element elementor-element-ae341a4 elementor-view-default elementor-position-block-start elementor-mobile-position-block-start elementor-widget elementor-widget-icon-box\" data-id=\"ae341a4\" data-element_type=\"widget\" data-widget_type=\"icon-box.default\">\n\t\t\t\t<div class=\"elementor-widget-container\">\n\t\t\t\t\t\t\t<div class=\"elementor-icon-box-wrapper\">\n\n\t\t\t\t\t\t<div class=\"elementor-icon-box-icon\">\n\t\t\t\t<a href=\"http:\/\/servicio.us.es\/spee\/practicas\" target=\"_blank\" class=\"elementor-icon\" tabindex=\"-1\" aria-label=\"Convenios o empresas\">\n\t\t\t\t<svg aria-hidden=\"true\" class=\"e-font-icon-svg e-far-file-pdf\" viewBox=\"0 0 384 512\" xmlns=\"http:\/\/www.w3.org\/2000\/svg\"><path d=\"M369.9 97.9L286 14C277 5 264.8-.1 252.1-.1H48C21.5 0 0 21.5 0 48v416c0 26.5 21.5 48 48 48h288c26.5 0 48-21.5 48-48V131.9c0-12.7-5.1-25-14.1-34zM332.1 128H256V51.9l76.1 76.1zM48 464V48h160v104c0 13.3 10.7 24 24 24h104v288H48zm250.2-143.7c-12.2-12-47-8.7-64.4-6.5-17.2-10.5-28.7-25-36.8-46.3 3.9-16.1 10.1-40.6 5.4-56-4.2-26.2-37.8-23.6-42.6-5.9-4.4 16.1-.4 38.5 7 67.1-10 23.9-24.9 56-35.4 74.4-20 10.3-47 26.2-51 46.2-3.3 15.8 26 55.2 76.1-31.2 22.4-7.4 46.8-16.5 68.4-20.1 18.9 10.2 41 17 55.8 17 25.5 0 28-28.2 17.5-38.7zm-198.1 77.8c5.1-13.7 24.5-29.5 30.4-35-19 30.3-30.4 35.7-30.4 35zm81.6-190.6c7.4 0 6.7 32.1 1.8 40.8-4.4-13.9-4.3-40.8-1.8-40.8zm-24.4 136.6c9.7-16.9 18-37 24.7-54.7 8.3 15.1 18.9 27.2 30.1 35.5-20.8 4.3-38.9 13.1-54.8 19.2zm131.6-5s-5 6-37.3-7.8c35.1-2.6 40.9 5.4 37.3 7.8z\"><\/path><\/svg>\t\t\t\t<\/a>\n\t\t\t<\/div>\n\t\t\t\n\t\t\t\t\t\t<div class=\"elementor-icon-box-content\">\n\n\t\t\t\t\t\t\t\t\t<h5 class=\"elementor-icon-box-title\">\n\t\t\t\t\t\t<a href=\"http:\/\/servicio.us.es\/spee\/practicas\" target=\"_blank\" >\n\t\t\t\t\t\t\tConvenios o empresas\t\t\t\t\t\t<\/a>\n\t\t\t\t\t<\/h5>\n\t\t\t\t\n\t\t\t\t\t\t\t\t\t<p class=\"elementor-icon-box-description\">\n\t\t\t\t\t\tSecretariado de Pr\u00e1cticas en Empresas y Empleo\t\t\t\t\t<\/p>\n\t\t\t\t\n\t\t\t<\/div>\n\t\t\t\n\t\t<\/div>\n\t\t\t\t\t\t<\/div>\n\t\t\t\t<\/div>\n\t\t\t\t\t<\/div>\n\t\t<\/div>\n\t\t\t\t<div class=\"elementor-column elementor-col-33 elementor-top-column elementor-element elementor-element-a58a8e8\" data-id=\"a58a8e8\" data-element_type=\"column\">\n\t\t\t<div class=\"elementor-widget-wrap elementor-element-populated\">\n\t\t\t\t\t\t<div class=\"elementor-element elementor-element-fb96155 elementor-widget elementor-widget-heading\" data-id=\"fb96155\" data-element_type=\"widget\" data-widget_type=\"heading.default\">\n\t\t\t\t<div class=\"elementor-widget-container\">\n\t\t\t\t\t<h5 class=\"elementor-heading-title elementor-size-default\">Relaci\u00f3n de empresas con las que tenemos convenios de pr\u00e1cticas en Sevilla<\/h5>\t\t\t\t<\/div>\n\t\t\t\t<\/div>\n\t\t\t\t<section class=\"elementor-section elementor-inner-section elementor-element elementor-element-ccf4bfc elementor-section-boxed elementor-section-height-default elementor-section-height-default\" data-id=\"ccf4bfc\" data-element_type=\"section\">\n\t\t\t\t\t\t<div class=\"elementor-container elementor-column-gap-default\">\n\t\t\t\t\t<div class=\"elementor-column elementor-col-25 elementor-inner-column elementor-element elementor-element-eff1dfe\" data-id=\"eff1dfe\" data-element_type=\"column\">\n\t\t\t<div class=\"elementor-widget-wrap elementor-element-populated\">\n\t\t\t\t\t\t<div class=\"elementor-element elementor-element-13c8b8e elementor-widget elementor-widget-text-editor\" data-id=\"13c8b8e\" data-element_type=\"widget\" data-widget_type=\"text-editor.default\">\n\t\t\t\t<div class=\"elementor-widget-container\">\n\t\t\t\t\t\t\t\t\t<div>AUDITORES Y CONSULTORES DEL SUR S.L.<\/div><div>AUDITOR\u00cdA Y CONSULTA, S.A.<\/div><div>AUDITOR\u00cdA Y CONTROL DE CALIDAD S.L.<\/div><div>AUNA MG AUDITORES, S.L.P.<\/div><div>AUREN AUDITORES SP, S.L.P.<\/div><div>AVANTER AUDITORES S.L<\/div><div>AYUNTAMIENTO DE MAIRENA DEL ALCOR<\/div><div>BDO AUDITORES S.L.<\/div>\t\t\t\t\t\t\t\t<\/div>\n\t\t\t\t<\/div>\n\t\t\t\t\t<\/div>\n\t\t<\/div>\n\t\t\t\t<div class=\"elementor-column elementor-col-25 elementor-inner-column elementor-element elementor-element-a6e3bf0\" data-id=\"a6e3bf0\" data-element_type=\"column\">\n\t\t\t<div class=\"elementor-widget-wrap elementor-element-populated\">\n\t\t\t\t\t\t<div class=\"elementor-element elementor-element-0076f27 elementor-widget elementor-widget-text-editor\" data-id=\"0076f27\" data-element_type=\"widget\" data-widget_type=\"text-editor.default\">\n\t\t\t\t<div class=\"elementor-widget-container\">\n\t\t\t\t\t\t\t\t\t<div>BERAGUA CONSULTORES, S.L.<\/div><div>C&amp;R CONSULTOR\u00cdA INTEGRAL DE EMPRESAS, SL<\/div><div>C\u00c1MARA DE CUENTAS DE ANDALUC\u00cdA<\/div><div>EMPRESA METROPOLITANA DE ABASTECIMIENTO Y SANEAMIENTO DE AGUAS DE SEVILLA, S.A. (EMASESA)<\/div><div>ERNST &amp; YOUNG S.L.<\/div><div>FGH AUDITORES, S.L.<\/div><div>FIDELIS AUDIORES, S.L.P.<\/div><div>FISCAM SERVICE &amp; CONSULTING, S.L.<\/div>\t\t\t\t\t\t\t\t<\/div>\n\t\t\t\t<\/div>\n\t\t\t\t\t<\/div>\n\t\t<\/div>\n\t\t\t\t<div class=\"elementor-column elementor-col-25 elementor-inner-column elementor-element elementor-element-abe80bc\" data-id=\"abe80bc\" data-element_type=\"column\">\n\t\t\t<div class=\"elementor-widget-wrap elementor-element-populated\">\n\t\t\t\t\t\t<div class=\"elementor-element elementor-element-b224286 elementor-widget elementor-widget-text-editor\" data-id=\"b224286\" data-element_type=\"widget\" data-widget_type=\"text-editor.default\">\n\t\t\t\t<div class=\"elementor-widget-container\">\n\t\t\t\t\t\t\t\t\t<div>GERMAN JEREZ BENITEZ<\/div><div>GRUPO DE AUDITORES P\u00daBLICOS, S.A.<\/div><div>HERROJI S.L.<\/div><div>ISABEL NOGALES MORENO<\/div><div>JUAN LUIS SIERRA MOLINA<\/div><div>KPMG KRESTON IBERAUDIT<\/div><div>SERPLAN, S.L.P.<\/div><div>LA MONEDA 12 M.B.<\/div><div>CONSULTORES Y AUDITORES, S.L.<\/div>\t\t\t\t\t\t\t\t<\/div>\n\t\t\t\t<\/div>\n\t\t\t\t\t<\/div>\n\t\t<\/div>\n\t\t\t\t<div class=\"elementor-column elementor-col-25 elementor-inner-column elementor-element elementor-element-28cf2a4\" data-id=\"28cf2a4\" data-element_type=\"column\">\n\t\t\t<div class=\"elementor-widget-wrap elementor-element-populated\">\n\t\t\t\t\t\t<div class=\"elementor-element elementor-element-fb71aa6 elementor-widget elementor-widget-text-editor\" data-id=\"fb71aa6\" data-element_type=\"widget\" data-widget_type=\"text-editor.default\">\n\t\t\t\t<div class=\"elementor-widget-container\">\n\t\t\t\t\t\t\t\t\t<div>MAF AUDITORES, S.L.P.<\/div><div>MARTIN MORENO MOSINTER<\/div><div>SERVICIOS EMPRESARIALES SL<\/div><div>MU\u00d1IZ GRIJALVO AUDITORES S.L.<\/div><div>OZEIN CS, S.L.<\/div><div>PEPE JEANS GROUP SL<\/div><div>PWC<\/div><div>RUBIO, MEMBRIVE Y GISBERT, S.L.<\/div><div>TASSO AUDITORES S.L.P. \u00a0<\/div>\t\t\t\t\t\t\t\t<\/div>\n\t\t\t\t<\/div>\n\t\t\t\t\t<\/div>\n\t\t<\/div>\n\t\t\t\t\t<\/div>\n\t\t<\/section>\n\t\t\t\t\t<\/div>\n\t\t<\/div>\n\t\t\t\t<div class=\"elementor-column elementor-col-33 elementor-top-column elementor-element elementor-element-23d9217\" data-id=\"23d9217\" data-element_type=\"column\">\n\t\t\t<div class=\"elementor-widget-wrap elementor-element-populated\">\n\t\t\t\t\t\t<div class=\"elementor-element elementor-element-6759dc9 elementor-widget elementor-widget-heading\" data-id=\"6759dc9\" data-element_type=\"widget\" data-widget_type=\"heading.default\">\n\t\t\t\t<div class=\"elementor-widget-container\">\n\t\t\t\t\t<h5 class=\"elementor-heading-title elementor-size-default\">Relaci\u00f3n de empresas con las que tenemos convenios de pr\u00e1cticas movilidad\n<\/h5>\t\t\t\t<\/div>\n\t\t\t\t<\/div>\n\t\t\t\t<div class=\"elementor-element elementor-element-4e2756e elementor-widget elementor-widget-text-editor\" data-id=\"4e2756e\" data-element_type=\"widget\" data-widget_type=\"text-editor.default\">\n\t\t\t\t<div class=\"elementor-widget-container\">\n\t\t\t\t\t\t\t\t\t<div>EY<\/div><div>HORWATH PLM AUDITORES, S.L.P.<\/div><div>KPMG \u00a0\u00a0<\/div>\t\t\t\t\t\t\t\t<\/div>\n\t\t\t\t<\/div>\n\t\t\t\t\t<\/div>\n\t\t<\/div>\n\t\t\t\t\t<\/div>\n\t\t<\/section>\n\t\t\t\t<section class=\"elementor-section elementor-top-section elementor-element elementor-element-f55bc8a elementor-section-full_width elementor-section-stretched elementor-section-height-default elementor-section-height-default\" data-id=\"f55bc8a\" data-element_type=\"section\" data-settings=\"{&quot;stretch_section&quot;:&quot;section-stretched&quot;}\">\n\t\t\t\t\t\t<div class=\"elementor-container elementor-column-gap-default\">\n\t\t\t\t\t<div class=\"elementor-column elementor-col-100 elementor-top-column elementor-element elementor-element-e474776\" data-id=\"e474776\" data-element_type=\"column\">\n\t\t\t<div class=\"elementor-widget-wrap elementor-element-populated\">\n\t\t\t\t\t\t<div class=\"elementor-element elementor-element-c3b247a elementor-widget elementor-widget-heading\" data-id=\"c3b247a\" data-element_type=\"widget\" data-widget_type=\"heading.default\">\n\t\t\t\t<div class=\"elementor-widget-container\">\n\t\t\t\t\t<h2 class=\"elementor-heading-title elementor-size-default\">Trabajo Fin de M\u00e1ster<\/h2>\t\t\t\t<\/div>\n\t\t\t\t<\/div>\n\t\t\t\t\t<\/div>\n\t\t<\/div>\n\t\t\t\t\t<\/div>\n\t\t<\/section>\n\t\t\t\t<section class=\"elementor-section elementor-top-section elementor-element elementor-element-90094f5 elementor-section-boxed elementor-section-height-default elementor-section-height-default\" data-id=\"90094f5\" data-element_type=\"section\">\n\t\t\t\t\t\t<div class=\"elementor-container elementor-column-gap-default\">\n\t\t\t\t\t<div class=\"elementor-column elementor-col-100 elementor-top-column elementor-element elementor-element-05fdbbd\" data-id=\"05fdbbd\" data-element_type=\"column\">\n\t\t\t<div class=\"elementor-widget-wrap elementor-element-populated\">\n\t\t\t\t\t\t<div class=\"elementor-element elementor-element-1460690 elementor-widget elementor-widget-text-editor\" data-id=\"1460690\" data-element_type=\"widget\" data-widget_type=\"text-editor.default\">\n\t\t\t\t<div class=\"elementor-widget-container\">\n\t\t\t\t\t\t\t\t\t<div><span class=\"fs12\">En el Trabajo Fin de M\u00e1ster el alumno deber\u00e1 ser capaz de desarrollar un proyecto consistente en un dictamen sobre una problem\u00e1tica contable espec\u00edfica de un caso real, an\u00e1lisis financiero o de auditor\u00eda, estudio de una problem\u00e1tica contable sectorial o normativa internacional, estudio de problem\u00e1ticas contables complejas, valoraci\u00f3n de empresas reales o cualquier otro informe en el marco del ejercicio profesional de un experto contable o auditores de cuentas.<\/span><\/div><div><span class=\"fs12\">\u00a0<\/span><\/div><div><span class=\"fs12\">Con el Trabajo de Fin de M\u00e1ster el alumnado debe estar capacitado para interrelacionar los distintos conocimientos y competencias adquiridos durante el M\u00e1ster, poni\u00e9ndolos al servicio de un proyecto con el fin de demostrar el dominio de los mismos, pero de tal manera que los adec\u00fae a una problem\u00e1tica muy pr\u00f3xima a la realidad.<\/span><\/div><div><span class=\"fs12\">\u00a0<\/span><\/div><div><span class=\"fs12\">Se evaluar\u00e1 con la presentaci\u00f3n del trabajo ante una comisi\u00f3n de evaluaci\u00f3n.<\/span><\/div>\t\t\t\t\t\t\t\t<\/div>\n\t\t\t\t<\/div>\n\t\t\t\t\t<\/div>\n\t\t<\/div>\n\t\t\t\t\t<\/div>\n\t\t<\/section>\n\t\t\t\t<\/div>\n\t\t","protected":false},"excerpt":{"rendered":"<p>Pr\u00e1cticas Externas CURRICULARES Descripci\u00f3n del Pr\u00e1cticum Las pr\u00e1cticas son 18 cr\u00e9ditos OBLIGATORIOS y podr\u00e1n ser computables para el periodo m\u00ednimo<\/p>\n","protected":false},"author":1,"featured_media":0,"comment_status":"closed","ping_status":"open","sticky":false,"template":"","format":"standard","meta":{"colormag_page_container_layout":"default_layout","colormag_page_sidebar_layout":"default_layout","_monsterinsights_skip_tracking":false,"_monsterinsights_sitenote_active":false,"_monsterinsights_sitenote_note":"","_monsterinsights_sitenote_category":0,"footnotes":""},"categories":[9],"tags":[],"class_list":["post-707","post","type-post","status-publish","format-standard","hentry","category-macs"],"yoast_head":"<!-- This site is optimized with the Yoast SEO plugin v26.7 - https:\/\/yoast.com\/wordpress\/plugins\/seo\/ -->\n<title>Pr\u00e1cticas Externas y Trabajo Fin de M\u00e1ster - Departamento de Contabilidad y Econom\u00eda Financiera de La Universidad de Sevilla<\/title>\n<meta name=\"robots\" content=\"index, follow, max-snippet:-1, max-image-preview:large, max-video-preview:-1\" \/>\n<link rel=\"canonical\" href=\"https:\/\/departamento.us.es\/dcefus\/practicas-externas-y-trabajo-fin-de-master\/\" \/>\n<meta property=\"og:locale\" content=\"es_ES\" \/>\n<meta property=\"og:type\" content=\"article\" \/>\n<meta property=\"og:title\" content=\"Pr\u00e1cticas Externas y Trabajo Fin de M\u00e1ster - Departamento de Contabilidad y Econom\u00eda Financiera de La Universidad de Sevilla\" \/>\n<meta property=\"og:description\" content=\"Pr\u00e1cticas Externas CURRICULARES Descripci\u00f3n del Pr\u00e1cticum Las pr\u00e1cticas son 18 cr\u00e9ditos OBLIGATORIOS y podr\u00e1n ser computables para el periodo m\u00ednimo\" \/>\n<meta property=\"og:url\" content=\"https:\/\/departamento.us.es\/dcefus\/practicas-externas-y-trabajo-fin-de-master\/\" \/>\n<meta property=\"og:site_name\" content=\"Departamento de Contabilidad y Econom\u00eda Financiera de La Universidad de Sevilla\" \/>\n<meta property=\"article:published_time\" content=\"2021-04-13T06:55:41+00:00\" \/>\n<meta property=\"article:modified_time\" content=\"2021-04-13T07:30:06+00:00\" \/>\n<meta name=\"author\" content=\"dartigas\" \/>\n<meta name=\"twitter:card\" content=\"summary_large_image\" \/>\n<meta name=\"twitter:label1\" content=\"Escrito por\" \/>\n\t<meta name=\"twitter:data1\" content=\"dartigas\" \/>\n\t<meta name=\"twitter:label2\" content=\"Tiempo de lectura\" \/>\n\t<meta name=\"twitter:data2\" content=\"3 minutos\" \/>\n<script type=\"application\/ld+json\" class=\"yoast-schema-graph\">{\"@context\":\"https:\/\/schema.org\",\"@graph\":[{\"@type\":\"Article\",\"@id\":\"https:\/\/departamento.us.es\/dcefus\/practicas-externas-y-trabajo-fin-de-master\/#article\",\"isPartOf\":{\"@id\":\"https:\/\/departamento.us.es\/dcefus\/practicas-externas-y-trabajo-fin-de-master\/\"},\"author\":{\"name\":\"dartigas\",\"@id\":\"https:\/\/departamento.us.es\/dcefus\/#\/schema\/person\/5d15b6ed907422b608e394f89be7b4a0\"},\"headline\":\"Pr\u00e1cticas Externas y Trabajo Fin de M\u00e1ster\",\"datePublished\":\"2021-04-13T06:55:41+00:00\",\"dateModified\":\"2021-04-13T07:30:06+00:00\",\"mainEntityOfPage\":{\"@id\":\"https:\/\/departamento.us.es\/dcefus\/practicas-externas-y-trabajo-fin-de-master\/\"},\"wordCount\":643,\"publisher\":{\"@id\":\"https:\/\/departamento.us.es\/dcefus\/#organization\"},\"articleSection\":[\"MACS\"],\"inLanguage\":\"es\"},{\"@type\":\"WebPage\",\"@id\":\"https:\/\/departamento.us.es\/dcefus\/practicas-externas-y-trabajo-fin-de-master\/\",\"url\":\"https:\/\/departamento.us.es\/dcefus\/practicas-externas-y-trabajo-fin-de-master\/\",\"name\":\"Pr\u00e1cticas Externas y Trabajo Fin de M\u00e1ster - Departamento de Contabilidad y Econom\u00eda Financiera de La Universidad de Sevilla\",\"isPartOf\":{\"@id\":\"https:\/\/departamento.us.es\/dcefus\/#website\"},\"datePublished\":\"2021-04-13T06:55:41+00:00\",\"dateModified\":\"2021-04-13T07:30:06+00:00\",\"breadcrumb\":{\"@id\":\"https:\/\/departamento.us.es\/dcefus\/practicas-externas-y-trabajo-fin-de-master\/#breadcrumb\"},\"inLanguage\":\"es\",\"potentialAction\":[{\"@type\":\"ReadAction\",\"target\":[\"https:\/\/departamento.us.es\/dcefus\/practicas-externas-y-trabajo-fin-de-master\/\"]}]},{\"@type\":\"BreadcrumbList\",\"@id\":\"https:\/\/departamento.us.es\/dcefus\/practicas-externas-y-trabajo-fin-de-master\/#breadcrumb\",\"itemListElement\":[{\"@type\":\"ListItem\",\"position\":1,\"name\":\"Portada\",\"item\":\"https:\/\/departamento.us.es\/dcefus\/\"},{\"@type\":\"ListItem\",\"position\":2,\"name\":\"Pr\u00e1cticas Externas y Trabajo Fin de M\u00e1ster\"}]},{\"@type\":\"WebSite\",\"@id\":\"https:\/\/departamento.us.es\/dcefus\/#website\",\"url\":\"https:\/\/departamento.us.es\/dcefus\/\",\"name\":\"Departamento de Contabilidad y Econom\u00eda Financiera de La Universidad de Sevilla\",\"description\":\"Facultad de Ciencias Econ\u00f3micas y Empresariales\",\"publisher\":{\"@id\":\"https:\/\/departamento.us.es\/dcefus\/#organization\"},\"potentialAction\":[{\"@type\":\"SearchAction\",\"target\":{\"@type\":\"EntryPoint\",\"urlTemplate\":\"https:\/\/departamento.us.es\/dcefus\/?s={search_term_string}\"},\"query-input\":{\"@type\":\"PropertyValueSpecification\",\"valueRequired\":true,\"valueName\":\"search_term_string\"}}],\"inLanguage\":\"es\"},{\"@type\":\"Organization\",\"@id\":\"https:\/\/departamento.us.es\/dcefus\/#organization\",\"name\":\"Departamento de Contabilidad y Econom\u00eda Financiera de La Universidad de Sevilla\",\"url\":\"https:\/\/departamento.us.es\/dcefus\/\",\"logo\":{\"@type\":\"ImageObject\",\"inLanguage\":\"es\",\"@id\":\"https:\/\/departamento.us.es\/dcefus\/#\/schema\/logo\/image\/\",\"url\":\"https:\/\/departamento.us.es\/dcefus\/wp-content\/uploads\/2021\/03\/Logo-CEF1.png\",\"contentUrl\":\"https:\/\/departamento.us.es\/dcefus\/wp-content\/uploads\/2021\/03\/Logo-CEF1.png\",\"width\":482,\"height\":195,\"caption\":\"Departamento de Contabilidad y Econom\u00eda Financiera de La Universidad de Sevilla\"},\"image\":{\"@id\":\"https:\/\/departamento.us.es\/dcefus\/#\/schema\/logo\/image\/\"},\"sameAs\":[\"https:\/\/www.linkedin.com\/company\/dcefus\"]},{\"@type\":\"Person\",\"@id\":\"https:\/\/departamento.us.es\/dcefus\/#\/schema\/person\/5d15b6ed907422b608e394f89be7b4a0\",\"name\":\"dartigas\",\"image\":{\"@type\":\"ImageObject\",\"inLanguage\":\"es\",\"@id\":\"https:\/\/departamento.us.es\/dcefus\/#\/schema\/person\/image\/\",\"url\":\"https:\/\/secure.gravatar.com\/avatar\/2ef85687ff0d3d82be312d59cb72f849b0e166ba82ad9eede91d680525fa2f7b?s=96&d=mm&r=g\",\"contentUrl\":\"https:\/\/secure.gravatar.com\/avatar\/2ef85687ff0d3d82be312d59cb72f849b0e166ba82ad9eede91d680525fa2f7b?s=96&d=mm&r=g\",\"caption\":\"dartigas\"},\"sameAs\":[\"https:\/\/departamento.us.es\/dcefus\"],\"url\":\"https:\/\/departamento.us.es\/dcefus\/author\/dartigas\/\"}]}<\/script>\n<!-- \/ Yoast SEO plugin. -->","yoast_head_json":{"title":"Pr\u00e1cticas Externas y Trabajo Fin de M\u00e1ster - Departamento de Contabilidad y Econom\u00eda Financiera de La Universidad de Sevilla","robots":{"index":"index","follow":"follow","max-snippet":"max-snippet:-1","max-image-preview":"max-image-preview:large","max-video-preview":"max-video-preview:-1"},"canonical":"https:\/\/departamento.us.es\/dcefus\/practicas-externas-y-trabajo-fin-de-master\/","og_locale":"es_ES","og_type":"article","og_title":"Pr\u00e1cticas Externas y Trabajo Fin de M\u00e1ster - Departamento de Contabilidad y Econom\u00eda Financiera de La Universidad de Sevilla","og_description":"Pr\u00e1cticas Externas CURRICULARES Descripci\u00f3n del Pr\u00e1cticum Las pr\u00e1cticas son 18 cr\u00e9ditos OBLIGATORIOS y podr\u00e1n ser computables para el periodo m\u00ednimo","og_url":"https:\/\/departamento.us.es\/dcefus\/practicas-externas-y-trabajo-fin-de-master\/","og_site_name":"Departamento de Contabilidad y Econom\u00eda Financiera de La Universidad de Sevilla","article_published_time":"2021-04-13T06:55:41+00:00","article_modified_time":"2021-04-13T07:30:06+00:00","author":"dartigas","twitter_card":"summary_large_image","twitter_misc":{"Escrito por":"dartigas","Tiempo de lectura":"3 minutos"},"schema":{"@context":"https:\/\/schema.org","@graph":[{"@type":"Article","@id":"https:\/\/departamento.us.es\/dcefus\/practicas-externas-y-trabajo-fin-de-master\/#article","isPartOf":{"@id":"https:\/\/departamento.us.es\/dcefus\/practicas-externas-y-trabajo-fin-de-master\/"},"author":{"name":"dartigas","@id":"https:\/\/departamento.us.es\/dcefus\/#\/schema\/person\/5d15b6ed907422b608e394f89be7b4a0"},"headline":"Pr\u00e1cticas Externas y Trabajo Fin de M\u00e1ster","datePublished":"2021-04-13T06:55:41+00:00","dateModified":"2021-04-13T07:30:06+00:00","mainEntityOfPage":{"@id":"https:\/\/departamento.us.es\/dcefus\/practicas-externas-y-trabajo-fin-de-master\/"},"wordCount":643,"publisher":{"@id":"https:\/\/departamento.us.es\/dcefus\/#organization"},"articleSection":["MACS"],"inLanguage":"es"},{"@type":"WebPage","@id":"https:\/\/departamento.us.es\/dcefus\/practicas-externas-y-trabajo-fin-de-master\/","url":"https:\/\/departamento.us.es\/dcefus\/practicas-externas-y-trabajo-fin-de-master\/","name":"Pr\u00e1cticas Externas y Trabajo Fin de M\u00e1ster - Departamento de Contabilidad y Econom\u00eda Financiera de La Universidad de Sevilla","isPartOf":{"@id":"https:\/\/departamento.us.es\/dcefus\/#website"},"datePublished":"2021-04-13T06:55:41+00:00","dateModified":"2021-04-13T07:30:06+00:00","breadcrumb":{"@id":"https:\/\/departamento.us.es\/dcefus\/practicas-externas-y-trabajo-fin-de-master\/#breadcrumb"},"inLanguage":"es","potentialAction":[{"@type":"ReadAction","target":["https:\/\/departamento.us.es\/dcefus\/practicas-externas-y-trabajo-fin-de-master\/"]}]},{"@type":"BreadcrumbList","@id":"https:\/\/departamento.us.es\/dcefus\/practicas-externas-y-trabajo-fin-de-master\/#breadcrumb","itemListElement":[{"@type":"ListItem","position":1,"name":"Portada","item":"https:\/\/departamento.us.es\/dcefus\/"},{"@type":"ListItem","position":2,"name":"Pr\u00e1cticas Externas y Trabajo Fin de M\u00e1ster"}]},{"@type":"WebSite","@id":"https:\/\/departamento.us.es\/dcefus\/#website","url":"https:\/\/departamento.us.es\/dcefus\/","name":"Departamento de Contabilidad y Econom\u00eda Financiera de La Universidad de Sevilla","description":"Facultad de Ciencias Econ\u00f3micas y Empresariales","publisher":{"@id":"https:\/\/departamento.us.es\/dcefus\/#organization"},"potentialAction":[{"@type":"SearchAction","target":{"@type":"EntryPoint","urlTemplate":"https:\/\/departamento.us.es\/dcefus\/?s={search_term_string}"},"query-input":{"@type":"PropertyValueSpecification","valueRequired":true,"valueName":"search_term_string"}}],"inLanguage":"es"},{"@type":"Organization","@id":"https:\/\/departamento.us.es\/dcefus\/#organization","name":"Departamento de Contabilidad y Econom\u00eda Financiera de La Universidad de Sevilla","url":"https:\/\/departamento.us.es\/dcefus\/","logo":{"@type":"ImageObject","inLanguage":"es","@id":"https:\/\/departamento.us.es\/dcefus\/#\/schema\/logo\/image\/","url":"https:\/\/departamento.us.es\/dcefus\/wp-content\/uploads\/2021\/03\/Logo-CEF1.png","contentUrl":"https:\/\/departamento.us.es\/dcefus\/wp-content\/uploads\/2021\/03\/Logo-CEF1.png","width":482,"height":195,"caption":"Departamento de Contabilidad y Econom\u00eda Financiera de La Universidad de Sevilla"},"image":{"@id":"https:\/\/departamento.us.es\/dcefus\/#\/schema\/logo\/image\/"},"sameAs":["https:\/\/www.linkedin.com\/company\/dcefus"]},{"@type":"Person","@id":"https:\/\/departamento.us.es\/dcefus\/#\/schema\/person\/5d15b6ed907422b608e394f89be7b4a0","name":"dartigas","image":{"@type":"ImageObject","inLanguage":"es","@id":"https:\/\/departamento.us.es\/dcefus\/#\/schema\/person\/image\/","url":"https:\/\/secure.gravatar.com\/avatar\/2ef85687ff0d3d82be312d59cb72f849b0e166ba82ad9eede91d680525fa2f7b?s=96&d=mm&r=g","contentUrl":"https:\/\/secure.gravatar.com\/avatar\/2ef85687ff0d3d82be312d59cb72f849b0e166ba82ad9eede91d680525fa2f7b?s=96&d=mm&r=g","caption":"dartigas"},"sameAs":["https:\/\/departamento.us.es\/dcefus"],"url":"https:\/\/departamento.us.es\/dcefus\/author\/dartigas\/"}]}},"_links":{"self":[{"href":"https:\/\/departamento.us.es\/dcefus\/wp-json\/wp\/v2\/posts\/707","targetHints":{"allow":["GET"]}}],"collection":[{"href":"https:\/\/departamento.us.es\/dcefus\/wp-json\/wp\/v2\/posts"}],"about":[{"href":"https:\/\/departamento.us.es\/dcefus\/wp-json\/wp\/v2\/types\/post"}],"author":[{"embeddable":true,"href":"https:\/\/departamento.us.es\/dcefus\/wp-json\/wp\/v2\/users\/1"}],"replies":[{"embeddable":true,"href":"https:\/\/departamento.us.es\/dcefus\/wp-json\/wp\/v2\/comments?post=707"}],"version-history":[{"count":0,"href":"https:\/\/departamento.us.es\/dcefus\/wp-json\/wp\/v2\/posts\/707\/revisions"}],"wp:attachment":[{"href":"https:\/\/departamento.us.es\/dcefus\/wp-json\/wp\/v2\/media?parent=707"}],"wp:term":[{"taxonomy":"category","embeddable":true,"href":"https:\/\/departamento.us.es\/dcefus\/wp-json\/wp\/v2\/categories?post=707"},{"taxonomy":"post_tag","embeddable":true,"href":"https:\/\/departamento.us.es\/dcefus\/wp-json\/wp\/v2\/tags?post=707"}],"curies":[{"name":"wp","href":"https:\/\/api.w.org\/{rel}","templated":true}]}}