{"id":246,"date":"2022-03-22T10:06:13","date_gmt":"2022-03-22T10:06:13","guid":{"rendered":"https:\/\/departamento.us.es\/ddoe\/?p=246"},"modified":"2024-10-28T07:58:15","modified_gmt":"2024-10-28T07:58:15","slug":"comisiones-del-departamento","status":"publish","type":"post","link":"https:\/\/departamento.us.es\/ddoe\/comisiones-del-departamento\/","title":{"rendered":"Comisiones del Departamento"},"content":{"rendered":"\t\t<div data-elementor-type=\"wp-post\" data-elementor-id=\"246\" class=\"elementor elementor-246\" data-elementor-post-type=\"post\">\n\t\t\t\t\t\t<section class=\"elementor-section elementor-top-section elementor-element elementor-element-dbd8a48 elementor-section-boxed elementor-section-height-default elementor-section-height-default elementor-invisible\" data-id=\"dbd8a48\" data-element_type=\"section\" data-e-type=\"section\" data-settings=\"{&quot;background_background&quot;:&quot;classic&quot;,&quot;animation&quot;:&quot;fadeInRight&quot;}\">\n\t\t\t\t\t\t<div class=\"elementor-container elementor-column-gap-default\">\n\t\t\t\t\t<div class=\"elementor-column elementor-col-100 elementor-top-column elementor-element elementor-element-15b5f26 elementor-hidden-desktop elementor-hidden-tablet elementor-hidden-mobile\" data-id=\"15b5f26\" data-element_type=\"column\" data-e-type=\"column\">\n\t\t\t<div class=\"elementor-widget-wrap elementor-element-populated\">\n\t\t\t\t\t\t<div class=\"elementor-element elementor-element-ab4aeb1 elementor-headline--style-highlight elementor-widget elementor-widget-animated-headline\" data-id=\"ab4aeb1\" data-element_type=\"widget\" data-e-type=\"widget\" data-settings=\"{&quot;marker&quot;:&quot;underline&quot;,&quot;highlighted_text&quot;:&quot;Permanente&quot;,&quot;headline_style&quot;:&quot;highlight&quot;,&quot;loop&quot;:&quot;yes&quot;,&quot;highlight_animation_duration&quot;:1200,&quot;highlight_iteration_delay&quot;:8000}\" data-widget_type=\"animated-headline.default\">\n\t\t\t\t<div class=\"elementor-widget-container\">\n\t\t\t\t\t\t\t<h3 class=\"elementor-headline\">\n\t\t\t\t\t<span class=\"elementor-headline-plain-text elementor-headline-text-wrapper\">Comisi\u00f3n <\/span>\n\t\t\t\t<span class=\"elementor-headline-dynamic-wrapper elementor-headline-text-wrapper\">\n\t\t\t\t\t<span class=\"elementor-headline-dynamic-text elementor-headline-text-active\">Permanente<\/span>\n\t\t\t\t<\/span>\n\t\t\t\t\t<span class=\"elementor-headline-plain-text elementor-headline-text-wrapper\">(Renovada CD 13-10-2022)<\/span>\n\t\t\t\t\t<\/h3>\n\t\t\t\t\t\t<\/div>\n\t\t\t\t<\/div>\n\t\t\t\t<div class=\"elementor-element elementor-element-0f9f1f6 elementor-widget elementor-widget-text-editor\" data-id=\"0f9f1f6\" data-element_type=\"widget\" data-e-type=\"widget\" data-widget_type=\"text-editor.default\">\n\t\t\t\t<div class=\"elementor-widget-container\">\n\t\t\t\t\t\t\t\t\t<p><strong>Representantes Profesores\/as:<\/strong><\/p><ul><li>M.\u00aa del Carmen Llorente Cejudo (Presidenta, en calidad de Directora del Departamento)<\/li><li>Pedro Rom\u00e1n Grav\u00e1n (Secretario, en calidad de Secretario del Departamento)<\/li><li>Soledad Garc\u00eda G\u00f3mez<\/li><li>Carlos Herv\u00e1s G\u00f3mez.<\/li><li>V\u00edctor Hugo Perera Rodr\u00edguez<\/li><li>Raquel Barrag\u00e1n S\u00e1nchez<\/li><li>Olga Buz\u00f3n Garc\u00eda<\/li><\/ul><p><strong>Representantes Alumnos\/as:<\/strong><\/p><ul><li>No hay<\/li><li>Suplente: M.\u00aa del Mar Molina Navarro<\/li><\/ul><p><em>* pr\u00f3xima renovaci\u00f3n: curso 2024\/25<\/em><\/p>\t\t\t\t\t\t\t\t<\/div>\n\t\t\t\t<\/div>\n\t\t\t\t\t<\/div>\n\t\t<\/div>\n\t\t\t\t\t<\/div>\n\t\t<\/section>\n\t\t\t\t<section class=\"elementor-section elementor-top-section elementor-element elementor-element-b1feac5 elementor-section-boxed elementor-section-height-default elementor-section-height-default elementor-invisible\" data-id=\"b1feac5\" data-element_type=\"section\" data-e-type=\"section\" data-settings=\"{&quot;background_background&quot;:&quot;classic&quot;,&quot;animation&quot;:&quot;fadeInRight&quot;}\">\n\t\t\t\t\t\t<div class=\"elementor-container elementor-column-gap-default\">\n\t\t\t\t\t<div class=\"elementor-column elementor-col-50 elementor-top-column elementor-element elementor-element-9f85803\" data-id=\"9f85803\" data-element_type=\"column\" data-e-type=\"column\" data-settings=\"{&quot;background_background&quot;:&quot;classic&quot;}\">\n\t\t\t<div class=\"elementor-widget-wrap elementor-element-populated\">\n\t\t\t\t\t\t<div class=\"elementor-element elementor-element-c684fd8 elementor-headline--style-highlight elementor-widget elementor-widget-animated-headline\" data-id=\"c684fd8\" data-element_type=\"widget\" data-e-type=\"widget\" data-settings=\"{&quot;marker&quot;:&quot;underline&quot;,&quot;highlighted_text&quot;:&quot;Permanente&quot;,&quot;headline_style&quot;:&quot;highlight&quot;,&quot;loop&quot;:&quot;yes&quot;,&quot;highlight_animation_duration&quot;:1200,&quot;highlight_iteration_delay&quot;:8000}\" data-widget_type=\"animated-headline.default\">\n\t\t\t\t<div class=\"elementor-widget-container\">\n\t\t\t\t\t\t\t<h3 class=\"elementor-headline\">\n\t\t\t\t\t<span class=\"elementor-headline-plain-text elementor-headline-text-wrapper\">Comisi\u00f3n <\/span>\n\t\t\t\t<span class=\"elementor-headline-dynamic-wrapper elementor-headline-text-wrapper\">\n\t\t\t\t\t<span class=\"elementor-headline-dynamic-text elementor-headline-text-active\">Permanente<\/span>\n\t\t\t\t<\/span>\n\t\t\t\t<\/h3>\n\t\t\t\t\t\t<\/div>\n\t\t\t\t<\/div>\n\t\t\t\t<div class=\"elementor-element elementor-element-30ce1cb elementor-widget elementor-widget-heading\" data-id=\"30ce1cb\" data-element_type=\"widget\" data-e-type=\"widget\" data-widget_type=\"heading.default\">\n\t\t\t\t<div class=\"elementor-widget-container\">\n\t\t\t\t\t<span class=\"elementor-heading-title elementor-size-default\">(Renovada CD 10-10-2024)<\/span>\t\t\t\t<\/div>\n\t\t\t\t<\/div>\n\t\t\t\t<div class=\"elementor-element elementor-element-84ceb39 elementor-widget elementor-widget-text-editor\" data-id=\"84ceb39\" data-element_type=\"widget\" data-e-type=\"widget\" data-widget_type=\"text-editor.default\">\n\t\t\t\t<div class=\"elementor-widget-container\">\n\t\t\t\t\t\t\t\t\t<p><strong>Representantes Profesores\/as:<\/strong><\/p><ul><li>M.\u00aa del Carmen Llorente Cejudo (Presidenta, en calidad de Directora del Departamento)<\/li><li>Pedro Rom\u00e1n Grav\u00e1n (Secretario, en calidad de Secretario del Departamento)<\/li><li>Soledad Garc\u00eda G\u00f3mez<\/li><li>Carlos Herv\u00e1s G\u00f3mez.<\/li><li>V\u00edctor Hugo Perera Rodr\u00edguez<\/li><li>Olga Buz\u00f3n Garc\u00eda<\/li><li>Carmen Yot Dom\u00ednguez<\/li><\/ul><p><strong>Representantes Alumnos\/as:<\/strong><\/p><ul><li>No hay<\/li><li>Suplente: M.\u00aa del Mar Molina Navarro<\/li><\/ul><p><em>* pr\u00f3xima renovaci\u00f3n: curso 2025\/26<\/em><\/p>\t\t\t\t\t\t\t\t<\/div>\n\t\t\t\t<\/div>\n\t\t\t\t\t<\/div>\n\t\t<\/div>\n\t\t\t\t<div class=\"elementor-column elementor-col-50 elementor-top-column elementor-element elementor-element-f5821ae\" data-id=\"f5821ae\" data-element_type=\"column\" data-e-type=\"column\" data-settings=\"{&quot;background_background&quot;:&quot;classic&quot;}\">\n\t\t\t<div class=\"elementor-widget-wrap elementor-element-populated\">\n\t\t\t\t\t\t<div class=\"elementor-element elementor-element-5964b50 elementor-headline--style-highlight elementor-widget elementor-widget-animated-headline\" data-id=\"5964b50\" data-element_type=\"widget\" data-e-type=\"widget\" data-settings=\"{&quot;marker&quot;:&quot;underline&quot;,&quot;highlighted_text&quot;:&quot;Docencia&quot;,&quot;headline_style&quot;:&quot;highlight&quot;,&quot;loop&quot;:&quot;yes&quot;,&quot;highlight_animation_duration&quot;:1200,&quot;highlight_iteration_delay&quot;:8000}\" data-widget_type=\"animated-headline.default\">\n\t\t\t\t<div class=\"elementor-widget-container\">\n\t\t\t\t\t\t\t<h3 class=\"elementor-headline\">\n\t\t\t\t\t<span class=\"elementor-headline-plain-text elementor-headline-text-wrapper\">Comisi\u00f3n de <\/span>\n\t\t\t\t<span class=\"elementor-headline-dynamic-wrapper elementor-headline-text-wrapper\">\n\t\t\t\t\t<span class=\"elementor-headline-dynamic-text elementor-headline-text-active\">Docencia<\/span>\n\t\t\t\t<\/span>\n\t\t\t\t<\/h3>\n\t\t\t\t\t\t<\/div>\n\t\t\t\t<\/div>\n\t\t\t\t<div class=\"elementor-element elementor-element-68e98fe elementor-widget elementor-widget-text-editor\" data-id=\"68e98fe\" data-element_type=\"widget\" data-e-type=\"widget\" data-widget_type=\"text-editor.default\">\n\t\t\t\t<div class=\"elementor-widget-container\">\n\t\t\t\t\t\t\t\t\t<p><strong>Representantes Profesores\/as:<\/strong><\/p><ul><li>Jos\u00e9 Manuel Lavi\u00e9 Mart\u00ednez (Presidente)<\/li><li>Juan Jes\u00fas Guti\u00e9rrez Castillo<\/li><li>Carmen Yot Dom\u00ednguez (Secretaria)<\/li><li>Suplente 1\u00aa: Raquel Barrag\u00e1n S\u00e1nchez<\/li><li>Suplente 2\u00aa: Carmen Gallego Vega<\/li><\/ul><p><strong>Representantes Alumnos\/as:<\/strong> \u00a0\u00a0\u00a0\u00a0\u00a0\u00a0\u00a0\u00a0\u00a0\u00a0<\/p><ul><li>No hay<\/li><li>Suplente: No hay<\/li><\/ul><p><i>* pr\u00f3xima renovaci\u00f3n: curso 2026\/27<\/i><\/p>\t\t\t\t\t\t\t\t<\/div>\n\t\t\t\t<\/div>\n\t\t\t\t\t<\/div>\n\t\t<\/div>\n\t\t\t\t\t<\/div>\n\t\t<\/section>\n\t\t\t\t<section class=\"elementor-section elementor-top-section elementor-element elementor-element-a275229 elementor-section-boxed elementor-section-height-default elementor-section-height-default elementor-invisible\" data-id=\"a275229\" data-element_type=\"section\" data-e-type=\"section\" data-settings=\"{&quot;background_background&quot;:&quot;classic&quot;,&quot;animation&quot;:&quot;fadeInRight&quot;}\">\n\t\t\t\t\t\t<div class=\"elementor-container elementor-column-gap-default\">\n\t\t\t\t\t<div class=\"elementor-column elementor-col-50 elementor-top-column elementor-element elementor-element-955f477\" data-id=\"955f477\" data-element_type=\"column\" data-e-type=\"column\" data-settings=\"{&quot;background_background&quot;:&quot;classic&quot;}\">\n\t\t\t<div class=\"elementor-widget-wrap elementor-element-populated\">\n\t\t\t\t\t\t<div class=\"elementor-element elementor-element-9291a94 elementor-headline--style-highlight elementor-widget elementor-widget-animated-headline\" data-id=\"9291a94\" data-element_type=\"widget\" data-e-type=\"widget\" data-settings=\"{&quot;marker&quot;:&quot;underline&quot;,&quot;highlighted_text&quot;:&quot;Investigaci\\u00f3n&quot;,&quot;headline_style&quot;:&quot;highlight&quot;,&quot;loop&quot;:&quot;yes&quot;,&quot;highlight_animation_duration&quot;:1200,&quot;highlight_iteration_delay&quot;:8000}\" data-widget_type=\"animated-headline.default\">\n\t\t\t\t<div class=\"elementor-widget-container\">\n\t\t\t\t\t\t\t<h3 class=\"elementor-headline\">\n\t\t\t\t\t<span class=\"elementor-headline-plain-text elementor-headline-text-wrapper\">Comisi\u00f3n de <\/span>\n\t\t\t\t<span class=\"elementor-headline-dynamic-wrapper elementor-headline-text-wrapper\">\n\t\t\t\t\t<span class=\"elementor-headline-dynamic-text elementor-headline-text-active\">Investigaci\u00f3n<\/span>\n\t\t\t\t<\/span>\n\t\t\t\t<\/h3>\n\t\t\t\t\t\t<\/div>\n\t\t\t\t<\/div>\n\t\t\t\t<div class=\"elementor-element elementor-element-5696d43 elementor-widget elementor-widget-text-editor\" data-id=\"5696d43\" data-element_type=\"widget\" data-e-type=\"widget\" data-widget_type=\"text-editor.default\">\n\t\t\t\t<div class=\"elementor-widget-container\">\n\t\t\t\t\t\t\t\t\t<p style=\"text-align: left;\"><strong>Representantes Profesores\/as:<\/strong><\/p><ul><li>Mar\u00eda del Carmen Llorente Cejudo (Presidenta, en calidad de Directora del Departamento)<\/li><li>Carlos Marcelo Garc\u00eda\u00a0\u00a0\u00a0\u00a0\u00a0\u00a0\u00a0\u00a0\u00a0\u00a0\u00a0\u00a0\u00a0\u00a0\u00a0\u00a0\u00a0\u00a0\u00a0\u00a0\u00a0\u00a0\u00a0\u00a0\u00a0\u00a0\u00a0\u00a0\u00a0\u00a0\u00a0\u00a0\u00a0\u00a0\u00a0\u00a0\u00a0\u00a0\u00a0\u00a0\u00a0\u00a0\u00a0\u00a0\u00a0\u00a0\u00a0\u00a0\u00a0\u00a0\u00a0\u00a0\u00a0\u00a0\u00a0\u00a0\u00a0\u00a0\u00a0\u00a0\u00a0\u00a0\u00a0\u00a0\u00a0\u00a0\u00a0\u00a0\u00a0\u00a0\u00a0\u00a0\u00a0\u00a0\u00a0\u00a0\u00a0\u00a0\u00a0\u00a0\u00a0\u00a0\u00a0\u00a0\u00a0\u00a0\u00a0\u00a0\u00a0\u00a0\u00a0\u00a0<\/li><li>Julio Barroso Osuna (Secretario)<\/li><li>Pedro Rom\u00e1n Grav\u00e1n<\/li><li>V\u00edctor Hugo Perera Rodr\u00edguez<\/li><li>Suplentes: Raquel Barrag\u00e1n S\u00e1nchez<\/li><\/ul><p><strong>Representantes Alumnos\/as:<\/strong><\/p><ul><li>No hay<\/li><li>No hay\u00a0\u00a0\u00a0\u00a0\u00a0\u00a0\u00a0\u00a0\u00a0\u00a0\u00a0\u00a0\u00a0\u00a0\u00a0\u00a0\u00a0\u00a0\u00a0\u00a0\u00a0\u00a0\u00a0\u00a0\u00a0\u00a0\u00a0\u00a0\u00a0\u00a0\u00a0\u00a0\u00a0\u00a0\u00a0\u00a0\u00a0\u00a0\u00a0\u00a0\u00a0\u00a0\u00a0\u00a0\u00a0\u00a0<\/li><li>No hay<\/li><li>Suplente: No hay<\/li><\/ul><p><em>* pr\u00f3xima renovaci\u00f3n: curso 2028\/29<\/em><\/p>\t\t\t\t\t\t\t\t<\/div>\n\t\t\t\t<\/div>\n\t\t\t\t\t<\/div>\n\t\t<\/div>\n\t\t\t\t<div class=\"elementor-column elementor-col-50 elementor-top-column elementor-element elementor-element-1fe6f00\" data-id=\"1fe6f00\" data-element_type=\"column\" data-e-type=\"column\" data-settings=\"{&quot;background_background&quot;:&quot;classic&quot;}\">\n\t\t\t<div class=\"elementor-widget-wrap elementor-element-populated\">\n\t\t\t\t\t\t<div class=\"elementor-element elementor-element-1d56614 elementor-headline--style-highlight elementor-widget elementor-widget-animated-headline\" data-id=\"1d56614\" data-element_type=\"widget\" data-e-type=\"widget\" data-settings=\"{&quot;marker&quot;:&quot;underline&quot;,&quot;highlighted_text&quot;:&quot;Postgrado&quot;,&quot;headline_style&quot;:&quot;highlight&quot;,&quot;loop&quot;:&quot;yes&quot;,&quot;highlight_animation_duration&quot;:1200,&quot;highlight_iteration_delay&quot;:8000}\" data-widget_type=\"animated-headline.default\">\n\t\t\t\t<div class=\"elementor-widget-container\">\n\t\t\t\t\t\t\t<h3 class=\"elementor-headline\">\n\t\t\t\t\t<span class=\"elementor-headline-plain-text elementor-headline-text-wrapper\">Comisi\u00f3n de <\/span>\n\t\t\t\t<span class=\"elementor-headline-dynamic-wrapper elementor-headline-text-wrapper\">\n\t\t\t\t\t<span class=\"elementor-headline-dynamic-text elementor-headline-text-active\">Postgrado<\/span>\n\t\t\t\t<\/span>\n\t\t\t\t<\/h3>\n\t\t\t\t\t\t<\/div>\n\t\t\t\t<\/div>\n\t\t\t\t<div class=\"elementor-element elementor-element-2588303 elementor-widget elementor-widget-text-editor\" data-id=\"2588303\" data-element_type=\"widget\" data-e-type=\"widget\" data-widget_type=\"text-editor.default\">\n\t\t\t\t<div class=\"elementor-widget-container\">\n\t\t\t\t\t\t\t\t\t<p><strong>Representantes Profesores\/as:<\/strong><\/p><ul><li>Marita S\u00e1nchez Moreno (Presidenta)<\/li><li>Carmen Gallego Vega<\/li><li>Pedro Rom\u00e1n Grav\u00e1n<\/li><li>V\u00edctor Hugo Perera Rodr\u00edguez (Secretario)<\/li><li>Suplente: Juan Jes\u00fas Guti\u00e9rrez Castillo<\/li><\/ul><p><strong>Representantes Alumnos\/as:<\/strong><\/p><ul><li>No hay<\/li><li>No hay\u00a0\u00a0\u00a0\u00a0\u00a0\u00a0\u00a0\u00a0\u00a0\u00a0\u00a0<\/li><li>Suplente: No hay<\/li><\/ul><p><em>* pr\u00f3xima renovaci\u00f3n: curso 2026\/27<\/em><\/p>\t\t\t\t\t\t\t\t<\/div>\n\t\t\t\t<\/div>\n\t\t\t\t\t<\/div>\n\t\t<\/div>\n\t\t\t\t\t<\/div>\n\t\t<\/section>\n\t\t\t\t<section class=\"elementor-section elementor-top-section elementor-element elementor-element-12200ba elementor-section-boxed elementor-section-height-default elementor-section-height-default elementor-invisible\" data-id=\"12200ba\" data-element_type=\"section\" data-e-type=\"section\" data-settings=\"{&quot;background_background&quot;:&quot;classic&quot;,&quot;animation&quot;:&quot;fadeInRight&quot;}\">\n\t\t\t\t\t\t<div class=\"elementor-container elementor-column-gap-default\">\n\t\t\t\t\t<div class=\"elementor-column elementor-col-50 elementor-top-column elementor-element elementor-element-099f82b\" data-id=\"099f82b\" data-element_type=\"column\" data-e-type=\"column\" data-settings=\"{&quot;background_background&quot;:&quot;classic&quot;}\">\n\t\t\t<div class=\"elementor-widget-wrap elementor-element-populated\">\n\t\t\t\t\t\t<div class=\"elementor-element elementor-element-27601de elementor-headline--style-highlight elementor-widget elementor-widget-animated-headline\" data-id=\"27601de\" data-element_type=\"widget\" data-e-type=\"widget\" data-settings=\"{&quot;marker&quot;:&quot;underline&quot;,&quot;highlighted_text&quot;:&quot;Pr\\u00e1cticas&quot;,&quot;headline_style&quot;:&quot;highlight&quot;,&quot;loop&quot;:&quot;yes&quot;,&quot;highlight_animation_duration&quot;:1200,&quot;highlight_iteration_delay&quot;:8000}\" data-widget_type=\"animated-headline.default\">\n\t\t\t\t<div class=\"elementor-widget-container\">\n\t\t\t\t\t\t\t<h3 class=\"elementor-headline\">\n\t\t\t\t\t<span class=\"elementor-headline-plain-text elementor-headline-text-wrapper\">Comisi\u00f3n de <\/span>\n\t\t\t\t<span class=\"elementor-headline-dynamic-wrapper elementor-headline-text-wrapper\">\n\t\t\t\t\t<span class=\"elementor-headline-dynamic-text elementor-headline-text-active\">Pr\u00e1cticas<\/span>\n\t\t\t\t<\/span>\n\t\t\t\t<\/h3>\n\t\t\t\t\t\t<\/div>\n\t\t\t\t<\/div>\n\t\t\t\t<div class=\"elementor-element elementor-element-8053cb2 elementor-widget elementor-widget-text-editor\" data-id=\"8053cb2\" data-element_type=\"widget\" data-e-type=\"widget\" data-widget_type=\"text-editor.default\">\n\t\t\t\t<div class=\"elementor-widget-container\">\n\t\t\t\t\t\t\t\t\t<p><strong>Representantes Profesores\/as:<\/strong><\/p><ul><li>M\u00aa Dolores D\u00edaz Noguera (Presidenta)<\/li><li>Rosario Ord\u00f3\u00f1ez Sierra<\/li><li>Sandra Mart\u00ednez P\u00e9rez<\/li><li>Suplente: Jos\u00e9 Manuel Lavi\u00e9 Mart\u00ednez<\/li><\/ul><p><strong>Representantes Alumnos\/as:<\/strong><\/p><ul><li>No hay<\/li><li>Suplente: No hay<\/li><\/ul><p><em>* pr\u00f3xima renovaci\u00f3n: curso 2026\/27<\/em><\/p><p>\u00a0<\/p>\t\t\t\t\t\t\t\t<\/div>\n\t\t\t\t<\/div>\n\t\t\t\t\t<\/div>\n\t\t<\/div>\n\t\t\t\t<div class=\"elementor-column elementor-col-50 elementor-top-column elementor-element elementor-element-3adcf0a\" data-id=\"3adcf0a\" data-element_type=\"column\" data-e-type=\"column\" data-settings=\"{&quot;background_background&quot;:&quot;classic&quot;}\">\n\t\t\t<div class=\"elementor-widget-wrap elementor-element-populated\">\n\t\t\t\t\t\t<div class=\"elementor-element elementor-element-a5de321 elementor-headline--style-highlight elementor-widget elementor-widget-animated-headline\" data-id=\"a5de321\" data-element_type=\"widget\" data-e-type=\"widget\" data-settings=\"{&quot;marker&quot;:&quot;underline&quot;,&quot;highlighted_text&quot;:&quot;Econ\\u00f3mica&quot;,&quot;headline_style&quot;:&quot;highlight&quot;,&quot;loop&quot;:&quot;yes&quot;,&quot;highlight_animation_duration&quot;:1200,&quot;highlight_iteration_delay&quot;:8000}\" data-widget_type=\"animated-headline.default\">\n\t\t\t\t<div class=\"elementor-widget-container\">\n\t\t\t\t\t\t\t<h3 class=\"elementor-headline\">\n\t\t\t\t\t<span class=\"elementor-headline-plain-text elementor-headline-text-wrapper\">Comisi\u00f3n <\/span>\n\t\t\t\t<span class=\"elementor-headline-dynamic-wrapper elementor-headline-text-wrapper\">\n\t\t\t\t\t<span class=\"elementor-headline-dynamic-text elementor-headline-text-active\">Econ\u00f3mica<\/span>\n\t\t\t\t<\/span>\n\t\t\t\t<\/h3>\n\t\t\t\t\t\t<\/div>\n\t\t\t\t<\/div>\n\t\t\t\t<div class=\"elementor-element elementor-element-010be65 elementor-widget elementor-widget-text-editor\" data-id=\"010be65\" data-element_type=\"widget\" data-e-type=\"widget\" data-widget_type=\"text-editor.default\">\n\t\t\t\t<div class=\"elementor-widget-container\">\n\t\t\t\t\t\t\t\t\t<p><strong>Representantes Profesores\/as:<\/strong><\/p><ul><li>M\u00aa del Carmen Llorente Cejudo (Presidenta, en calidad de Directora del Departamento)<\/li><li>Pedro Rom\u00e1n Grav\u00e1n (Secretario, en calidad de Secretario del Departamento)<\/li><li>M\u00aa Dolores D\u00edaz Noguera<\/li><li>Raquel Barrag\u00e1n S\u00e1nchez<\/li><li>Juan Jes\u00fas Guti\u00e9rrez Castillo<\/li><li>M\u00aa del Mar Molina Navarro (en calidad de Gestora del Dpto. con voz y sin voto)<\/li><li>Suplente: Olga Buz\u00f3n Garc\u00eda<\/li><\/ul><p><em>* pr\u00f3xima renovaci\u00f3n: curso 2026\/27<\/em><\/p>\t\t\t\t\t\t\t\t<\/div>\n\t\t\t\t<\/div>\n\t\t\t\t\t<\/div>\n\t\t<\/div>\n\t\t\t\t\t<\/div>\n\t\t<\/section>\n\t\t\t\t<section class=\"elementor-section elementor-top-section elementor-element elementor-element-8e00fd1 elementor-section-boxed elementor-section-height-default elementor-section-height-default elementor-invisible\" data-id=\"8e00fd1\" data-element_type=\"section\" data-e-type=\"section\" data-settings=\"{&quot;background_background&quot;:&quot;classic&quot;,&quot;animation&quot;:&quot;fadeInRight&quot;}\">\n\t\t\t\t\t\t<div class=\"elementor-container elementor-column-gap-default\">\n\t\t\t\t\t<div class=\"elementor-column elementor-col-50 elementor-top-column elementor-element elementor-element-c53e890\" data-id=\"c53e890\" data-element_type=\"column\" data-e-type=\"column\" data-settings=\"{&quot;background_background&quot;:&quot;classic&quot;}\">\n\t\t\t<div class=\"elementor-widget-wrap elementor-element-populated\">\n\t\t\t\t\t\t<div class=\"elementor-element elementor-element-3d6515e elementor-headline--style-highlight elementor-widget elementor-widget-animated-headline\" data-id=\"3d6515e\" data-element_type=\"widget\" data-e-type=\"widget\" data-settings=\"{&quot;marker&quot;:&quot;underline&quot;,&quot;highlighted_text&quot;:&quot;Electoral&quot;,&quot;headline_style&quot;:&quot;highlight&quot;,&quot;loop&quot;:&quot;yes&quot;,&quot;highlight_animation_duration&quot;:1200,&quot;highlight_iteration_delay&quot;:8000}\" data-widget_type=\"animated-headline.default\">\n\t\t\t\t<div class=\"elementor-widget-container\">\n\t\t\t\t\t\t\t<h3 class=\"elementor-headline\">\n\t\t\t\t\t<span class=\"elementor-headline-plain-text elementor-headline-text-wrapper\">Comisi\u00f3n <\/span>\n\t\t\t\t<span class=\"elementor-headline-dynamic-wrapper elementor-headline-text-wrapper\">\n\t\t\t\t\t<span class=\"elementor-headline-dynamic-text elementor-headline-text-active\">Electoral<\/span>\n\t\t\t\t<\/span>\n\t\t\t\t<\/h3>\n\t\t\t\t\t\t<\/div>\n\t\t\t\t<\/div>\n\t\t\t\t<div class=\"elementor-element elementor-element-b46c56f elementor-widget elementor-widget-text-editor\" data-id=\"b46c56f\" data-element_type=\"widget\" data-e-type=\"widget\" data-widget_type=\"text-editor.default\">\n\t\t\t\t<div class=\"elementor-widget-container\">\n\t\t\t\t\t\t\t\t\t<p>SECTOR A (Pers. Doc. Func.): Pedro Rom\u00e1n Grav\u00e1n (Presidente)<\/p><p>SECTOR B (Pers. Doc. No Func.): Juan Jes\u00fas Guti\u00e9rrez Castillo<\/p><p>SECTOR C (Alumnos): No hay<\/p><p>SECTOR D (P.A.S.): M\u00aa del Mar Molina Navarro (Secretaria)<\/p><p><em>* pr\u00f3xima renovaci\u00f3n: curso 2026\/27<\/em><\/p>\t\t\t\t\t\t\t\t<\/div>\n\t\t\t\t<\/div>\n\t\t\t\t\t<\/div>\n\t\t<\/div>\n\t\t\t\t<div class=\"elementor-column elementor-col-50 elementor-top-column elementor-element elementor-element-7c0edf7\" data-id=\"7c0edf7\" data-element_type=\"column\" data-e-type=\"column\" data-settings=\"{&quot;background_background&quot;:&quot;classic&quot;}\">\n\t\t\t<div class=\"elementor-widget-wrap elementor-element-populated\">\n\t\t\t\t\t\t<div class=\"elementor-element elementor-element-415b170 elementor-headline--style-highlight elementor-widget elementor-widget-animated-headline\" data-id=\"415b170\" data-element_type=\"widget\" data-e-type=\"widget\" data-settings=\"{&quot;marker&quot;:&quot;underline&quot;,&quot;highlighted_text&quot;:&quot;T.F.G.&quot;,&quot;headline_style&quot;:&quot;highlight&quot;,&quot;loop&quot;:&quot;yes&quot;,&quot;highlight_animation_duration&quot;:1200,&quot;highlight_iteration_delay&quot;:8000}\" data-widget_type=\"animated-headline.default\">\n\t\t\t\t<div class=\"elementor-widget-container\">\n\t\t\t\t\t\t\t<h3 class=\"elementor-headline\">\n\t\t\t\t\t<span class=\"elementor-headline-plain-text elementor-headline-text-wrapper\">Comisi\u00f3n <\/span>\n\t\t\t\t<span class=\"elementor-headline-dynamic-wrapper elementor-headline-text-wrapper\">\n\t\t\t\t\t<span class=\"elementor-headline-dynamic-text elementor-headline-text-active\">T.F.G.<\/span>\n\t\t\t\t<\/span>\n\t\t\t\t<\/h3>\n\t\t\t\t\t\t<\/div>\n\t\t\t\t<\/div>\n\t\t\t\t<div class=\"elementor-element elementor-element-ec98281 elementor-widget elementor-widget-heading\" data-id=\"ec98281\" data-element_type=\"widget\" data-e-type=\"widget\" data-widget_type=\"heading.default\">\n\t\t\t\t<div class=\"elementor-widget-container\">\n\t\t\t\t\t<span class=\"elementor-heading-title elementor-size-default\">(Renovada CD 11-10-23)<\/span>\t\t\t\t<\/div>\n\t\t\t\t<\/div>\n\t\t\t\t<div class=\"elementor-element elementor-element-2c7c522 elementor-widget elementor-widget-text-editor\" data-id=\"2c7c522\" data-element_type=\"widget\" data-e-type=\"widget\" data-widget_type=\"text-editor.default\">\n\t\t\t\t<div class=\"elementor-widget-container\">\n\t\t\t\t\t\t\t\t\t<ul>\n<li>Carlos Herv\u00e1s G\u00f3mez (Presidente)<\/li>\n<li>Rosario Ord\u00f3\u00f1ez Sierra<br><\/li>\n\n<li>Celia Moreno Morilla (Secretaria)<\/li><li>Jonatan Casta\u00f1o Mu\u00f1oz (Secretario)<br><\/li>\n<li>Suplente:&nbsp; Isabel L\u00f3pez Cobo<br><\/li>\n<\/ul>\n<p><em>* pr\u00f3xima renovaci\u00f3n: curso 2025\/26<\/em><\/p>\t\t\t\t\t\t\t\t<\/div>\n\t\t\t\t<\/div>\n\t\t\t\t\t<\/div>\n\t\t<\/div>\n\t\t\t\t\t<\/div>\n\t\t<\/section>\n\t\t\t\t<\/div>\n\t\t","protected":false},"excerpt":{"rendered":"<p>Comisi\u00f3n Permanente (Renovada CD 13-10-2022) Representantes Profesores\/as: M.\u00aa del Carmen Llorente Cejudo (Presidenta, en calidad de Directora del Departamento) Pedro Rom\u00e1n Grav\u00e1n (Secretario, en calidad de Secretario del Departamento) Soledad Garc\u00eda G\u00f3mez Carlos Herv\u00e1s G\u00f3mez. V\u00edctor Hugo Perera Rodr\u00edguez Raquel Barrag\u00e1n S\u00e1nchez Olga Buz\u00f3n Garc\u00eda Representantes Alumnos\/as: No hay Suplente: M.\u00aa del Mar Molina Navarro [&hellip;]<\/p>\n","protected":false},"author":1,"featured_media":0,"comment_status":"closed","ping_status":"open","sticky":false,"template":"","format":"standard","meta":{"footnotes":""},"categories":[11],"tags":[],"class_list":["post-246","post","type-post","status-publish","format-standard","hentry","category-gestion"],"yoast_head":"<!-- This site is optimized with the Yoast SEO plugin v27.3 - https:\/\/yoast.com\/product\/yoast-seo-wordpress\/ -->\n<title>Comisiones del Departamento - Departamento de Did\u00e1ctica y Organizaci\u00f3n Educativa<\/title>\n<meta name=\"robots\" content=\"index, follow, max-snippet:-1, max-image-preview:large, max-video-preview:-1\" \/>\n<link rel=\"canonical\" href=\"https:\/\/departamento.us.es\/ddoe\/comisiones-del-departamento\/\" \/>\n<meta property=\"og:locale\" content=\"es_ES\" \/>\n<meta property=\"og:type\" content=\"article\" \/>\n<meta property=\"og:title\" content=\"Comisiones del Departamento - Departamento de Did\u00e1ctica y Organizaci\u00f3n Educativa\" \/>\n<meta property=\"og:description\" content=\"Comisi\u00f3n Permanente (Renovada CD 13-10-2022) Representantes Profesores\/as: M.\u00aa del Carmen Llorente Cejudo (Presidenta, en calidad de Directora del Departamento) Pedro Rom\u00e1n Grav\u00e1n (Secretario, en calidad de Secretario del Departamento) Soledad Garc\u00eda G\u00f3mez Carlos Herv\u00e1s G\u00f3mez. V\u00edctor Hugo Perera Rodr\u00edguez Raquel Barrag\u00e1n S\u00e1nchez Olga Buz\u00f3n Garc\u00eda Representantes Alumnos\/as: No hay Suplente: M.\u00aa del Mar Molina Navarro [&hellip;]\" \/>\n<meta property=\"og:url\" content=\"https:\/\/departamento.us.es\/ddoe\/comisiones-del-departamento\/\" \/>\n<meta property=\"og:site_name\" content=\"Departamento de Did\u00e1ctica y Organizaci\u00f3n Educativa\" \/>\n<meta property=\"article:publisher\" content=\"https:\/\/www.facebook.com\/pages\/FacultaddeCienciasdelaEducacin\/108534009178825\/\" \/>\n<meta property=\"article:published_time\" content=\"2022-03-22T10:06:13+00:00\" \/>\n<meta property=\"article:modified_time\" content=\"2024-10-28T07:58:15+00:00\" \/>\n<meta name=\"author\" content=\"dartigas\" \/>\n<meta name=\"twitter:card\" content=\"summary_large_image\" \/>\n<meta name=\"twitter:creator\" content=\"@EducacionUs\" \/>\n<meta name=\"twitter:site\" content=\"@EducacionUs\" \/>\n<meta name=\"twitter:label1\" content=\"Escrito por\" \/>\n\t<meta name=\"twitter:data1\" content=\"dartigas\" \/>\n\t<meta name=\"twitter:label2\" content=\"Tiempo de lectura\" \/>\n\t<meta name=\"twitter:data2\" content=\"2 minutos\" \/>\n<script type=\"application\/ld+json\" class=\"yoast-schema-graph\">{\"@context\":\"https:\\\/\\\/schema.org\",\"@graph\":[{\"@type\":\"Article\",\"@id\":\"https:\\\/\\\/departamento.us.es\\\/ddoe\\\/comisiones-del-departamento\\\/#article\",\"isPartOf\":{\"@id\":\"https:\\\/\\\/departamento.us.es\\\/ddoe\\\/comisiones-del-departamento\\\/\"},\"author\":{\"name\":\"dartigas\",\"@id\":\"https:\\\/\\\/departamento.us.es\\\/ddoe\\\/#\\\/schema\\\/person\\\/73312dbbc57762f107e0ffa04a3c5b8e\"},\"headline\":\"Comisiones del Departamento\",\"datePublished\":\"2022-03-22T10:06:13+00:00\",\"dateModified\":\"2024-10-28T07:58:15+00:00\",\"mainEntityOfPage\":{\"@id\":\"https:\\\/\\\/departamento.us.es\\\/ddoe\\\/comisiones-del-departamento\\\/\"},\"wordCount\":516,\"publisher\":{\"@id\":\"https:\\\/\\\/departamento.us.es\\\/ddoe\\\/#organization\"},\"articleSection\":[\"Gesti\u00f3n\"],\"inLanguage\":\"es\"},{\"@type\":\"WebPage\",\"@id\":\"https:\\\/\\\/departamento.us.es\\\/ddoe\\\/comisiones-del-departamento\\\/\",\"url\":\"https:\\\/\\\/departamento.us.es\\\/ddoe\\\/comisiones-del-departamento\\\/\",\"name\":\"Comisiones del Departamento - Departamento de Did\u00e1ctica y Organizaci\u00f3n Educativa\",\"isPartOf\":{\"@id\":\"https:\\\/\\\/departamento.us.es\\\/ddoe\\\/#website\"},\"datePublished\":\"2022-03-22T10:06:13+00:00\",\"dateModified\":\"2024-10-28T07:58:15+00:00\",\"breadcrumb\":{\"@id\":\"https:\\\/\\\/departamento.us.es\\\/ddoe\\\/comisiones-del-departamento\\\/#breadcrumb\"},\"inLanguage\":\"es\",\"potentialAction\":[{\"@type\":\"ReadAction\",\"target\":[\"https:\\\/\\\/departamento.us.es\\\/ddoe\\\/comisiones-del-departamento\\\/\"]}]},{\"@type\":\"BreadcrumbList\",\"@id\":\"https:\\\/\\\/departamento.us.es\\\/ddoe\\\/comisiones-del-departamento\\\/#breadcrumb\",\"itemListElement\":[{\"@type\":\"ListItem\",\"position\":1,\"name\":\"Portada\",\"item\":\"https:\\\/\\\/departamento.us.es\\\/ddoe\\\/\"},{\"@type\":\"ListItem\",\"position\":2,\"name\":\"Comisiones del Departamento\"}]},{\"@type\":\"WebSite\",\"@id\":\"https:\\\/\\\/departamento.us.es\\\/ddoe\\\/#website\",\"url\":\"https:\\\/\\\/departamento.us.es\\\/ddoe\\\/\",\"name\":\"Departamento de Did\u00e1ctica y Organizaci\u00f3n Educativa\",\"description\":\"Universidad de Sevilla\",\"publisher\":{\"@id\":\"https:\\\/\\\/departamento.us.es\\\/ddoe\\\/#organization\"},\"potentialAction\":[{\"@type\":\"SearchAction\",\"target\":{\"@type\":\"EntryPoint\",\"urlTemplate\":\"https:\\\/\\\/departamento.us.es\\\/ddoe\\\/?s={search_term_string}\"},\"query-input\":{\"@type\":\"PropertyValueSpecification\",\"valueRequired\":true,\"valueName\":\"search_term_string\"}}],\"inLanguage\":\"es\"},{\"@type\":\"Organization\",\"@id\":\"https:\\\/\\\/departamento.us.es\\\/ddoe\\\/#organization\",\"name\":\"Departamento de Did\u00e1ctica y Organizaci\u00f3n Educativa\",\"url\":\"https:\\\/\\\/departamento.us.es\\\/ddoe\\\/\",\"logo\":{\"@type\":\"ImageObject\",\"inLanguage\":\"es\",\"@id\":\"https:\\\/\\\/departamento.us.es\\\/ddoe\\\/#\\\/schema\\\/logo\\\/image\\\/\",\"url\":\"https:\\\/\\\/departamento.us.es\\\/ddoe\\\/wp-content\\\/uploads\\\/2022\\\/04\\\/Logo-DOE-US-Ancho320-e1651127401434.png\",\"contentUrl\":\"https:\\\/\\\/departamento.us.es\\\/ddoe\\\/wp-content\\\/uploads\\\/2022\\\/04\\\/Logo-DOE-US-Ancho320-e1651127401434.png\",\"width\":320,\"height\":110,\"caption\":\"Departamento de Did\u00e1ctica y Organizaci\u00f3n Educativa\"},\"image\":{\"@id\":\"https:\\\/\\\/departamento.us.es\\\/ddoe\\\/#\\\/schema\\\/logo\\\/image\\\/\"},\"sameAs\":[\"https:\\\/\\\/www.facebook.com\\\/pages\\\/FacultaddeCienciasdelaEducacin\\\/108534009178825\\\/\",\"https:\\\/\\\/x.com\\\/EducacionUs\"]},{\"@type\":\"Person\",\"@id\":\"https:\\\/\\\/departamento.us.es\\\/ddoe\\\/#\\\/schema\\\/person\\\/73312dbbc57762f107e0ffa04a3c5b8e\",\"name\":\"dartigas\",\"image\":{\"@type\":\"ImageObject\",\"inLanguage\":\"es\",\"@id\":\"https:\\\/\\\/secure.gravatar.com\\\/avatar\\\/2ef85687ff0d3d82be312d59cb72f849b0e166ba82ad9eede91d680525fa2f7b?s=96&d=mm&r=g\",\"url\":\"https:\\\/\\\/secure.gravatar.com\\\/avatar\\\/2ef85687ff0d3d82be312d59cb72f849b0e166ba82ad9eede91d680525fa2f7b?s=96&d=mm&r=g\",\"contentUrl\":\"https:\\\/\\\/secure.gravatar.com\\\/avatar\\\/2ef85687ff0d3d82be312d59cb72f849b0e166ba82ad9eede91d680525fa2f7b?s=96&d=mm&r=g\",\"caption\":\"dartigas\"},\"sameAs\":[\"https:\\\/\\\/departamento.us.es\\\/ddoe\"],\"url\":\"https:\\\/\\\/departamento.us.es\\\/ddoe\\\/author\\\/dartigas\\\/\"}]}<\/script>\n<!-- \/ Yoast SEO plugin. -->","yoast_head_json":{"title":"Comisiones del Departamento - Departamento de Did\u00e1ctica y Organizaci\u00f3n Educativa","robots":{"index":"index","follow":"follow","max-snippet":"max-snippet:-1","max-image-preview":"max-image-preview:large","max-video-preview":"max-video-preview:-1"},"canonical":"https:\/\/departamento.us.es\/ddoe\/comisiones-del-departamento\/","og_locale":"es_ES","og_type":"article","og_title":"Comisiones del Departamento - Departamento de Did\u00e1ctica y Organizaci\u00f3n Educativa","og_description":"Comisi\u00f3n Permanente (Renovada CD 13-10-2022) Representantes Profesores\/as: M.\u00aa del Carmen Llorente Cejudo (Presidenta, en calidad de Directora del Departamento) Pedro Rom\u00e1n Grav\u00e1n (Secretario, en calidad de Secretario del Departamento) Soledad Garc\u00eda G\u00f3mez Carlos Herv\u00e1s G\u00f3mez. V\u00edctor Hugo Perera Rodr\u00edguez Raquel Barrag\u00e1n S\u00e1nchez Olga Buz\u00f3n Garc\u00eda Representantes Alumnos\/as: No hay Suplente: M.\u00aa del Mar Molina Navarro [&hellip;]","og_url":"https:\/\/departamento.us.es\/ddoe\/comisiones-del-departamento\/","og_site_name":"Departamento de Did\u00e1ctica y Organizaci\u00f3n Educativa","article_publisher":"https:\/\/www.facebook.com\/pages\/FacultaddeCienciasdelaEducacin\/108534009178825\/","article_published_time":"2022-03-22T10:06:13+00:00","article_modified_time":"2024-10-28T07:58:15+00:00","author":"dartigas","twitter_card":"summary_large_image","twitter_creator":"@EducacionUs","twitter_site":"@EducacionUs","twitter_misc":{"Escrito por":"dartigas","Tiempo de lectura":"2 minutos"},"schema":{"@context":"https:\/\/schema.org","@graph":[{"@type":"Article","@id":"https:\/\/departamento.us.es\/ddoe\/comisiones-del-departamento\/#article","isPartOf":{"@id":"https:\/\/departamento.us.es\/ddoe\/comisiones-del-departamento\/"},"author":{"name":"dartigas","@id":"https:\/\/departamento.us.es\/ddoe\/#\/schema\/person\/73312dbbc57762f107e0ffa04a3c5b8e"},"headline":"Comisiones del Departamento","datePublished":"2022-03-22T10:06:13+00:00","dateModified":"2024-10-28T07:58:15+00:00","mainEntityOfPage":{"@id":"https:\/\/departamento.us.es\/ddoe\/comisiones-del-departamento\/"},"wordCount":516,"publisher":{"@id":"https:\/\/departamento.us.es\/ddoe\/#organization"},"articleSection":["Gesti\u00f3n"],"inLanguage":"es"},{"@type":"WebPage","@id":"https:\/\/departamento.us.es\/ddoe\/comisiones-del-departamento\/","url":"https:\/\/departamento.us.es\/ddoe\/comisiones-del-departamento\/","name":"Comisiones del Departamento - Departamento de Did\u00e1ctica y Organizaci\u00f3n Educativa","isPartOf":{"@id":"https:\/\/departamento.us.es\/ddoe\/#website"},"datePublished":"2022-03-22T10:06:13+00:00","dateModified":"2024-10-28T07:58:15+00:00","breadcrumb":{"@id":"https:\/\/departamento.us.es\/ddoe\/comisiones-del-departamento\/#breadcrumb"},"inLanguage":"es","potentialAction":[{"@type":"ReadAction","target":["https:\/\/departamento.us.es\/ddoe\/comisiones-del-departamento\/"]}]},{"@type":"BreadcrumbList","@id":"https:\/\/departamento.us.es\/ddoe\/comisiones-del-departamento\/#breadcrumb","itemListElement":[{"@type":"ListItem","position":1,"name":"Portada","item":"https:\/\/departamento.us.es\/ddoe\/"},{"@type":"ListItem","position":2,"name":"Comisiones del Departamento"}]},{"@type":"WebSite","@id":"https:\/\/departamento.us.es\/ddoe\/#website","url":"https:\/\/departamento.us.es\/ddoe\/","name":"Departamento de Did\u00e1ctica y Organizaci\u00f3n Educativa","description":"Universidad de Sevilla","publisher":{"@id":"https:\/\/departamento.us.es\/ddoe\/#organization"},"potentialAction":[{"@type":"SearchAction","target":{"@type":"EntryPoint","urlTemplate":"https:\/\/departamento.us.es\/ddoe\/?s={search_term_string}"},"query-input":{"@type":"PropertyValueSpecification","valueRequired":true,"valueName":"search_term_string"}}],"inLanguage":"es"},{"@type":"Organization","@id":"https:\/\/departamento.us.es\/ddoe\/#organization","name":"Departamento de Did\u00e1ctica y Organizaci\u00f3n Educativa","url":"https:\/\/departamento.us.es\/ddoe\/","logo":{"@type":"ImageObject","inLanguage":"es","@id":"https:\/\/departamento.us.es\/ddoe\/#\/schema\/logo\/image\/","url":"https:\/\/departamento.us.es\/ddoe\/wp-content\/uploads\/2022\/04\/Logo-DOE-US-Ancho320-e1651127401434.png","contentUrl":"https:\/\/departamento.us.es\/ddoe\/wp-content\/uploads\/2022\/04\/Logo-DOE-US-Ancho320-e1651127401434.png","width":320,"height":110,"caption":"Departamento de Did\u00e1ctica y Organizaci\u00f3n Educativa"},"image":{"@id":"https:\/\/departamento.us.es\/ddoe\/#\/schema\/logo\/image\/"},"sameAs":["https:\/\/www.facebook.com\/pages\/FacultaddeCienciasdelaEducacin\/108534009178825\/","https:\/\/x.com\/EducacionUs"]},{"@type":"Person","@id":"https:\/\/departamento.us.es\/ddoe\/#\/schema\/person\/73312dbbc57762f107e0ffa04a3c5b8e","name":"dartigas","image":{"@type":"ImageObject","inLanguage":"es","@id":"https:\/\/secure.gravatar.com\/avatar\/2ef85687ff0d3d82be312d59cb72f849b0e166ba82ad9eede91d680525fa2f7b?s=96&d=mm&r=g","url":"https:\/\/secure.gravatar.com\/avatar\/2ef85687ff0d3d82be312d59cb72f849b0e166ba82ad9eede91d680525fa2f7b?s=96&d=mm&r=g","contentUrl":"https:\/\/secure.gravatar.com\/avatar\/2ef85687ff0d3d82be312d59cb72f849b0e166ba82ad9eede91d680525fa2f7b?s=96&d=mm&r=g","caption":"dartigas"},"sameAs":["https:\/\/departamento.us.es\/ddoe"],"url":"https:\/\/departamento.us.es\/ddoe\/author\/dartigas\/"}]}},"_links":{"self":[{"href":"https:\/\/departamento.us.es\/ddoe\/wp-json\/wp\/v2\/posts\/246","targetHints":{"allow":["GET"]}}],"collection":[{"href":"https:\/\/departamento.us.es\/ddoe\/wp-json\/wp\/v2\/posts"}],"about":[{"href":"https:\/\/departamento.us.es\/ddoe\/wp-json\/wp\/v2\/types\/post"}],"author":[{"embeddable":true,"href":"https:\/\/departamento.us.es\/ddoe\/wp-json\/wp\/v2\/users\/1"}],"replies":[{"embeddable":true,"href":"https:\/\/departamento.us.es\/ddoe\/wp-json\/wp\/v2\/comments?post=246"}],"version-history":[{"count":0,"href":"https:\/\/departamento.us.es\/ddoe\/wp-json\/wp\/v2\/posts\/246\/revisions"}],"wp:attachment":[{"href":"https:\/\/departamento.us.es\/ddoe\/wp-json\/wp\/v2\/media?parent=246"}],"wp:term":[{"taxonomy":"category","embeddable":true,"href":"https:\/\/departamento.us.es\/ddoe\/wp-json\/wp\/v2\/categories?post=246"},{"taxonomy":"post_tag","embeddable":true,"href":"https:\/\/departamento.us.es\/ddoe\/wp-json\/wp\/v2\/tags?post=246"}],"curies":[{"name":"wp","href":"https:\/\/api.w.org\/{rel}","templated":true}]}}