{"id":4554,"date":"2025-12-18T09:23:34","date_gmt":"2025-12-18T09:23:34","guid":{"rendered":"https:\/\/departamento.us.es\/ddoe\/?p=4554"},"modified":"2025-12-18T09:45:18","modified_gmt":"2025-12-18T09:45:18","slug":"publicacion-de-practicas-curso-2025-26","status":"publish","type":"post","link":"https:\/\/departamento.us.es\/ddoe\/publicacion-de-practicas-curso-2025-26\/","title":{"rendered":"Publicaci\u00f3n de Pr\u00e1cticas. Curso 2025-26"},"content":{"rendered":"\t\t<div data-elementor-type=\"wp-post\" data-elementor-id=\"4554\" class=\"elementor elementor-4554\" data-elementor-post-type=\"post\">\n\t\t\t\t\t\t<section class=\"elementor-section elementor-top-section elementor-element elementor-element-58098709 elementor-section-boxed elementor-section-height-default elementor-section-height-default\" data-id=\"58098709\" data-element_type=\"section\" data-e-type=\"section\">\n\t\t\t\t\t\t<div class=\"elementor-container elementor-column-gap-default\">\n\t\t\t\t\t<div class=\"elementor-column elementor-col-100 elementor-top-column elementor-element elementor-element-9363d4\" data-id=\"9363d4\" data-element_type=\"column\" data-e-type=\"column\">\n\t\t\t<div class=\"elementor-widget-wrap elementor-element-populated\">\n\t\t\t\t\t\t<div class=\"elementor-element elementor-element-23db8b4a elementor-widget__width-initial elementor-widget elementor-widget-text-editor\" data-id=\"23db8b4a\" data-element_type=\"widget\" data-e-type=\"widget\" data-widget_type=\"text-editor.default\">\n\t\t\t\t<div class=\"elementor-widget-container\">\n\t\t\t\t\t\t\t\t\t<p>Se informa de la publicaci\u00f3n en esta web as\u00ed como en el tabl\u00f3n de anuncios de nuestro Departamento, de la asignaci\u00f3n de pr\u00e1cticas curriculares de tercer y cuarto cursos.<\/p>\t\t\t\t\t\t\t\t<\/div>\n\t\t\t\t<\/div>\n\t\t\t\t\t<\/div>\n\t\t<\/div>\n\t\t\t\t\t<\/div>\n\t\t<\/section>\n\t\t\t\t<\/div>\n\t\t","protected":false},"excerpt":{"rendered":"<p>Se informa de la publicaci\u00f3n en esta web as\u00ed como en el tabl\u00f3n de anuncios de nuestro Departamento, de la asignaci\u00f3n de pr\u00e1cticas curriculares de tercer y cuarto cursos.<\/p>\n","protected":false},"author":6,"featured_media":112,"comment_status":"closed","ping_status":"open","sticky":false,"template":"","format":"standard","meta":{"footnotes":""},"categories":[24,1],"tags":[],"class_list":["post-4554","post","type-post","status-publish","format-standard","has-post-thumbnail","hentry","category-noticias","category-sin-categoria"],"yoast_head":"<!-- This site is optimized with the Yoast SEO plugin v27.3 - https:\/\/yoast.com\/product\/yoast-seo-wordpress\/ -->\n<title>Publicaci\u00f3n de Pr\u00e1cticas. Curso 2025-26 - Departamento de Did\u00e1ctica y Organizaci\u00f3n Educativa<\/title>\n<meta name=\"robots\" content=\"index, follow, max-snippet:-1, max-image-preview:large, max-video-preview:-1\" \/>\n<link rel=\"canonical\" href=\"https:\/\/departamento.us.es\/ddoe\/publicacion-de-practicas-curso-2025-26\/\" \/>\n<meta property=\"og:locale\" content=\"es_ES\" \/>\n<meta property=\"og:type\" content=\"article\" \/>\n<meta property=\"og:title\" content=\"Publicaci\u00f3n de Pr\u00e1cticas. Curso 2025-26 - Departamento de Did\u00e1ctica y Organizaci\u00f3n Educativa\" \/>\n<meta property=\"og:description\" content=\"Se informa de la publicaci\u00f3n en esta web as\u00ed como en el tabl\u00f3n de anuncios de nuestro Departamento, de la asignaci\u00f3n de pr\u00e1cticas curriculares de tercer y cuarto cursos.\" \/>\n<meta property=\"og:url\" content=\"https:\/\/departamento.us.es\/ddoe\/publicacion-de-practicas-curso-2025-26\/\" \/>\n<meta property=\"og:site_name\" content=\"Departamento de Did\u00e1ctica y Organizaci\u00f3n Educativa\" \/>\n<meta property=\"article:publisher\" content=\"https:\/\/www.facebook.com\/pages\/FacultaddeCienciasdelaEducacin\/108534009178825\/\" \/>\n<meta property=\"article:published_time\" content=\"2025-12-18T09:23:34+00:00\" \/>\n<meta property=\"article:modified_time\" content=\"2025-12-18T09:45:18+00:00\" \/>\n<meta property=\"og:image\" content=\"https:\/\/departamento.us.es\/ddoe\/wp-content\/uploads\/2022\/03\/Slider-3.jpg\" \/>\n\t<meta property=\"og:image:width\" content=\"1920\" \/>\n\t<meta property=\"og:image:height\" content=\"1371\" \/>\n\t<meta property=\"og:image:type\" content=\"image\/jpeg\" \/>\n<meta name=\"author\" content=\"Rub\u00e9n Garc\u00eda\" \/>\n<meta name=\"twitter:card\" content=\"summary_large_image\" \/>\n<meta name=\"twitter:creator\" content=\"@EducacionUs\" \/>\n<meta name=\"twitter:site\" content=\"@EducacionUs\" \/>\n<meta name=\"twitter:label1\" content=\"Escrito por\" \/>\n\t<meta name=\"twitter:data1\" content=\"Rub\u00e9n Garc\u00eda\" \/>\n\t<meta name=\"twitter:label2\" content=\"Tiempo de lectura\" \/>\n\t<meta name=\"twitter:data2\" content=\"1 minuto\" \/>\n<script type=\"application\/ld+json\" class=\"yoast-schema-graph\">{\"@context\":\"https:\\\/\\\/schema.org\",\"@graph\":[{\"@type\":\"Article\",\"@id\":\"https:\\\/\\\/departamento.us.es\\\/ddoe\\\/publicacion-de-practicas-curso-2025-26\\\/#article\",\"isPartOf\":{\"@id\":\"https:\\\/\\\/departamento.us.es\\\/ddoe\\\/publicacion-de-practicas-curso-2025-26\\\/\"},\"author\":{\"name\":\"Rub\u00e9n Garc\u00eda\",\"@id\":\"https:\\\/\\\/departamento.us.es\\\/ddoe\\\/#\\\/schema\\\/person\\\/b3f4f4ae0ccc568b06cc5034605f0edf\"},\"headline\":\"Publicaci\u00f3n de Pr\u00e1cticas. Curso 2025-26\",\"datePublished\":\"2025-12-18T09:23:34+00:00\",\"dateModified\":\"2025-12-18T09:45:18+00:00\",\"mainEntityOfPage\":{\"@id\":\"https:\\\/\\\/departamento.us.es\\\/ddoe\\\/publicacion-de-practicas-curso-2025-26\\\/\"},\"wordCount\":40,\"publisher\":{\"@id\":\"https:\\\/\\\/departamento.us.es\\\/ddoe\\\/#organization\"},\"image\":{\"@id\":\"https:\\\/\\\/departamento.us.es\\\/ddoe\\\/publicacion-de-practicas-curso-2025-26\\\/#primaryimage\"},\"thumbnailUrl\":\"https:\\\/\\\/departamento.us.es\\\/ddoe\\\/wp-content\\\/uploads\\\/2022\\\/03\\\/Slider-3.jpg\",\"articleSection\":[\"NOTICIAS\"],\"inLanguage\":\"es\"},{\"@type\":\"WebPage\",\"@id\":\"https:\\\/\\\/departamento.us.es\\\/ddoe\\\/publicacion-de-practicas-curso-2025-26\\\/\",\"url\":\"https:\\\/\\\/departamento.us.es\\\/ddoe\\\/publicacion-de-practicas-curso-2025-26\\\/\",\"name\":\"Publicaci\u00f3n de Pr\u00e1cticas. Curso 2025-26 - Departamento de Did\u00e1ctica y Organizaci\u00f3n Educativa\",\"isPartOf\":{\"@id\":\"https:\\\/\\\/departamento.us.es\\\/ddoe\\\/#website\"},\"primaryImageOfPage\":{\"@id\":\"https:\\\/\\\/departamento.us.es\\\/ddoe\\\/publicacion-de-practicas-curso-2025-26\\\/#primaryimage\"},\"image\":{\"@id\":\"https:\\\/\\\/departamento.us.es\\\/ddoe\\\/publicacion-de-practicas-curso-2025-26\\\/#primaryimage\"},\"thumbnailUrl\":\"https:\\\/\\\/departamento.us.es\\\/ddoe\\\/wp-content\\\/uploads\\\/2022\\\/03\\\/Slider-3.jpg\",\"datePublished\":\"2025-12-18T09:23:34+00:00\",\"dateModified\":\"2025-12-18T09:45:18+00:00\",\"breadcrumb\":{\"@id\":\"https:\\\/\\\/departamento.us.es\\\/ddoe\\\/publicacion-de-practicas-curso-2025-26\\\/#breadcrumb\"},\"inLanguage\":\"es\",\"potentialAction\":[{\"@type\":\"ReadAction\",\"target\":[\"https:\\\/\\\/departamento.us.es\\\/ddoe\\\/publicacion-de-practicas-curso-2025-26\\\/\"]}]},{\"@type\":\"ImageObject\",\"inLanguage\":\"es\",\"@id\":\"https:\\\/\\\/departamento.us.es\\\/ddoe\\\/publicacion-de-practicas-curso-2025-26\\\/#primaryimage\",\"url\":\"https:\\\/\\\/departamento.us.es\\\/ddoe\\\/wp-content\\\/uploads\\\/2022\\\/03\\\/Slider-3.jpg\",\"contentUrl\":\"https:\\\/\\\/departamento.us.es\\\/ddoe\\\/wp-content\\\/uploads\\\/2022\\\/03\\\/Slider-3.jpg\",\"width\":1920,\"height\":1371},{\"@type\":\"BreadcrumbList\",\"@id\":\"https:\\\/\\\/departamento.us.es\\\/ddoe\\\/publicacion-de-practicas-curso-2025-26\\\/#breadcrumb\",\"itemListElement\":[{\"@type\":\"ListItem\",\"position\":1,\"name\":\"Portada\",\"item\":\"https:\\\/\\\/departamento.us.es\\\/ddoe\\\/\"},{\"@type\":\"ListItem\",\"position\":2,\"name\":\"Publicaci\u00f3n de Pr\u00e1cticas. Curso 2025-26\"}]},{\"@type\":\"WebSite\",\"@id\":\"https:\\\/\\\/departamento.us.es\\\/ddoe\\\/#website\",\"url\":\"https:\\\/\\\/departamento.us.es\\\/ddoe\\\/\",\"name\":\"Departamento de Did\u00e1ctica y Organizaci\u00f3n Educativa\",\"description\":\"Universidad de Sevilla\",\"publisher\":{\"@id\":\"https:\\\/\\\/departamento.us.es\\\/ddoe\\\/#organization\"},\"potentialAction\":[{\"@type\":\"SearchAction\",\"target\":{\"@type\":\"EntryPoint\",\"urlTemplate\":\"https:\\\/\\\/departamento.us.es\\\/ddoe\\\/?s={search_term_string}\"},\"query-input\":{\"@type\":\"PropertyValueSpecification\",\"valueRequired\":true,\"valueName\":\"search_term_string\"}}],\"inLanguage\":\"es\"},{\"@type\":\"Organization\",\"@id\":\"https:\\\/\\\/departamento.us.es\\\/ddoe\\\/#organization\",\"name\":\"Departamento de Did\u00e1ctica y Organizaci\u00f3n Educativa\",\"url\":\"https:\\\/\\\/departamento.us.es\\\/ddoe\\\/\",\"logo\":{\"@type\":\"ImageObject\",\"inLanguage\":\"es\",\"@id\":\"https:\\\/\\\/departamento.us.es\\\/ddoe\\\/#\\\/schema\\\/logo\\\/image\\\/\",\"url\":\"https:\\\/\\\/departamento.us.es\\\/ddoe\\\/wp-content\\\/uploads\\\/2022\\\/04\\\/Logo-DOE-US-Ancho320-e1651127401434.png\",\"contentUrl\":\"https:\\\/\\\/departamento.us.es\\\/ddoe\\\/wp-content\\\/uploads\\\/2022\\\/04\\\/Logo-DOE-US-Ancho320-e1651127401434.png\",\"width\":320,\"height\":110,\"caption\":\"Departamento de Did\u00e1ctica y Organizaci\u00f3n Educativa\"},\"image\":{\"@id\":\"https:\\\/\\\/departamento.us.es\\\/ddoe\\\/#\\\/schema\\\/logo\\\/image\\\/\"},\"sameAs\":[\"https:\\\/\\\/www.facebook.com\\\/pages\\\/FacultaddeCienciasdelaEducacin\\\/108534009178825\\\/\",\"https:\\\/\\\/x.com\\\/EducacionUs\"]},{\"@type\":\"Person\",\"@id\":\"https:\\\/\\\/departamento.us.es\\\/ddoe\\\/#\\\/schema\\\/person\\\/b3f4f4ae0ccc568b06cc5034605f0edf\",\"name\":\"Rub\u00e9n Garc\u00eda\",\"image\":{\"@type\":\"ImageObject\",\"inLanguage\":\"es\",\"@id\":\"https:\\\/\\\/secure.gravatar.com\\\/avatar\\\/b68dc02de1db778aeb501d830ad6bdbcf8d5e15989e365246cff2c886aa22148?s=96&d=mm&r=g\",\"url\":\"https:\\\/\\\/secure.gravatar.com\\\/avatar\\\/b68dc02de1db778aeb501d830ad6bdbcf8d5e15989e365246cff2c886aa22148?s=96&d=mm&r=g\",\"contentUrl\":\"https:\\\/\\\/secure.gravatar.com\\\/avatar\\\/b68dc02de1db778aeb501d830ad6bdbcf8d5e15989e365246cff2c886aa22148?s=96&d=mm&r=g\",\"caption\":\"Rub\u00e9n Garc\u00eda\"},\"url\":\"https:\\\/\\\/departamento.us.es\\\/ddoe\\\/author\\\/ruben\\\/\"}]}<\/script>\n<!-- \/ Yoast SEO plugin. -->","yoast_head_json":{"title":"Publicaci\u00f3n de Pr\u00e1cticas. Curso 2025-26 - Departamento de Did\u00e1ctica y Organizaci\u00f3n Educativa","robots":{"index":"index","follow":"follow","max-snippet":"max-snippet:-1","max-image-preview":"max-image-preview:large","max-video-preview":"max-video-preview:-1"},"canonical":"https:\/\/departamento.us.es\/ddoe\/publicacion-de-practicas-curso-2025-26\/","og_locale":"es_ES","og_type":"article","og_title":"Publicaci\u00f3n de Pr\u00e1cticas. Curso 2025-26 - Departamento de Did\u00e1ctica y Organizaci\u00f3n Educativa","og_description":"Se informa de la publicaci\u00f3n en esta web as\u00ed como en el tabl\u00f3n de anuncios de nuestro Departamento, de la asignaci\u00f3n de pr\u00e1cticas curriculares de tercer y cuarto cursos.","og_url":"https:\/\/departamento.us.es\/ddoe\/publicacion-de-practicas-curso-2025-26\/","og_site_name":"Departamento de Did\u00e1ctica y Organizaci\u00f3n Educativa","article_publisher":"https:\/\/www.facebook.com\/pages\/FacultaddeCienciasdelaEducacin\/108534009178825\/","article_published_time":"2025-12-18T09:23:34+00:00","article_modified_time":"2025-12-18T09:45:18+00:00","og_image":[{"width":1920,"height":1371,"url":"https:\/\/departamento.us.es\/ddoe\/wp-content\/uploads\/2022\/03\/Slider-3.jpg","type":"image\/jpeg"}],"author":"Rub\u00e9n Garc\u00eda","twitter_card":"summary_large_image","twitter_creator":"@EducacionUs","twitter_site":"@EducacionUs","twitter_misc":{"Escrito por":"Rub\u00e9n Garc\u00eda","Tiempo de lectura":"1 minuto"},"schema":{"@context":"https:\/\/schema.org","@graph":[{"@type":"Article","@id":"https:\/\/departamento.us.es\/ddoe\/publicacion-de-practicas-curso-2025-26\/#article","isPartOf":{"@id":"https:\/\/departamento.us.es\/ddoe\/publicacion-de-practicas-curso-2025-26\/"},"author":{"name":"Rub\u00e9n Garc\u00eda","@id":"https:\/\/departamento.us.es\/ddoe\/#\/schema\/person\/b3f4f4ae0ccc568b06cc5034605f0edf"},"headline":"Publicaci\u00f3n de Pr\u00e1cticas. Curso 2025-26","datePublished":"2025-12-18T09:23:34+00:00","dateModified":"2025-12-18T09:45:18+00:00","mainEntityOfPage":{"@id":"https:\/\/departamento.us.es\/ddoe\/publicacion-de-practicas-curso-2025-26\/"},"wordCount":40,"publisher":{"@id":"https:\/\/departamento.us.es\/ddoe\/#organization"},"image":{"@id":"https:\/\/departamento.us.es\/ddoe\/publicacion-de-practicas-curso-2025-26\/#primaryimage"},"thumbnailUrl":"https:\/\/departamento.us.es\/ddoe\/wp-content\/uploads\/2022\/03\/Slider-3.jpg","articleSection":["NOTICIAS"],"inLanguage":"es"},{"@type":"WebPage","@id":"https:\/\/departamento.us.es\/ddoe\/publicacion-de-practicas-curso-2025-26\/","url":"https:\/\/departamento.us.es\/ddoe\/publicacion-de-practicas-curso-2025-26\/","name":"Publicaci\u00f3n de Pr\u00e1cticas. Curso 2025-26 - Departamento de Did\u00e1ctica y Organizaci\u00f3n Educativa","isPartOf":{"@id":"https:\/\/departamento.us.es\/ddoe\/#website"},"primaryImageOfPage":{"@id":"https:\/\/departamento.us.es\/ddoe\/publicacion-de-practicas-curso-2025-26\/#primaryimage"},"image":{"@id":"https:\/\/departamento.us.es\/ddoe\/publicacion-de-practicas-curso-2025-26\/#primaryimage"},"thumbnailUrl":"https:\/\/departamento.us.es\/ddoe\/wp-content\/uploads\/2022\/03\/Slider-3.jpg","datePublished":"2025-12-18T09:23:34+00:00","dateModified":"2025-12-18T09:45:18+00:00","breadcrumb":{"@id":"https:\/\/departamento.us.es\/ddoe\/publicacion-de-practicas-curso-2025-26\/#breadcrumb"},"inLanguage":"es","potentialAction":[{"@type":"ReadAction","target":["https:\/\/departamento.us.es\/ddoe\/publicacion-de-practicas-curso-2025-26\/"]}]},{"@type":"ImageObject","inLanguage":"es","@id":"https:\/\/departamento.us.es\/ddoe\/publicacion-de-practicas-curso-2025-26\/#primaryimage","url":"https:\/\/departamento.us.es\/ddoe\/wp-content\/uploads\/2022\/03\/Slider-3.jpg","contentUrl":"https:\/\/departamento.us.es\/ddoe\/wp-content\/uploads\/2022\/03\/Slider-3.jpg","width":1920,"height":1371},{"@type":"BreadcrumbList","@id":"https:\/\/departamento.us.es\/ddoe\/publicacion-de-practicas-curso-2025-26\/#breadcrumb","itemListElement":[{"@type":"ListItem","position":1,"name":"Portada","item":"https:\/\/departamento.us.es\/ddoe\/"},{"@type":"ListItem","position":2,"name":"Publicaci\u00f3n de Pr\u00e1cticas. Curso 2025-26"}]},{"@type":"WebSite","@id":"https:\/\/departamento.us.es\/ddoe\/#website","url":"https:\/\/departamento.us.es\/ddoe\/","name":"Departamento de Did\u00e1ctica y Organizaci\u00f3n Educativa","description":"Universidad de Sevilla","publisher":{"@id":"https:\/\/departamento.us.es\/ddoe\/#organization"},"potentialAction":[{"@type":"SearchAction","target":{"@type":"EntryPoint","urlTemplate":"https:\/\/departamento.us.es\/ddoe\/?s={search_term_string}"},"query-input":{"@type":"PropertyValueSpecification","valueRequired":true,"valueName":"search_term_string"}}],"inLanguage":"es"},{"@type":"Organization","@id":"https:\/\/departamento.us.es\/ddoe\/#organization","name":"Departamento de Did\u00e1ctica y Organizaci\u00f3n Educativa","url":"https:\/\/departamento.us.es\/ddoe\/","logo":{"@type":"ImageObject","inLanguage":"es","@id":"https:\/\/departamento.us.es\/ddoe\/#\/schema\/logo\/image\/","url":"https:\/\/departamento.us.es\/ddoe\/wp-content\/uploads\/2022\/04\/Logo-DOE-US-Ancho320-e1651127401434.png","contentUrl":"https:\/\/departamento.us.es\/ddoe\/wp-content\/uploads\/2022\/04\/Logo-DOE-US-Ancho320-e1651127401434.png","width":320,"height":110,"caption":"Departamento de Did\u00e1ctica y Organizaci\u00f3n Educativa"},"image":{"@id":"https:\/\/departamento.us.es\/ddoe\/#\/schema\/logo\/image\/"},"sameAs":["https:\/\/www.facebook.com\/pages\/FacultaddeCienciasdelaEducacin\/108534009178825\/","https:\/\/x.com\/EducacionUs"]},{"@type":"Person","@id":"https:\/\/departamento.us.es\/ddoe\/#\/schema\/person\/b3f4f4ae0ccc568b06cc5034605f0edf","name":"Rub\u00e9n Garc\u00eda","image":{"@type":"ImageObject","inLanguage":"es","@id":"https:\/\/secure.gravatar.com\/avatar\/b68dc02de1db778aeb501d830ad6bdbcf8d5e15989e365246cff2c886aa22148?s=96&d=mm&r=g","url":"https:\/\/secure.gravatar.com\/avatar\/b68dc02de1db778aeb501d830ad6bdbcf8d5e15989e365246cff2c886aa22148?s=96&d=mm&r=g","contentUrl":"https:\/\/secure.gravatar.com\/avatar\/b68dc02de1db778aeb501d830ad6bdbcf8d5e15989e365246cff2c886aa22148?s=96&d=mm&r=g","caption":"Rub\u00e9n Garc\u00eda"},"url":"https:\/\/departamento.us.es\/ddoe\/author\/ruben\/"}]}},"_links":{"self":[{"href":"https:\/\/departamento.us.es\/ddoe\/wp-json\/wp\/v2\/posts\/4554","targetHints":{"allow":["GET"]}}],"collection":[{"href":"https:\/\/departamento.us.es\/ddoe\/wp-json\/wp\/v2\/posts"}],"about":[{"href":"https:\/\/departamento.us.es\/ddoe\/wp-json\/wp\/v2\/types\/post"}],"author":[{"embeddable":true,"href":"https:\/\/departamento.us.es\/ddoe\/wp-json\/wp\/v2\/users\/6"}],"replies":[{"embeddable":true,"href":"https:\/\/departamento.us.es\/ddoe\/wp-json\/wp\/v2\/comments?post=4554"}],"version-history":[{"count":0,"href":"https:\/\/departamento.us.es\/ddoe\/wp-json\/wp\/v2\/posts\/4554\/revisions"}],"wp:featuredmedia":[{"embeddable":true,"href":"https:\/\/departamento.us.es\/ddoe\/wp-json\/wp\/v2\/media\/112"}],"wp:attachment":[{"href":"https:\/\/departamento.us.es\/ddoe\/wp-json\/wp\/v2\/media?parent=4554"}],"wp:term":[{"taxonomy":"category","embeddable":true,"href":"https:\/\/departamento.us.es\/ddoe\/wp-json\/wp\/v2\/categories?post=4554"},{"taxonomy":"post_tag","embeddable":true,"href":"https:\/\/departamento.us.es\/ddoe\/wp-json\/wp\/v2\/tags?post=4554"}],"curies":[{"name":"wp","href":"https:\/\/api.w.org\/{rel}","templated":true}]}}