{"id":721,"date":"2022-03-23T12:39:05","date_gmt":"2022-03-23T12:39:05","guid":{"rendered":"https:\/\/departamento.us.es\/ddoe\/?p=721"},"modified":"2022-04-08T14:13:44","modified_gmt":"2022-04-08T14:13:44","slug":"informacion-general","status":"publish","type":"post","link":"https:\/\/departamento.us.es\/ddoe\/informacion-general\/","title":{"rendered":"Informaci\u00f3n general"},"content":{"rendered":"<p>Le damos la bienvenida a la web <strong>del Departamento de Did\u00e1ctica y Organizaci\u00f3n Educativa (DOE)<\/strong> de la Universidad de Sevilla.<\/p>\n<p>A trav\u00e9s de esta p\u00e1gina web pod\u00e9is encontrar informaci\u00f3n acad\u00e9mica, investigadora y de gesti\u00f3n del grupo de docentes que componen el mismo, trabajando desde una perspectiva educativa en torno a valores de la ense\u00f1anza p\u00fablica, plural y diversa, siempre afines a todas las ense\u00f1anzas que se desarrollan desde nuestra <a href=\"https:\/\/educacion.us.es\/\" target=\"_blank\" rel=\"noopener\">Facultad de Ciencias de la Educaci\u00f3n<\/a>.<\/p>\n<p>Deseamos, desde este espacio, hacer part\u00edcipes a la comunidad universitaria, y a la educativa en general, de las iniciativas de este departamento, con el prop\u00f3sito de acercar y comunicar toda aquella informaci\u00f3n que pueda ser relevante a la hora de conocer m\u00e1s en profundidad nuestro departamento.<\/p>\n<p>As\u00ed mismo, animar a que quienes quieran hacernos propuestas de mejora, nos las hagan llegar para cumplir plenamente con nuestro compromiso educativo e informativo.<\/p>\n","protected":false},"excerpt":{"rendered":"<p>Le damos la bienvenida a la web del Departamento de Did\u00e1ctica y Organizaci\u00f3n Educativa (DOE) de la Universidad de Sevilla. A trav\u00e9s de esta p\u00e1gina web pod\u00e9is encontrar informaci\u00f3n acad\u00e9mica, investigadora y de gesti\u00f3n del grupo de docentes que componen el mismo, trabajando desde una perspectiva educativa en torno a valores de la ense\u00f1anza p\u00fablica, [&hellip;]<\/p>\n","protected":false},"author":1,"featured_media":0,"comment_status":"closed","ping_status":"open","sticky":false,"template":"","format":"standard","meta":{"footnotes":""},"categories":[10],"tags":[],"class_list":["post-721","post","type-post","status-publish","format-standard","hentry","category-informacion-general"],"yoast_head":"<!-- This site is optimized with the Yoast SEO plugin v27.3 - https:\/\/yoast.com\/product\/yoast-seo-wordpress\/ -->\n<title>Informaci\u00f3n general - Departamento de Did\u00e1ctica y Organizaci\u00f3n Educativa<\/title>\n<meta name=\"robots\" content=\"index, follow, max-snippet:-1, max-image-preview:large, max-video-preview:-1\" \/>\n<link rel=\"canonical\" href=\"https:\/\/departamento.us.es\/ddoe\/informacion-general\/\" \/>\n<meta property=\"og:locale\" content=\"es_ES\" \/>\n<meta property=\"og:type\" content=\"article\" \/>\n<meta property=\"og:title\" content=\"Informaci\u00f3n general - Departamento de Did\u00e1ctica y Organizaci\u00f3n Educativa\" \/>\n<meta property=\"og:description\" content=\"Le damos la bienvenida a la web del Departamento de Did\u00e1ctica y Organizaci\u00f3n Educativa (DOE) de la Universidad de Sevilla. A trav\u00e9s de esta p\u00e1gina web pod\u00e9is encontrar informaci\u00f3n acad\u00e9mica, investigadora y de gesti\u00f3n del grupo de docentes que componen el mismo, trabajando desde una perspectiva educativa en torno a valores de la ense\u00f1anza p\u00fablica, [&hellip;]\" \/>\n<meta property=\"og:url\" content=\"https:\/\/departamento.us.es\/ddoe\/informacion-general\/\" \/>\n<meta property=\"og:site_name\" content=\"Departamento de Did\u00e1ctica y Organizaci\u00f3n Educativa\" \/>\n<meta property=\"article:publisher\" content=\"https:\/\/www.facebook.com\/pages\/FacultaddeCienciasdelaEducacin\/108534009178825\/\" \/>\n<meta property=\"article:published_time\" content=\"2022-03-23T12:39:05+00:00\" \/>\n<meta property=\"article:modified_time\" content=\"2022-04-08T14:13:44+00:00\" \/>\n<meta name=\"author\" content=\"dartigas\" \/>\n<meta name=\"twitter:card\" content=\"summary_large_image\" \/>\n<meta name=\"twitter:creator\" content=\"@EducacionUs\" \/>\n<meta name=\"twitter:site\" content=\"@EducacionUs\" \/>\n<meta name=\"twitter:label1\" content=\"Escrito por\" \/>\n\t<meta name=\"twitter:data1\" content=\"dartigas\" \/>\n\t<meta name=\"twitter:label2\" content=\"Tiempo de lectura\" \/>\n\t<meta name=\"twitter:data2\" content=\"1 minuto\" \/>\n<script type=\"application\/ld+json\" class=\"yoast-schema-graph\">{\"@context\":\"https:\\\/\\\/schema.org\",\"@graph\":[{\"@type\":\"Article\",\"@id\":\"https:\\\/\\\/departamento.us.es\\\/ddoe\\\/informacion-general\\\/#article\",\"isPartOf\":{\"@id\":\"https:\\\/\\\/departamento.us.es\\\/ddoe\\\/informacion-general\\\/\"},\"author\":{\"name\":\"dartigas\",\"@id\":\"https:\\\/\\\/departamento.us.es\\\/ddoe\\\/#\\\/schema\\\/person\\\/73312dbbc57762f107e0ffa04a3c5b8e\"},\"headline\":\"Informaci\u00f3n general\",\"datePublished\":\"2022-03-23T12:39:05+00:00\",\"dateModified\":\"2022-04-08T14:13:44+00:00\",\"mainEntityOfPage\":{\"@id\":\"https:\\\/\\\/departamento.us.es\\\/ddoe\\\/informacion-general\\\/\"},\"wordCount\":164,\"publisher\":{\"@id\":\"https:\\\/\\\/departamento.us.es\\\/ddoe\\\/#organization\"},\"articleSection\":[\"Informaci\u00f3n General\"],\"inLanguage\":\"es\"},{\"@type\":\"WebPage\",\"@id\":\"https:\\\/\\\/departamento.us.es\\\/ddoe\\\/informacion-general\\\/\",\"url\":\"https:\\\/\\\/departamento.us.es\\\/ddoe\\\/informacion-general\\\/\",\"name\":\"Informaci\u00f3n general - Departamento de Did\u00e1ctica y Organizaci\u00f3n Educativa\",\"isPartOf\":{\"@id\":\"https:\\\/\\\/departamento.us.es\\\/ddoe\\\/#website\"},\"datePublished\":\"2022-03-23T12:39:05+00:00\",\"dateModified\":\"2022-04-08T14:13:44+00:00\",\"breadcrumb\":{\"@id\":\"https:\\\/\\\/departamento.us.es\\\/ddoe\\\/informacion-general\\\/#breadcrumb\"},\"inLanguage\":\"es\",\"potentialAction\":[{\"@type\":\"ReadAction\",\"target\":[\"https:\\\/\\\/departamento.us.es\\\/ddoe\\\/informacion-general\\\/\"]}]},{\"@type\":\"BreadcrumbList\",\"@id\":\"https:\\\/\\\/departamento.us.es\\\/ddoe\\\/informacion-general\\\/#breadcrumb\",\"itemListElement\":[{\"@type\":\"ListItem\",\"position\":1,\"name\":\"Portada\",\"item\":\"https:\\\/\\\/departamento.us.es\\\/ddoe\\\/\"},{\"@type\":\"ListItem\",\"position\":2,\"name\":\"Informaci\u00f3n general\"}]},{\"@type\":\"WebSite\",\"@id\":\"https:\\\/\\\/departamento.us.es\\\/ddoe\\\/#website\",\"url\":\"https:\\\/\\\/departamento.us.es\\\/ddoe\\\/\",\"name\":\"Departamento de Did\u00e1ctica y Organizaci\u00f3n Educativa\",\"description\":\"Universidad de Sevilla\",\"publisher\":{\"@id\":\"https:\\\/\\\/departamento.us.es\\\/ddoe\\\/#organization\"},\"potentialAction\":[{\"@type\":\"SearchAction\",\"target\":{\"@type\":\"EntryPoint\",\"urlTemplate\":\"https:\\\/\\\/departamento.us.es\\\/ddoe\\\/?s={search_term_string}\"},\"query-input\":{\"@type\":\"PropertyValueSpecification\",\"valueRequired\":true,\"valueName\":\"search_term_string\"}}],\"inLanguage\":\"es\"},{\"@type\":\"Organization\",\"@id\":\"https:\\\/\\\/departamento.us.es\\\/ddoe\\\/#organization\",\"name\":\"Departamento de Did\u00e1ctica y Organizaci\u00f3n Educativa\",\"url\":\"https:\\\/\\\/departamento.us.es\\\/ddoe\\\/\",\"logo\":{\"@type\":\"ImageObject\",\"inLanguage\":\"es\",\"@id\":\"https:\\\/\\\/departamento.us.es\\\/ddoe\\\/#\\\/schema\\\/logo\\\/image\\\/\",\"url\":\"https:\\\/\\\/departamento.us.es\\\/ddoe\\\/wp-content\\\/uploads\\\/2022\\\/04\\\/Logo-DOE-US-Ancho320-e1651127401434.png\",\"contentUrl\":\"https:\\\/\\\/departamento.us.es\\\/ddoe\\\/wp-content\\\/uploads\\\/2022\\\/04\\\/Logo-DOE-US-Ancho320-e1651127401434.png\",\"width\":320,\"height\":110,\"caption\":\"Departamento de Did\u00e1ctica y Organizaci\u00f3n Educativa\"},\"image\":{\"@id\":\"https:\\\/\\\/departamento.us.es\\\/ddoe\\\/#\\\/schema\\\/logo\\\/image\\\/\"},\"sameAs\":[\"https:\\\/\\\/www.facebook.com\\\/pages\\\/FacultaddeCienciasdelaEducacin\\\/108534009178825\\\/\",\"https:\\\/\\\/x.com\\\/EducacionUs\"]},{\"@type\":\"Person\",\"@id\":\"https:\\\/\\\/departamento.us.es\\\/ddoe\\\/#\\\/schema\\\/person\\\/73312dbbc57762f107e0ffa04a3c5b8e\",\"name\":\"dartigas\",\"image\":{\"@type\":\"ImageObject\",\"inLanguage\":\"es\",\"@id\":\"https:\\\/\\\/secure.gravatar.com\\\/avatar\\\/2ef85687ff0d3d82be312d59cb72f849b0e166ba82ad9eede91d680525fa2f7b?s=96&d=mm&r=g\",\"url\":\"https:\\\/\\\/secure.gravatar.com\\\/avatar\\\/2ef85687ff0d3d82be312d59cb72f849b0e166ba82ad9eede91d680525fa2f7b?s=96&d=mm&r=g\",\"contentUrl\":\"https:\\\/\\\/secure.gravatar.com\\\/avatar\\\/2ef85687ff0d3d82be312d59cb72f849b0e166ba82ad9eede91d680525fa2f7b?s=96&d=mm&r=g\",\"caption\":\"dartigas\"},\"sameAs\":[\"https:\\\/\\\/departamento.us.es\\\/ddoe\"],\"url\":\"https:\\\/\\\/departamento.us.es\\\/ddoe\\\/author\\\/dartigas\\\/\"}]}<\/script>\n<!-- \/ Yoast SEO plugin. -->","yoast_head_json":{"title":"Informaci\u00f3n general - Departamento de Did\u00e1ctica y Organizaci\u00f3n Educativa","robots":{"index":"index","follow":"follow","max-snippet":"max-snippet:-1","max-image-preview":"max-image-preview:large","max-video-preview":"max-video-preview:-1"},"canonical":"https:\/\/departamento.us.es\/ddoe\/informacion-general\/","og_locale":"es_ES","og_type":"article","og_title":"Informaci\u00f3n general - Departamento de Did\u00e1ctica y Organizaci\u00f3n Educativa","og_description":"Le damos la bienvenida a la web del Departamento de Did\u00e1ctica y Organizaci\u00f3n Educativa (DOE) de la Universidad de Sevilla. A trav\u00e9s de esta p\u00e1gina web pod\u00e9is encontrar informaci\u00f3n acad\u00e9mica, investigadora y de gesti\u00f3n del grupo de docentes que componen el mismo, trabajando desde una perspectiva educativa en torno a valores de la ense\u00f1anza p\u00fablica, [&hellip;]","og_url":"https:\/\/departamento.us.es\/ddoe\/informacion-general\/","og_site_name":"Departamento de Did\u00e1ctica y Organizaci\u00f3n Educativa","article_publisher":"https:\/\/www.facebook.com\/pages\/FacultaddeCienciasdelaEducacin\/108534009178825\/","article_published_time":"2022-03-23T12:39:05+00:00","article_modified_time":"2022-04-08T14:13:44+00:00","author":"dartigas","twitter_card":"summary_large_image","twitter_creator":"@EducacionUs","twitter_site":"@EducacionUs","twitter_misc":{"Escrito por":"dartigas","Tiempo de lectura":"1 minuto"},"schema":{"@context":"https:\/\/schema.org","@graph":[{"@type":"Article","@id":"https:\/\/departamento.us.es\/ddoe\/informacion-general\/#article","isPartOf":{"@id":"https:\/\/departamento.us.es\/ddoe\/informacion-general\/"},"author":{"name":"dartigas","@id":"https:\/\/departamento.us.es\/ddoe\/#\/schema\/person\/73312dbbc57762f107e0ffa04a3c5b8e"},"headline":"Informaci\u00f3n general","datePublished":"2022-03-23T12:39:05+00:00","dateModified":"2022-04-08T14:13:44+00:00","mainEntityOfPage":{"@id":"https:\/\/departamento.us.es\/ddoe\/informacion-general\/"},"wordCount":164,"publisher":{"@id":"https:\/\/departamento.us.es\/ddoe\/#organization"},"articleSection":["Informaci\u00f3n General"],"inLanguage":"es"},{"@type":"WebPage","@id":"https:\/\/departamento.us.es\/ddoe\/informacion-general\/","url":"https:\/\/departamento.us.es\/ddoe\/informacion-general\/","name":"Informaci\u00f3n general - Departamento de Did\u00e1ctica y Organizaci\u00f3n Educativa","isPartOf":{"@id":"https:\/\/departamento.us.es\/ddoe\/#website"},"datePublished":"2022-03-23T12:39:05+00:00","dateModified":"2022-04-08T14:13:44+00:00","breadcrumb":{"@id":"https:\/\/departamento.us.es\/ddoe\/informacion-general\/#breadcrumb"},"inLanguage":"es","potentialAction":[{"@type":"ReadAction","target":["https:\/\/departamento.us.es\/ddoe\/informacion-general\/"]}]},{"@type":"BreadcrumbList","@id":"https:\/\/departamento.us.es\/ddoe\/informacion-general\/#breadcrumb","itemListElement":[{"@type":"ListItem","position":1,"name":"Portada","item":"https:\/\/departamento.us.es\/ddoe\/"},{"@type":"ListItem","position":2,"name":"Informaci\u00f3n general"}]},{"@type":"WebSite","@id":"https:\/\/departamento.us.es\/ddoe\/#website","url":"https:\/\/departamento.us.es\/ddoe\/","name":"Departamento de Did\u00e1ctica y Organizaci\u00f3n Educativa","description":"Universidad de Sevilla","publisher":{"@id":"https:\/\/departamento.us.es\/ddoe\/#organization"},"potentialAction":[{"@type":"SearchAction","target":{"@type":"EntryPoint","urlTemplate":"https:\/\/departamento.us.es\/ddoe\/?s={search_term_string}"},"query-input":{"@type":"PropertyValueSpecification","valueRequired":true,"valueName":"search_term_string"}}],"inLanguage":"es"},{"@type":"Organization","@id":"https:\/\/departamento.us.es\/ddoe\/#organization","name":"Departamento de Did\u00e1ctica y Organizaci\u00f3n Educativa","url":"https:\/\/departamento.us.es\/ddoe\/","logo":{"@type":"ImageObject","inLanguage":"es","@id":"https:\/\/departamento.us.es\/ddoe\/#\/schema\/logo\/image\/","url":"https:\/\/departamento.us.es\/ddoe\/wp-content\/uploads\/2022\/04\/Logo-DOE-US-Ancho320-e1651127401434.png","contentUrl":"https:\/\/departamento.us.es\/ddoe\/wp-content\/uploads\/2022\/04\/Logo-DOE-US-Ancho320-e1651127401434.png","width":320,"height":110,"caption":"Departamento de Did\u00e1ctica y Organizaci\u00f3n Educativa"},"image":{"@id":"https:\/\/departamento.us.es\/ddoe\/#\/schema\/logo\/image\/"},"sameAs":["https:\/\/www.facebook.com\/pages\/FacultaddeCienciasdelaEducacin\/108534009178825\/","https:\/\/x.com\/EducacionUs"]},{"@type":"Person","@id":"https:\/\/departamento.us.es\/ddoe\/#\/schema\/person\/73312dbbc57762f107e0ffa04a3c5b8e","name":"dartigas","image":{"@type":"ImageObject","inLanguage":"es","@id":"https:\/\/secure.gravatar.com\/avatar\/2ef85687ff0d3d82be312d59cb72f849b0e166ba82ad9eede91d680525fa2f7b?s=96&d=mm&r=g","url":"https:\/\/secure.gravatar.com\/avatar\/2ef85687ff0d3d82be312d59cb72f849b0e166ba82ad9eede91d680525fa2f7b?s=96&d=mm&r=g","contentUrl":"https:\/\/secure.gravatar.com\/avatar\/2ef85687ff0d3d82be312d59cb72f849b0e166ba82ad9eede91d680525fa2f7b?s=96&d=mm&r=g","caption":"dartigas"},"sameAs":["https:\/\/departamento.us.es\/ddoe"],"url":"https:\/\/departamento.us.es\/ddoe\/author\/dartigas\/"}]}},"_links":{"self":[{"href":"https:\/\/departamento.us.es\/ddoe\/wp-json\/wp\/v2\/posts\/721","targetHints":{"allow":["GET"]}}],"collection":[{"href":"https:\/\/departamento.us.es\/ddoe\/wp-json\/wp\/v2\/posts"}],"about":[{"href":"https:\/\/departamento.us.es\/ddoe\/wp-json\/wp\/v2\/types\/post"}],"author":[{"embeddable":true,"href":"https:\/\/departamento.us.es\/ddoe\/wp-json\/wp\/v2\/users\/1"}],"replies":[{"embeddable":true,"href":"https:\/\/departamento.us.es\/ddoe\/wp-json\/wp\/v2\/comments?post=721"}],"version-history":[{"count":0,"href":"https:\/\/departamento.us.es\/ddoe\/wp-json\/wp\/v2\/posts\/721\/revisions"}],"wp:attachment":[{"href":"https:\/\/departamento.us.es\/ddoe\/wp-json\/wp\/v2\/media?parent=721"}],"wp:term":[{"taxonomy":"category","embeddable":true,"href":"https:\/\/departamento.us.es\/ddoe\/wp-json\/wp\/v2\/categories?post=721"},{"taxonomy":"post_tag","embeddable":true,"href":"https:\/\/departamento.us.es\/ddoe\/wp-json\/wp\/v2\/tags?post=721"}],"curies":[{"name":"wp","href":"https:\/\/api.w.org\/{rel}","templated":true}]}}