{"id":9673,"date":"2025-05-09T09:02:51","date_gmt":"2025-05-09T09:02:51","guid":{"rendered":"https:\/\/departamento.us.es\/deconapli2\/?p=9673"},"modified":"2025-05-10T18:10:38","modified_gmt":"2025-05-10T18:10:38","slug":"https-departamento-us-es-deconapli2-p9673previewtrue","status":"publish","type":"post","link":"https:\/\/departamento.us.es\/deconapli2\/noticias\/https-departamento-us-es-deconapli2-p9673previewtrue\/","title":{"rendered":"Defensa de Plaza de Profesor Titular TU-100-24 del Prof. Dr. V\u00edctor P\u00e9rez Le\u00f3n"},"content":{"rendered":"<p style=\"font-weight: 400;\">El viernes 11 de abril de 2025 tuvo lugar la Defensa de Plaza de Profesor Titular TU-100-24, \u00c1rea Econom\u00eda Aplicada, Departamento de Econom\u00eda Aplicada II.<a href=\"https:\/\/www.boe.es\/boe\/dias\/2025\/02\/05\/pdfs\/BOE-A-2025-2106.pdf\" target=\"_blank\" rel=\"noopener\"> Resoluci\u00f3n de 28 de enero de 2025, de la Universidad de Sevilla, BOE de 5 de febrero de 2025<\/a><\/p>\n<p style=\"font-weight: 400; text-align: justify;\">Perfil docente: Estad\u00edstica Avanzada (Grado de Administraci\u00f3n y Direcci\u00f3n de Empresas) \/ Econometr\u00eda para la Empresa (Grado en Administraci\u00f3n y Direcci\u00f3n de Empresas) \/ Aplicaciones Inform\u00e1ticas para la Estad\u00edstica y la Econometr\u00eda (M\u00e1ster Universitario en Consultor\u00eda Econ\u00f3mica y An\u00e1lisis Aplicado).<\/p>\n<p style=\"font-weight: 400;\">Perfil Investigador: \u00cdndices para la medici\u00f3n de aspectos multidimensionales: desarrollo regional, competitividad y sostenibilidad<\/p>\n<p style=\"font-weight: 400;\"><strong>Comisi\u00f3n Evaluadora:<\/strong><\/p>\n<p><img fetchpriority=\"high\" decoding=\"async\" class=\"wp-image-9672 size-medium alignleft\" style=\"text-align: justify;\" src=\"https:\/\/departamento.us.es\/deconapli2\/wp-content\/uploads\/2025\/05\/Plaza-2-300x225.jpg\" alt=\"\" width=\"300\" height=\"225\" srcset=\"https:\/\/departamento.us.es\/deconapli2\/wp-content\/uploads\/2025\/05\/Plaza-2-300x225.jpg 300w, https:\/\/departamento.us.es\/deconapli2\/wp-content\/uploads\/2025\/05\/Plaza-2-1024x768.jpg 1024w, https:\/\/departamento.us.es\/deconapli2\/wp-content\/uploads\/2025\/05\/Plaza-2-768x576.jpg 768w, https:\/\/departamento.us.es\/deconapli2\/wp-content\/uploads\/2025\/05\/Plaza-2-1536x1152.jpg 1536w, https:\/\/departamento.us.es\/deconapli2\/wp-content\/uploads\/2025\/05\/Plaza-2.jpg 1600w\" sizes=\"(max-width: 300px) 100vw, 300px\" \/><\/p>\n<p style=\"font-weight: 400;\">Presidenta. Dra. Mar\u00eda \u00c1ngeles Caraballo Pou (US)<\/p>\n<p style=\"font-weight: 400;\">Secretaria: Dra. Amparo M\u00e1rmol Conde (US)<\/p>\n<p style=\"font-weight: 400;\">Vocal: Dra. Mar\u00eda Manuela Segovia Gonz\u00e1lez (UPO)<\/p>\n<p style=\"font-weight: 400;\">Vocal: Dr. Francisco J. Blancas Peral (UPO)<\/p>\n<p style=\"font-weight: 400;\">Vocal: Dr. Miguel \u00c1ngel Gual Font (UPO)<\/p>\n","protected":false},"excerpt":{"rendered":"<p>El viernes 11 de abril de 2025 tuvo lugar la Defensa de Plaza de Profesor Titular TU-100-24, \u00c1rea Econom\u00eda Aplicada, Departamento de Econom\u00eda Aplicada II. Resoluci\u00f3n de 28 de enero de 2025, de la Universidad de Sevilla, BOE de 5 de febrero de 2025 Perfil docente: Estad\u00edstica Avanzada (Grado de Administraci\u00f3n y Direcci\u00f3n de Empresas) [&hellip;]<\/p>\n","protected":false},"author":15,"featured_media":9678,"comment_status":"closed","ping_status":"closed","sticky":false,"template":"","format":"standard","meta":{"footnotes":""},"categories":[10],"tags":[],"class_list":["post-9673","post","type-post","status-publish","format-standard","has-post-thumbnail","hentry","category-noticias"],"yoast_head":"<!-- This site is optimized with the Yoast SEO plugin v26.9 - https:\/\/yoast.com\/product\/yoast-seo-wordpress\/ -->\n<title>Defensa de Plaza de Profesor Titular TU-100-24 del Prof. Dr. V\u00edctor P\u00e9rez Le\u00f3n - Departamento de Econom\u00eda Aplicada II<\/title>\n<meta name=\"robots\" content=\"index, follow, max-snippet:-1, max-image-preview:large, max-video-preview:-1\" \/>\n<link rel=\"canonical\" href=\"https:\/\/departamento.us.es\/deconapli2\/noticias\/https-departamento-us-es-deconapli2-p9673previewtrue\/\" \/>\n<meta property=\"og:locale\" content=\"es_ES\" \/>\n<meta property=\"og:type\" content=\"article\" \/>\n<meta property=\"og:title\" content=\"Defensa de Plaza de Profesor Titular TU-100-24 del Prof. Dr. V\u00edctor P\u00e9rez Le\u00f3n - Departamento de Econom\u00eda Aplicada II\" \/>\n<meta property=\"og:description\" content=\"El viernes 11 de abril de 2025 tuvo lugar la Defensa de Plaza de Profesor Titular TU-100-24, \u00c1rea Econom\u00eda Aplicada, Departamento de Econom\u00eda Aplicada II. Resoluci\u00f3n de 28 de enero de 2025, de la Universidad de Sevilla, BOE de 5 de febrero de 2025 Perfil docente: Estad\u00edstica Avanzada (Grado de Administraci\u00f3n y Direcci\u00f3n de Empresas) [&hellip;]\" \/>\n<meta property=\"og:url\" content=\"https:\/\/departamento.us.es\/deconapli2\/noticias\/https-departamento-us-es-deconapli2-p9673previewtrue\/\" \/>\n<meta property=\"og:site_name\" content=\"Departamento de Econom\u00eda Aplicada II\" \/>\n<meta property=\"article:published_time\" content=\"2025-05-09T09:02:51+00:00\" \/>\n<meta property=\"article:modified_time\" content=\"2025-05-10T18:10:38+00:00\" \/>\n<meta property=\"og:image\" content=\"https:\/\/departamento.us.es\/deconapli2\/wp-content\/uploads\/2025\/05\/Captura-de-pantalla-2025-05-10-a-las-19.03.25.png\" \/>\n\t<meta property=\"og:image:width\" content=\"564\" \/>\n\t<meta property=\"og:image:height\" content=\"494\" \/>\n\t<meta property=\"og:image:type\" content=\"image\/png\" \/>\n<meta name=\"author\" content=\"jrodri\" \/>\n<meta name=\"twitter:card\" content=\"summary_large_image\" \/>\n<meta name=\"twitter:label1\" content=\"Escrito por\" \/>\n\t<meta name=\"twitter:data1\" content=\"jrodri\" \/>\n\t<meta name=\"twitter:label2\" content=\"Tiempo de lectura\" \/>\n\t<meta name=\"twitter:data2\" content=\"2 minutos\" \/>\n<script type=\"application\/ld+json\" class=\"yoast-schema-graph\">{\"@context\":\"https:\/\/schema.org\",\"@graph\":[{\"@type\":\"Article\",\"@id\":\"https:\/\/departamento.us.es\/deconapli2\/noticias\/https-departamento-us-es-deconapli2-p9673previewtrue\/#article\",\"isPartOf\":{\"@id\":\"https:\/\/departamento.us.es\/deconapli2\/noticias\/https-departamento-us-es-deconapli2-p9673previewtrue\/\"},\"author\":{\"name\":\"jrodri\",\"@id\":\"https:\/\/departamento.us.es\/deconapli2\/#\/schema\/person\/32a6ad94b669a813698cc916e57b4262\"},\"headline\":\"Defensa de Plaza de Profesor Titular TU-100-24 del Prof. Dr. V\u00edctor P\u00e9rez Le\u00f3n\",\"datePublished\":\"2025-05-09T09:02:51+00:00\",\"dateModified\":\"2025-05-10T18:10:38+00:00\",\"mainEntityOfPage\":{\"@id\":\"https:\/\/departamento.us.es\/deconapli2\/noticias\/https-departamento-us-es-deconapli2-p9673previewtrue\/\"},\"wordCount\":166,\"publisher\":{\"@id\":\"https:\/\/departamento.us.es\/deconapli2\/#organization\"},\"image\":{\"@id\":\"https:\/\/departamento.us.es\/deconapli2\/noticias\/https-departamento-us-es-deconapli2-p9673previewtrue\/#primaryimage\"},\"thumbnailUrl\":\"https:\/\/departamento.us.es\/deconapli2\/wp-content\/uploads\/2025\/05\/Captura-de-pantalla-2025-05-10-a-las-19.03.25.png\",\"articleSection\":[\"Noticias\"],\"inLanguage\":\"es\"},{\"@type\":\"WebPage\",\"@id\":\"https:\/\/departamento.us.es\/deconapli2\/noticias\/https-departamento-us-es-deconapli2-p9673previewtrue\/\",\"url\":\"https:\/\/departamento.us.es\/deconapli2\/noticias\/https-departamento-us-es-deconapli2-p9673previewtrue\/\",\"name\":\"Defensa de Plaza de Profesor Titular TU-100-24 del Prof. Dr. V\u00edctor P\u00e9rez Le\u00f3n - Departamento de Econom\u00eda Aplicada II\",\"isPartOf\":{\"@id\":\"https:\/\/departamento.us.es\/deconapli2\/#website\"},\"primaryImageOfPage\":{\"@id\":\"https:\/\/departamento.us.es\/deconapli2\/noticias\/https-departamento-us-es-deconapli2-p9673previewtrue\/#primaryimage\"},\"image\":{\"@id\":\"https:\/\/departamento.us.es\/deconapli2\/noticias\/https-departamento-us-es-deconapli2-p9673previewtrue\/#primaryimage\"},\"thumbnailUrl\":\"https:\/\/departamento.us.es\/deconapli2\/wp-content\/uploads\/2025\/05\/Captura-de-pantalla-2025-05-10-a-las-19.03.25.png\",\"datePublished\":\"2025-05-09T09:02:51+00:00\",\"dateModified\":\"2025-05-10T18:10:38+00:00\",\"inLanguage\":\"es\",\"potentialAction\":[{\"@type\":\"ReadAction\",\"target\":[\"https:\/\/departamento.us.es\/deconapli2\/noticias\/https-departamento-us-es-deconapli2-p9673previewtrue\/\"]}]},{\"@type\":\"ImageObject\",\"inLanguage\":\"es\",\"@id\":\"https:\/\/departamento.us.es\/deconapli2\/noticias\/https-departamento-us-es-deconapli2-p9673previewtrue\/#primaryimage\",\"url\":\"https:\/\/departamento.us.es\/deconapli2\/wp-content\/uploads\/2025\/05\/Captura-de-pantalla-2025-05-10-a-las-19.03.25.png\",\"contentUrl\":\"https:\/\/departamento.us.es\/deconapli2\/wp-content\/uploads\/2025\/05\/Captura-de-pantalla-2025-05-10-a-las-19.03.25.png\",\"width\":564,\"height\":494},{\"@type\":\"WebSite\",\"@id\":\"https:\/\/departamento.us.es\/deconapli2\/#website\",\"url\":\"https:\/\/departamento.us.es\/deconapli2\/\",\"name\":\"Departamento de Econom\u00eda Aplicada II\",\"description\":\"Universidad de Sevilla\",\"publisher\":{\"@id\":\"https:\/\/departamento.us.es\/deconapli2\/#organization\"},\"potentialAction\":[{\"@type\":\"SearchAction\",\"target\":{\"@type\":\"EntryPoint\",\"urlTemplate\":\"https:\/\/departamento.us.es\/deconapli2\/?s={search_term_string}\"},\"query-input\":{\"@type\":\"PropertyValueSpecification\",\"valueRequired\":true,\"valueName\":\"search_term_string\"}}],\"inLanguage\":\"es\"},{\"@type\":\"Organization\",\"@id\":\"https:\/\/departamento.us.es\/deconapli2\/#organization\",\"name\":\"Departamento de Econom\u00eda Aplicada II\",\"url\":\"https:\/\/departamento.us.es\/deconapli2\/\",\"logo\":{\"@type\":\"ImageObject\",\"inLanguage\":\"es\",\"@id\":\"https:\/\/departamento.us.es\/deconapli2\/#\/schema\/logo\/image\/\",\"url\":\"https:\/\/departamento.us.es\/deconapli2\/wp-content\/uploads\/2024\/06\/logo-deconapli2.png\",\"contentUrl\":\"https:\/\/departamento.us.es\/deconapli2\/wp-content\/uploads\/2024\/06\/logo-deconapli2.png\",\"width\":180,\"height\":180,\"caption\":\"Departamento de Econom\u00eda Aplicada II\"},\"image\":{\"@id\":\"https:\/\/departamento.us.es\/deconapli2\/#\/schema\/logo\/image\/\"}},{\"@type\":\"Person\",\"@id\":\"https:\/\/departamento.us.es\/deconapli2\/#\/schema\/person\/32a6ad94b669a813698cc916e57b4262\",\"name\":\"jrodri\",\"image\":{\"@type\":\"ImageObject\",\"inLanguage\":\"es\",\"@id\":\"https:\/\/departamento.us.es\/deconapli2\/#\/schema\/person\/image\/\",\"url\":\"https:\/\/secure.gravatar.com\/avatar\/b6d1d22794a8fc22986fe7b46a51db69868f08c6c0156963debb042304d3b242?s=96&d=mm&r=g\",\"contentUrl\":\"https:\/\/secure.gravatar.com\/avatar\/b6d1d22794a8fc22986fe7b46a51db69868f08c6c0156963debb042304d3b242?s=96&d=mm&r=g\",\"caption\":\"jrodri\"},\"url\":\"https:\/\/departamento.us.es\/deconapli2\/author\/jrodri\/\"}]}<\/script>\n<!-- \/ Yoast SEO plugin. -->","yoast_head_json":{"title":"Defensa de Plaza de Profesor Titular TU-100-24 del Prof. Dr. V\u00edctor P\u00e9rez Le\u00f3n - Departamento de Econom\u00eda Aplicada II","robots":{"index":"index","follow":"follow","max-snippet":"max-snippet:-1","max-image-preview":"max-image-preview:large","max-video-preview":"max-video-preview:-1"},"canonical":"https:\/\/departamento.us.es\/deconapli2\/noticias\/https-departamento-us-es-deconapli2-p9673previewtrue\/","og_locale":"es_ES","og_type":"article","og_title":"Defensa de Plaza de Profesor Titular TU-100-24 del Prof. Dr. V\u00edctor P\u00e9rez Le\u00f3n - Departamento de Econom\u00eda Aplicada II","og_description":"El viernes 11 de abril de 2025 tuvo lugar la Defensa de Plaza de Profesor Titular TU-100-24, \u00c1rea Econom\u00eda Aplicada, Departamento de Econom\u00eda Aplicada II. Resoluci\u00f3n de 28 de enero de 2025, de la Universidad de Sevilla, BOE de 5 de febrero de 2025 Perfil docente: Estad\u00edstica Avanzada (Grado de Administraci\u00f3n y Direcci\u00f3n de Empresas) [&hellip;]","og_url":"https:\/\/departamento.us.es\/deconapli2\/noticias\/https-departamento-us-es-deconapli2-p9673previewtrue\/","og_site_name":"Departamento de Econom\u00eda Aplicada II","article_published_time":"2025-05-09T09:02:51+00:00","article_modified_time":"2025-05-10T18:10:38+00:00","og_image":[{"width":564,"height":494,"url":"https:\/\/departamento.us.es\/deconapli2\/wp-content\/uploads\/2025\/05\/Captura-de-pantalla-2025-05-10-a-las-19.03.25.png","type":"image\/png"}],"author":"jrodri","twitter_card":"summary_large_image","twitter_misc":{"Escrito por":"jrodri","Tiempo de lectura":"2 minutos"},"schema":{"@context":"https:\/\/schema.org","@graph":[{"@type":"Article","@id":"https:\/\/departamento.us.es\/deconapli2\/noticias\/https-departamento-us-es-deconapli2-p9673previewtrue\/#article","isPartOf":{"@id":"https:\/\/departamento.us.es\/deconapli2\/noticias\/https-departamento-us-es-deconapli2-p9673previewtrue\/"},"author":{"name":"jrodri","@id":"https:\/\/departamento.us.es\/deconapli2\/#\/schema\/person\/32a6ad94b669a813698cc916e57b4262"},"headline":"Defensa de Plaza de Profesor Titular TU-100-24 del Prof. Dr. V\u00edctor P\u00e9rez Le\u00f3n","datePublished":"2025-05-09T09:02:51+00:00","dateModified":"2025-05-10T18:10:38+00:00","mainEntityOfPage":{"@id":"https:\/\/departamento.us.es\/deconapli2\/noticias\/https-departamento-us-es-deconapli2-p9673previewtrue\/"},"wordCount":166,"publisher":{"@id":"https:\/\/departamento.us.es\/deconapli2\/#organization"},"image":{"@id":"https:\/\/departamento.us.es\/deconapli2\/noticias\/https-departamento-us-es-deconapli2-p9673previewtrue\/#primaryimage"},"thumbnailUrl":"https:\/\/departamento.us.es\/deconapli2\/wp-content\/uploads\/2025\/05\/Captura-de-pantalla-2025-05-10-a-las-19.03.25.png","articleSection":["Noticias"],"inLanguage":"es"},{"@type":"WebPage","@id":"https:\/\/departamento.us.es\/deconapli2\/noticias\/https-departamento-us-es-deconapli2-p9673previewtrue\/","url":"https:\/\/departamento.us.es\/deconapli2\/noticias\/https-departamento-us-es-deconapli2-p9673previewtrue\/","name":"Defensa de Plaza de Profesor Titular TU-100-24 del Prof. Dr. V\u00edctor P\u00e9rez Le\u00f3n - Departamento de Econom\u00eda Aplicada II","isPartOf":{"@id":"https:\/\/departamento.us.es\/deconapli2\/#website"},"primaryImageOfPage":{"@id":"https:\/\/departamento.us.es\/deconapli2\/noticias\/https-departamento-us-es-deconapli2-p9673previewtrue\/#primaryimage"},"image":{"@id":"https:\/\/departamento.us.es\/deconapli2\/noticias\/https-departamento-us-es-deconapli2-p9673previewtrue\/#primaryimage"},"thumbnailUrl":"https:\/\/departamento.us.es\/deconapli2\/wp-content\/uploads\/2025\/05\/Captura-de-pantalla-2025-05-10-a-las-19.03.25.png","datePublished":"2025-05-09T09:02:51+00:00","dateModified":"2025-05-10T18:10:38+00:00","inLanguage":"es","potentialAction":[{"@type":"ReadAction","target":["https:\/\/departamento.us.es\/deconapli2\/noticias\/https-departamento-us-es-deconapli2-p9673previewtrue\/"]}]},{"@type":"ImageObject","inLanguage":"es","@id":"https:\/\/departamento.us.es\/deconapli2\/noticias\/https-departamento-us-es-deconapli2-p9673previewtrue\/#primaryimage","url":"https:\/\/departamento.us.es\/deconapli2\/wp-content\/uploads\/2025\/05\/Captura-de-pantalla-2025-05-10-a-las-19.03.25.png","contentUrl":"https:\/\/departamento.us.es\/deconapli2\/wp-content\/uploads\/2025\/05\/Captura-de-pantalla-2025-05-10-a-las-19.03.25.png","width":564,"height":494},{"@type":"WebSite","@id":"https:\/\/departamento.us.es\/deconapli2\/#website","url":"https:\/\/departamento.us.es\/deconapli2\/","name":"Departamento de Econom\u00eda Aplicada II","description":"Universidad de Sevilla","publisher":{"@id":"https:\/\/departamento.us.es\/deconapli2\/#organization"},"potentialAction":[{"@type":"SearchAction","target":{"@type":"EntryPoint","urlTemplate":"https:\/\/departamento.us.es\/deconapli2\/?s={search_term_string}"},"query-input":{"@type":"PropertyValueSpecification","valueRequired":true,"valueName":"search_term_string"}}],"inLanguage":"es"},{"@type":"Organization","@id":"https:\/\/departamento.us.es\/deconapli2\/#organization","name":"Departamento de Econom\u00eda Aplicada II","url":"https:\/\/departamento.us.es\/deconapli2\/","logo":{"@type":"ImageObject","inLanguage":"es","@id":"https:\/\/departamento.us.es\/deconapli2\/#\/schema\/logo\/image\/","url":"https:\/\/departamento.us.es\/deconapli2\/wp-content\/uploads\/2024\/06\/logo-deconapli2.png","contentUrl":"https:\/\/departamento.us.es\/deconapli2\/wp-content\/uploads\/2024\/06\/logo-deconapli2.png","width":180,"height":180,"caption":"Departamento de Econom\u00eda Aplicada II"},"image":{"@id":"https:\/\/departamento.us.es\/deconapli2\/#\/schema\/logo\/image\/"}},{"@type":"Person","@id":"https:\/\/departamento.us.es\/deconapli2\/#\/schema\/person\/32a6ad94b669a813698cc916e57b4262","name":"jrodri","image":{"@type":"ImageObject","inLanguage":"es","@id":"https:\/\/departamento.us.es\/deconapli2\/#\/schema\/person\/image\/","url":"https:\/\/secure.gravatar.com\/avatar\/b6d1d22794a8fc22986fe7b46a51db69868f08c6c0156963debb042304d3b242?s=96&d=mm&r=g","contentUrl":"https:\/\/secure.gravatar.com\/avatar\/b6d1d22794a8fc22986fe7b46a51db69868f08c6c0156963debb042304d3b242?s=96&d=mm&r=g","caption":"jrodri"},"url":"https:\/\/departamento.us.es\/deconapli2\/author\/jrodri\/"}]}},"_links":{"self":[{"href":"https:\/\/departamento.us.es\/deconapli2\/wp-json\/wp\/v2\/posts\/9673","targetHints":{"allow":["GET"]}}],"collection":[{"href":"https:\/\/departamento.us.es\/deconapli2\/wp-json\/wp\/v2\/posts"}],"about":[{"href":"https:\/\/departamento.us.es\/deconapli2\/wp-json\/wp\/v2\/types\/post"}],"author":[{"embeddable":true,"href":"https:\/\/departamento.us.es\/deconapli2\/wp-json\/wp\/v2\/users\/15"}],"replies":[{"embeddable":true,"href":"https:\/\/departamento.us.es\/deconapli2\/wp-json\/wp\/v2\/comments?post=9673"}],"version-history":[{"count":0,"href":"https:\/\/departamento.us.es\/deconapli2\/wp-json\/wp\/v2\/posts\/9673\/revisions"}],"wp:featuredmedia":[{"embeddable":true,"href":"https:\/\/departamento.us.es\/deconapli2\/wp-json\/wp\/v2\/media\/9678"}],"wp:attachment":[{"href":"https:\/\/departamento.us.es\/deconapli2\/wp-json\/wp\/v2\/media?parent=9673"}],"wp:term":[{"taxonomy":"category","embeddable":true,"href":"https:\/\/departamento.us.es\/deconapli2\/wp-json\/wp\/v2\/categories?post=9673"},{"taxonomy":"post_tag","embeddable":true,"href":"https:\/\/departamento.us.es\/deconapli2\/wp-json\/wp\/v2\/tags?post=9673"}],"curies":[{"name":"wp","href":"https:\/\/api.w.org\/{rel}","templated":true}]}}