{"id":9683,"date":"2025-07-04T11:36:08","date_gmt":"2025-07-04T11:36:08","guid":{"rendered":"https:\/\/departamento.us.es\/deconapli2\/?p=9683"},"modified":"2025-07-04T11:47:39","modified_gmt":"2025-07-04T11:47:39","slug":"https-departamento-us-es-deconapli2-p9683previewtrue","status":"publish","type":"post","link":"https:\/\/departamento.us.es\/deconapli2\/noticias\/https-departamento-us-es-deconapli2-p9683previewtrue\/","title":{"rendered":"Defensa de la Tesis Doctoral de D\u00ba. Eduardo Hern\u00e1ndez Rodr\u00edguez, titulada \u00abUpgrading and downgrading of global value chains in European regions: An evolutionary perspective\u00bb"},"content":{"rendered":"<p style=\"font-weight: 400;\">El viernes 27 de Junio a las 12:15 hrs tuvo lugar la Defensa de la tesis doctoral del Prof. D. Eduardo Hern\u00e1ndez Rodr\u00edguez, Profesor Sustituto Interino del Departamento de Econom\u00eda Aplicada II (FCEyE).<\/p>\n<p style=\"font-weight: 400;\">El acto de defensa se desarroll\u00f3 en el \u00abAcademiegebouw\u00bb de la Universidad de Utrecht, en Utrecht, Pa\u00edses Bajos.<\/p>\n<p>T\u00edtulo de la Tesis (EN): \u00abUpgrading and downgrading of global value chains in European regions: An evolutionary perspective\u00bb<\/p>\n<p>T\u00edtulo de la tesis (SP): \u00abMejora y deterioro de las cadenas globales de valor en la regiones europeas: Una perspectiva evolutiva\u00bb<\/p>\n<p style=\"font-weight: 400;\">La tesis fue supervisada por Ron Boschma (Universidad de Utrecht y Universidad de Stavanger) y Andrea Morrison (Universidad de Utrecht, Universidad de Pavia y Universidad Bocconi).<\/p>\n<p style=\"font-weight: 400;\"><strong>Miembros del tribunal:<\/strong><\/p>\n<p style=\"font-weight: 400;\">Carolina Castaldi (Universidad de Utrecht)<\/p>\n<p style=\"font-weight: 400;\">Koen Frenken (Universidad de Utrecht<\/p>\n<p style=\"font-weight: 400;\">Evert Meijers (Universidad de Utrecht<\/p>\n<p style=\"font-weight: 400;\">Roberta Rabellotti (Universidad de Pavia<\/p>\n<p style=\"font-weight: 400;\">Bart Los (Universidad de Groningen)<\/p>\n","protected":false},"excerpt":{"rendered":"<p>El viernes 27 de Junio a las 12:15 hrs tuvo lugar la Defensa de la tesis doctoral del Prof. D. Eduardo Hern\u00e1ndez Rodr\u00edguez, Profesor Sustituto Interino del Departamento de Econom\u00eda Aplicada II (FCEyE). El acto de defensa se desarroll\u00f3 en el \u00abAcademiegebouw\u00bb de la Universidad de Utrecht, en Utrecht, Pa\u00edses Bajos. T\u00edtulo de la Tesis [&hellip;]<\/p>\n","protected":false},"author":15,"featured_media":9684,"comment_status":"closed","ping_status":"closed","sticky":false,"template":"","format":"standard","meta":{"footnotes":""},"categories":[10],"tags":[],"class_list":["post-9683","post","type-post","status-publish","format-standard","has-post-thumbnail","hentry","category-noticias"],"yoast_head":"<!-- This site is optimized with the Yoast SEO plugin v26.9 - https:\/\/yoast.com\/product\/yoast-seo-wordpress\/ -->\n<title>Defensa de la Tesis Doctoral de D\u00ba. Eduardo Hern\u00e1ndez Rodr\u00edguez, titulada &quot;Upgrading and downgrading of global value chains in European regions: An evolutionary perspective&quot; - Departamento de Econom\u00eda Aplicada II<\/title>\n<meta name=\"robots\" content=\"index, follow, max-snippet:-1, max-image-preview:large, max-video-preview:-1\" \/>\n<link rel=\"canonical\" href=\"https:\/\/departamento.us.es\/deconapli2\/noticias\/https-departamento-us-es-deconapli2-p9683previewtrue\/\" \/>\n<meta property=\"og:locale\" content=\"es_ES\" \/>\n<meta property=\"og:type\" content=\"article\" \/>\n<meta property=\"og:title\" content=\"Defensa de la Tesis Doctoral de D\u00ba. Eduardo Hern\u00e1ndez Rodr\u00edguez, titulada &quot;Upgrading and downgrading of global value chains in European regions: An evolutionary perspective&quot; - Departamento de Econom\u00eda Aplicada II\" \/>\n<meta property=\"og:description\" content=\"El viernes 27 de Junio a las 12:15 hrs tuvo lugar la Defensa de la tesis doctoral del Prof. D. Eduardo Hern\u00e1ndez Rodr\u00edguez, Profesor Sustituto Interino del Departamento de Econom\u00eda Aplicada II (FCEyE). El acto de defensa se desarroll\u00f3 en el \u00abAcademiegebouw\u00bb de la Universidad de Utrecht, en Utrecht, Pa\u00edses Bajos. T\u00edtulo de la Tesis [&hellip;]\" \/>\n<meta property=\"og:url\" content=\"https:\/\/departamento.us.es\/deconapli2\/noticias\/https-departamento-us-es-deconapli2-p9683previewtrue\/\" \/>\n<meta property=\"og:site_name\" content=\"Departamento de Econom\u00eda Aplicada II\" \/>\n<meta property=\"article:published_time\" content=\"2025-07-04T11:36:08+00:00\" \/>\n<meta property=\"article:modified_time\" content=\"2025-07-04T11:47:39+00:00\" \/>\n<meta property=\"og:image\" content=\"https:\/\/departamento.us.es\/deconapli2\/wp-content\/uploads\/2025\/07\/1000060231-scaled.jpg\" \/>\n\t<meta property=\"og:image:width\" content=\"1920\" \/>\n\t<meta property=\"og:image:height\" content=\"2560\" \/>\n\t<meta property=\"og:image:type\" content=\"image\/jpeg\" \/>\n<meta name=\"author\" content=\"jrodri\" \/>\n<meta name=\"twitter:card\" content=\"summary_large_image\" \/>\n<meta name=\"twitter:label1\" content=\"Escrito por\" \/>\n\t<meta name=\"twitter:data1\" content=\"jrodri\" \/>\n\t<meta name=\"twitter:label2\" content=\"Tiempo de lectura\" \/>\n\t<meta name=\"twitter:data2\" content=\"1 minuto\" \/>\n<script type=\"application\/ld+json\" class=\"yoast-schema-graph\">{\"@context\":\"https:\/\/schema.org\",\"@graph\":[{\"@type\":\"Article\",\"@id\":\"https:\/\/departamento.us.es\/deconapli2\/noticias\/https-departamento-us-es-deconapli2-p9683previewtrue\/#article\",\"isPartOf\":{\"@id\":\"https:\/\/departamento.us.es\/deconapli2\/noticias\/https-departamento-us-es-deconapli2-p9683previewtrue\/\"},\"author\":{\"name\":\"jrodri\",\"@id\":\"https:\/\/departamento.us.es\/deconapli2\/#\/schema\/person\/32a6ad94b669a813698cc916e57b4262\"},\"headline\":\"Defensa de la Tesis Doctoral de D\u00ba. Eduardo Hern\u00e1ndez Rodr\u00edguez, titulada \u00abUpgrading and downgrading of global value chains in European regions: An evolutionary perspective\u00bb\",\"datePublished\":\"2025-07-04T11:36:08+00:00\",\"dateModified\":\"2025-07-04T11:47:39+00:00\",\"mainEntityOfPage\":{\"@id\":\"https:\/\/departamento.us.es\/deconapli2\/noticias\/https-departamento-us-es-deconapli2-p9683previewtrue\/\"},\"wordCount\":174,\"publisher\":{\"@id\":\"https:\/\/departamento.us.es\/deconapli2\/#organization\"},\"image\":{\"@id\":\"https:\/\/departamento.us.es\/deconapli2\/noticias\/https-departamento-us-es-deconapli2-p9683previewtrue\/#primaryimage\"},\"thumbnailUrl\":\"https:\/\/departamento.us.es\/deconapli2\/wp-content\/uploads\/2025\/07\/1000060231-scaled.jpg\",\"articleSection\":[\"Noticias\"],\"inLanguage\":\"es\"},{\"@type\":\"WebPage\",\"@id\":\"https:\/\/departamento.us.es\/deconapli2\/noticias\/https-departamento-us-es-deconapli2-p9683previewtrue\/\",\"url\":\"https:\/\/departamento.us.es\/deconapli2\/noticias\/https-departamento-us-es-deconapli2-p9683previewtrue\/\",\"name\":\"Defensa de la Tesis Doctoral de D\u00ba. Eduardo Hern\u00e1ndez Rodr\u00edguez, titulada \\\"Upgrading and downgrading of global value chains in European regions: An evolutionary perspective\\\" - Departamento de Econom\u00eda Aplicada II\",\"isPartOf\":{\"@id\":\"https:\/\/departamento.us.es\/deconapli2\/#website\"},\"primaryImageOfPage\":{\"@id\":\"https:\/\/departamento.us.es\/deconapli2\/noticias\/https-departamento-us-es-deconapli2-p9683previewtrue\/#primaryimage\"},\"image\":{\"@id\":\"https:\/\/departamento.us.es\/deconapli2\/noticias\/https-departamento-us-es-deconapli2-p9683previewtrue\/#primaryimage\"},\"thumbnailUrl\":\"https:\/\/departamento.us.es\/deconapli2\/wp-content\/uploads\/2025\/07\/1000060231-scaled.jpg\",\"datePublished\":\"2025-07-04T11:36:08+00:00\",\"dateModified\":\"2025-07-04T11:47:39+00:00\",\"inLanguage\":\"es\",\"potentialAction\":[{\"@type\":\"ReadAction\",\"target\":[\"https:\/\/departamento.us.es\/deconapli2\/noticias\/https-departamento-us-es-deconapli2-p9683previewtrue\/\"]}]},{\"@type\":\"ImageObject\",\"inLanguage\":\"es\",\"@id\":\"https:\/\/departamento.us.es\/deconapli2\/noticias\/https-departamento-us-es-deconapli2-p9683previewtrue\/#primaryimage\",\"url\":\"https:\/\/departamento.us.es\/deconapli2\/wp-content\/uploads\/2025\/07\/1000060231-scaled.jpg\",\"contentUrl\":\"https:\/\/departamento.us.es\/deconapli2\/wp-content\/uploads\/2025\/07\/1000060231-scaled.jpg\",\"width\":1920,\"height\":2560},{\"@type\":\"WebSite\",\"@id\":\"https:\/\/departamento.us.es\/deconapli2\/#website\",\"url\":\"https:\/\/departamento.us.es\/deconapli2\/\",\"name\":\"Departamento de Econom\u00eda Aplicada II\",\"description\":\"Universidad de Sevilla\",\"publisher\":{\"@id\":\"https:\/\/departamento.us.es\/deconapli2\/#organization\"},\"potentialAction\":[{\"@type\":\"SearchAction\",\"target\":{\"@type\":\"EntryPoint\",\"urlTemplate\":\"https:\/\/departamento.us.es\/deconapli2\/?s={search_term_string}\"},\"query-input\":{\"@type\":\"PropertyValueSpecification\",\"valueRequired\":true,\"valueName\":\"search_term_string\"}}],\"inLanguage\":\"es\"},{\"@type\":\"Organization\",\"@id\":\"https:\/\/departamento.us.es\/deconapli2\/#organization\",\"name\":\"Departamento de Econom\u00eda Aplicada II\",\"url\":\"https:\/\/departamento.us.es\/deconapli2\/\",\"logo\":{\"@type\":\"ImageObject\",\"inLanguage\":\"es\",\"@id\":\"https:\/\/departamento.us.es\/deconapli2\/#\/schema\/logo\/image\/\",\"url\":\"https:\/\/departamento.us.es\/deconapli2\/wp-content\/uploads\/2024\/06\/logo-deconapli2.png\",\"contentUrl\":\"https:\/\/departamento.us.es\/deconapli2\/wp-content\/uploads\/2024\/06\/logo-deconapli2.png\",\"width\":180,\"height\":180,\"caption\":\"Departamento de Econom\u00eda Aplicada II\"},\"image\":{\"@id\":\"https:\/\/departamento.us.es\/deconapli2\/#\/schema\/logo\/image\/\"}},{\"@type\":\"Person\",\"@id\":\"https:\/\/departamento.us.es\/deconapli2\/#\/schema\/person\/32a6ad94b669a813698cc916e57b4262\",\"name\":\"jrodri\",\"image\":{\"@type\":\"ImageObject\",\"inLanguage\":\"es\",\"@id\":\"https:\/\/departamento.us.es\/deconapli2\/#\/schema\/person\/image\/\",\"url\":\"https:\/\/secure.gravatar.com\/avatar\/b6d1d22794a8fc22986fe7b46a51db69868f08c6c0156963debb042304d3b242?s=96&d=mm&r=g\",\"contentUrl\":\"https:\/\/secure.gravatar.com\/avatar\/b6d1d22794a8fc22986fe7b46a51db69868f08c6c0156963debb042304d3b242?s=96&d=mm&r=g\",\"caption\":\"jrodri\"},\"url\":\"https:\/\/departamento.us.es\/deconapli2\/author\/jrodri\/\"}]}<\/script>\n<!-- \/ Yoast SEO plugin. -->","yoast_head_json":{"title":"Defensa de la Tesis Doctoral de D\u00ba. Eduardo Hern\u00e1ndez Rodr\u00edguez, titulada \"Upgrading and downgrading of global value chains in European regions: An evolutionary perspective\" - Departamento de Econom\u00eda Aplicada II","robots":{"index":"index","follow":"follow","max-snippet":"max-snippet:-1","max-image-preview":"max-image-preview:large","max-video-preview":"max-video-preview:-1"},"canonical":"https:\/\/departamento.us.es\/deconapli2\/noticias\/https-departamento-us-es-deconapli2-p9683previewtrue\/","og_locale":"es_ES","og_type":"article","og_title":"Defensa de la Tesis Doctoral de D\u00ba. Eduardo Hern\u00e1ndez Rodr\u00edguez, titulada \"Upgrading and downgrading of global value chains in European regions: An evolutionary perspective\" - Departamento de Econom\u00eda Aplicada II","og_description":"El viernes 27 de Junio a las 12:15 hrs tuvo lugar la Defensa de la tesis doctoral del Prof. D. Eduardo Hern\u00e1ndez Rodr\u00edguez, Profesor Sustituto Interino del Departamento de Econom\u00eda Aplicada II (FCEyE). El acto de defensa se desarroll\u00f3 en el \u00abAcademiegebouw\u00bb de la Universidad de Utrecht, en Utrecht, Pa\u00edses Bajos. T\u00edtulo de la Tesis [&hellip;]","og_url":"https:\/\/departamento.us.es\/deconapli2\/noticias\/https-departamento-us-es-deconapli2-p9683previewtrue\/","og_site_name":"Departamento de Econom\u00eda Aplicada II","article_published_time":"2025-07-04T11:36:08+00:00","article_modified_time":"2025-07-04T11:47:39+00:00","og_image":[{"width":1920,"height":2560,"url":"https:\/\/departamento.us.es\/deconapli2\/wp-content\/uploads\/2025\/07\/1000060231-scaled.jpg","type":"image\/jpeg"}],"author":"jrodri","twitter_card":"summary_large_image","twitter_misc":{"Escrito por":"jrodri","Tiempo de lectura":"1 minuto"},"schema":{"@context":"https:\/\/schema.org","@graph":[{"@type":"Article","@id":"https:\/\/departamento.us.es\/deconapli2\/noticias\/https-departamento-us-es-deconapli2-p9683previewtrue\/#article","isPartOf":{"@id":"https:\/\/departamento.us.es\/deconapli2\/noticias\/https-departamento-us-es-deconapli2-p9683previewtrue\/"},"author":{"name":"jrodri","@id":"https:\/\/departamento.us.es\/deconapli2\/#\/schema\/person\/32a6ad94b669a813698cc916e57b4262"},"headline":"Defensa de la Tesis Doctoral de D\u00ba. Eduardo Hern\u00e1ndez Rodr\u00edguez, titulada \u00abUpgrading and downgrading of global value chains in European regions: An evolutionary perspective\u00bb","datePublished":"2025-07-04T11:36:08+00:00","dateModified":"2025-07-04T11:47:39+00:00","mainEntityOfPage":{"@id":"https:\/\/departamento.us.es\/deconapli2\/noticias\/https-departamento-us-es-deconapli2-p9683previewtrue\/"},"wordCount":174,"publisher":{"@id":"https:\/\/departamento.us.es\/deconapli2\/#organization"},"image":{"@id":"https:\/\/departamento.us.es\/deconapli2\/noticias\/https-departamento-us-es-deconapli2-p9683previewtrue\/#primaryimage"},"thumbnailUrl":"https:\/\/departamento.us.es\/deconapli2\/wp-content\/uploads\/2025\/07\/1000060231-scaled.jpg","articleSection":["Noticias"],"inLanguage":"es"},{"@type":"WebPage","@id":"https:\/\/departamento.us.es\/deconapli2\/noticias\/https-departamento-us-es-deconapli2-p9683previewtrue\/","url":"https:\/\/departamento.us.es\/deconapli2\/noticias\/https-departamento-us-es-deconapli2-p9683previewtrue\/","name":"Defensa de la Tesis Doctoral de D\u00ba. Eduardo Hern\u00e1ndez Rodr\u00edguez, titulada \"Upgrading and downgrading of global value chains in European regions: An evolutionary perspective\" - Departamento de Econom\u00eda Aplicada II","isPartOf":{"@id":"https:\/\/departamento.us.es\/deconapli2\/#website"},"primaryImageOfPage":{"@id":"https:\/\/departamento.us.es\/deconapli2\/noticias\/https-departamento-us-es-deconapli2-p9683previewtrue\/#primaryimage"},"image":{"@id":"https:\/\/departamento.us.es\/deconapli2\/noticias\/https-departamento-us-es-deconapli2-p9683previewtrue\/#primaryimage"},"thumbnailUrl":"https:\/\/departamento.us.es\/deconapli2\/wp-content\/uploads\/2025\/07\/1000060231-scaled.jpg","datePublished":"2025-07-04T11:36:08+00:00","dateModified":"2025-07-04T11:47:39+00:00","inLanguage":"es","potentialAction":[{"@type":"ReadAction","target":["https:\/\/departamento.us.es\/deconapli2\/noticias\/https-departamento-us-es-deconapli2-p9683previewtrue\/"]}]},{"@type":"ImageObject","inLanguage":"es","@id":"https:\/\/departamento.us.es\/deconapli2\/noticias\/https-departamento-us-es-deconapli2-p9683previewtrue\/#primaryimage","url":"https:\/\/departamento.us.es\/deconapli2\/wp-content\/uploads\/2025\/07\/1000060231-scaled.jpg","contentUrl":"https:\/\/departamento.us.es\/deconapli2\/wp-content\/uploads\/2025\/07\/1000060231-scaled.jpg","width":1920,"height":2560},{"@type":"WebSite","@id":"https:\/\/departamento.us.es\/deconapli2\/#website","url":"https:\/\/departamento.us.es\/deconapli2\/","name":"Departamento de Econom\u00eda Aplicada II","description":"Universidad de Sevilla","publisher":{"@id":"https:\/\/departamento.us.es\/deconapli2\/#organization"},"potentialAction":[{"@type":"SearchAction","target":{"@type":"EntryPoint","urlTemplate":"https:\/\/departamento.us.es\/deconapli2\/?s={search_term_string}"},"query-input":{"@type":"PropertyValueSpecification","valueRequired":true,"valueName":"search_term_string"}}],"inLanguage":"es"},{"@type":"Organization","@id":"https:\/\/departamento.us.es\/deconapli2\/#organization","name":"Departamento de Econom\u00eda Aplicada II","url":"https:\/\/departamento.us.es\/deconapli2\/","logo":{"@type":"ImageObject","inLanguage":"es","@id":"https:\/\/departamento.us.es\/deconapli2\/#\/schema\/logo\/image\/","url":"https:\/\/departamento.us.es\/deconapli2\/wp-content\/uploads\/2024\/06\/logo-deconapli2.png","contentUrl":"https:\/\/departamento.us.es\/deconapli2\/wp-content\/uploads\/2024\/06\/logo-deconapli2.png","width":180,"height":180,"caption":"Departamento de Econom\u00eda Aplicada II"},"image":{"@id":"https:\/\/departamento.us.es\/deconapli2\/#\/schema\/logo\/image\/"}},{"@type":"Person","@id":"https:\/\/departamento.us.es\/deconapli2\/#\/schema\/person\/32a6ad94b669a813698cc916e57b4262","name":"jrodri","image":{"@type":"ImageObject","inLanguage":"es","@id":"https:\/\/departamento.us.es\/deconapli2\/#\/schema\/person\/image\/","url":"https:\/\/secure.gravatar.com\/avatar\/b6d1d22794a8fc22986fe7b46a51db69868f08c6c0156963debb042304d3b242?s=96&d=mm&r=g","contentUrl":"https:\/\/secure.gravatar.com\/avatar\/b6d1d22794a8fc22986fe7b46a51db69868f08c6c0156963debb042304d3b242?s=96&d=mm&r=g","caption":"jrodri"},"url":"https:\/\/departamento.us.es\/deconapli2\/author\/jrodri\/"}]}},"_links":{"self":[{"href":"https:\/\/departamento.us.es\/deconapli2\/wp-json\/wp\/v2\/posts\/9683","targetHints":{"allow":["GET"]}}],"collection":[{"href":"https:\/\/departamento.us.es\/deconapli2\/wp-json\/wp\/v2\/posts"}],"about":[{"href":"https:\/\/departamento.us.es\/deconapli2\/wp-json\/wp\/v2\/types\/post"}],"author":[{"embeddable":true,"href":"https:\/\/departamento.us.es\/deconapli2\/wp-json\/wp\/v2\/users\/15"}],"replies":[{"embeddable":true,"href":"https:\/\/departamento.us.es\/deconapli2\/wp-json\/wp\/v2\/comments?post=9683"}],"version-history":[{"count":0,"href":"https:\/\/departamento.us.es\/deconapli2\/wp-json\/wp\/v2\/posts\/9683\/revisions"}],"wp:featuredmedia":[{"embeddable":true,"href":"https:\/\/departamento.us.es\/deconapli2\/wp-json\/wp\/v2\/media\/9684"}],"wp:attachment":[{"href":"https:\/\/departamento.us.es\/deconapli2\/wp-json\/wp\/v2\/media?parent=9683"}],"wp:term":[{"taxonomy":"category","embeddable":true,"href":"https:\/\/departamento.us.es\/deconapli2\/wp-json\/wp\/v2\/categories?post=9683"},{"taxonomy":"post_tag","embeddable":true,"href":"https:\/\/departamento.us.es\/deconapli2\/wp-json\/wp\/v2\/tags?post=9683"}],"curies":[{"name":"wp","href":"https:\/\/api.w.org\/{rel}","templated":true}]}}