{"id":4138,"date":"2024-07-05T10:55:53","date_gmt":"2024-07-05T10:55:53","guid":{"rendered":"https:\/\/departamento.us.es\/destadio\/?p=4138"},"modified":"2024-09-19T11:48:08","modified_gmt":"2024-09-19T11:48:08","slug":"medalla-seio-2023","status":"publish","type":"post","link":"https:\/\/departamento.us.es\/destadio\/medalla-seio-2023\/","title":{"rendered":"Medalla SEIO 2024"},"content":{"rendered":"<p>El jurado encargado de evaluar las medallas SEIO 2023, reunido el d\u00eda 17 de junio de 2024, tras analizar las propuestas presentadas y deliberar sobre sus m\u00e9ritos ha decidido, un\u00e1nimemente, otorgar las siguientes medallas:<\/p>\n<p><strong>Emilio Fernando Carrizosa Priego<\/strong><\/p>\n<p>Por una contribuci\u00f3n sobresaliente y continuada de investigaci\u00f3n en el \u00e1rea de la Investigaci\u00f3n Operativa, fundamentalmente en Matem\u00e1tica Aplicada y en Ciencia de los datos (Aprendizaje autom\u00e1tico explicable y justo, clasificaci\u00f3n y regresi\u00f3n supervisadas), en programaci\u00f3n no lineal entera mixta, optimizaci\u00f3n global y vectorial.<\/p>\n<p>Por una investigaci\u00f3n interdisciplinar que conecta la investigaci\u00f3n operativa con otras disciplinas de la sociedad actual. Por su actividad investigadora ha recibido varios premios como el Premio Excelencia FAMA 2020 de la Universidad de Sevilla.<\/p>\n<p>Por un relevante liderazgo y capacidad para la creaci\u00f3n de equipos y desarrollo de grupos de investigaci\u00f3n, habiendo dirigido m\u00e1s de una docena de tesis doctorales a investigadores que hoy en d\u00eda tambi\u00e9n son un referente en la aplicaci\u00f3n de la Investigaci\u00f3n Operativa.\u00a0 Por su inter\u00e9s activo en la divulgaci\u00f3n y difusi\u00f3n de los beneficios de la Investigaci\u00f3n Operativa.<\/p>\n<p>Por su constante entusiasmo en conectar la Investigaci\u00f3n Operativa y la empresa, habiendo sido director del Instituto de Matem\u00e1ticas de la Universidad de Sevilla (IMUS), y siendo actualmente el presidente de MATH-IN, la Red Espa\u00f1ola de Matem\u00e1tica-Industria.\u00a0 Por estar involucrado en actividades de transferencia de conocimiento, liderando y participando en proyectos y contratos industriales en aplicaciones de la Investigaci\u00f3n Operativa a diferentes sectores.<\/p>\n<p>Por haber trabajado durante m\u00e1s de 25 a\u00f1os activamente por los objetivos de la SEIO, en particular, habiendo sido miembro de su Consejo Acad\u00e9mico de Investigaci\u00f3n Operativa, editor jefe de su revista TOP, miembro de su Consejo Ejecutivo, Vicepresidente y Presidente.<\/p>\n<p>En definitiva, por haber contribuido de manera destacada y continuada a la difusi\u00f3n y el impacto de la Investigaci\u00f3n Operativa dentro y fuera de Espa\u00f1a.<\/p>\n<p><strong>Mar\u00eda Dolores Ugarte Mart\u00ednez<\/strong><\/p>\n<p>Por la magnitud y excelencia de su investigaci\u00f3n en estad\u00edstica espacial que ha producido importantes contribuciones metodol\u00f3gicas publicadas en revistas prestigiosas de car\u00e1cter internacional en el \u00e1rea de estad\u00edstica y probabilidad. Son muy destacables sus trabajos en temas de an\u00e1lisis de datos en redes de localizaci\u00f3n, an\u00e1lisis de procesos y patrones puntuales, an\u00e1lisis de datos geoestad\u00edsticos, an\u00e1lisis de datos espaciales multivariantes, modelos edad-periodo-cohorte espaciales y estudios de la confusi\u00f3n entre efectos fijos y aleatorios en modelos espaciales de regresi\u00f3n ecol\u00f3gica, entre otros.<\/p>\n<p>Por un exitoso y fruct\u00edfero compromiso de difusi\u00f3n y propagaci\u00f3n de la estad\u00edstica como herramienta indispensable en la investigaci\u00f3n cuantitativa en disciplinas no estad\u00edsticas como la epidemiolog\u00eda, la qu\u00edmica, los estudios forestales, el an\u00e1lisis de im\u00e1genes satelitales, la climatolog\u00eda, etc. Por una visi\u00f3n cient\u00edfica absolutamente comprometida con importantes retos de nuestra sociedad como las enfermedades mentales, las desigualdades en salud, la violencia de g\u00e9nero, etc. Por su investigaci\u00f3n en este \u00faltimo tema, le fue concedido en 2021 el prestigioso premio SEIO-BBVA a la mejor contribuci\u00f3n aplicada en estad\u00edstica.<\/p>\n<p>Por una trayectoria internacional excepcional en el \u00e1mbito investigador (estancias y seminarios impartidos en centros de investigaci\u00f3n y universidades de reconocido prestigio internacional) as\u00ed como en temas de gesti\u00f3n acad\u00e9mica y cient\u00edfica. Es importante destacar su compromiso continuado durante m\u00e1s de una d\u00e9cada con FENStatS (The Federation of European National Statistical Societies) de la que actualmente es su presidenta.<\/p>\n<p>Por el empe\u00f1o y energ\u00eda en crear, impulsar y liderar un, ahora muy importante, grupo de investigaci\u00f3n en estad\u00edstica espacial en la Universidad P\u00fablica de Navarra, y su compromiso y trabajo continuado en la gesti\u00f3n de la ciencia siendo directora del Institute for Advanced Materials and Mathematics (INAMAT2) de la Universidad P\u00fablica de Navarra, y en el pasado presidenta de la Comisi\u00f3n C1 de la Comisi\u00f3n Nacional Evaluadora de la Actividad Investigadora (CNEAI) de la Agencia Nacional de Evaluaci\u00f3n y Acreditaci\u00f3n (ANECA) y haber desarrollado tareas de coordinaci\u00f3n del \u00e1rea de Matem\u00e1ticas en la Agencia Estatal de Investigaci\u00f3n.<\/p>\n<p>Por su constante e incansable implicaci\u00f3n en la SEIO, de la que ha sido Vicepresidenta de Estad\u00edstica y editora jefe de nuestra revista TEST.<\/p>\n<p><strong>Jurado de las Medallas SEIO 2024<\/strong><\/p>\n<p>Siguiendo lo establecido en las bases de la convocatoria de las Medallas de la SEIO 2024 y en virtud de los acuerdos del Consejo Ejecutivo de la SEIO alcanzados el pasado 21 de mayo, el Jurado de las Medallas SEIO 2024 ha estado formado por:<\/p>\n<p>Miembros natos:<\/p>\n<ul>\n<li>Carmen Armero Cervera<\/li>\n<li>Herminia I. Calvete Fern\u00e1ndez<\/li>\n<li>Rosa Crujeiras Casais<\/li>\n<li>Mercedes Landete Ruiz<\/li>\n<li>Francisco Javier Mart\u00edn Campo<\/li>\n<li>Mar\u00eda Dolores Mart\u00ednez Miranda<\/li>\n<li>Alfonso Mateos Caballero<\/li>\n<li>Bego\u00f1a Vitoriano Villanueva<\/li>\n<\/ul>\n<p>Investigadora en sustituci\u00f3n del miembro nato Tom\u00e1s Goicoa Mangado:<\/p>\n<ul>\n<li>In\u00e9s Mar\u00eda del Puerto Garc\u00eda<\/li>\n<\/ul>\n<p>Investigadores de reconocido prestigio:<\/p>\n<ul>\n<li>Martine Labb\u00e9<\/li>\n<li>Pere Puig Casado<\/li>\n<li>Enriqueta Vercher Gonz\u00e1lez<\/li>\n<li>Stefano Cabras (no particip\u00f3 en la reuni\u00f3n)<strong>*<\/strong><a name=\"_ednref1\"><\/a><\/li>\n<\/ul>\n<p>Madrid, 17 de junio de 2024.<\/p>\n","protected":false},"excerpt":{"rendered":"<p>El jurado encargado de evaluar las medallas SEIO 2023, reunido el d\u00eda 17 de junio de 2024, tras analizar las propuestas presentadas y deliberar sobre sus m\u00e9ritos ha decidido, un\u00e1nimemente, otorgar las siguientes medallas: Emilio Fernando Carrizosa Priego Por una contribuci\u00f3n sobresaliente y continuada de investigaci\u00f3n en el \u00e1rea de la Investigaci\u00f3n Operativa, fundamentalmente en [&hellip;]<\/p>\n","protected":false},"author":10,"featured_media":4131,"comment_status":"closed","ping_status":"open","sticky":false,"template":"","format":"standard","meta":{"footnotes":""},"categories":[10],"tags":[],"class_list":["post-4138","post","type-post","status-publish","format-standard","has-post-thumbnail","hentry","category-noticias"],"yoast_head":"<!-- This site is optimized with the Yoast SEO plugin v27.4 - https:\/\/yoast.com\/product\/yoast-seo-wordpress\/ -->\n<title>Medalla SEIO 2024 - DESTADIO<\/title>\n<meta name=\"robots\" content=\"index, follow, max-snippet:-1, max-image-preview:large, max-video-preview:-1\" \/>\n<link rel=\"canonical\" href=\"https:\/\/departamento.us.es\/destadio\/medalla-seio-2023\/\" \/>\n<meta property=\"og:locale\" content=\"es_ES\" \/>\n<meta property=\"og:type\" content=\"article\" \/>\n<meta property=\"og:title\" content=\"Medalla SEIO 2024 - DESTADIO\" \/>\n<meta property=\"og:description\" content=\"El jurado encargado de evaluar las medallas SEIO 2023, reunido el d\u00eda 17 de junio de 2024, tras analizar las propuestas presentadas y deliberar sobre sus m\u00e9ritos ha decidido, un\u00e1nimemente, otorgar las siguientes medallas: Emilio Fernando Carrizosa Priego Por una contribuci\u00f3n sobresaliente y continuada de investigaci\u00f3n en el \u00e1rea de la Investigaci\u00f3n Operativa, fundamentalmente en [&hellip;]\" \/>\n<meta property=\"og:url\" content=\"https:\/\/departamento.us.es\/destadio\/medalla-seio-2023\/\" \/>\n<meta property=\"og:site_name\" content=\"DESTADIO\" \/>\n<meta property=\"article:published_time\" content=\"2024-07-05T10:55:53+00:00\" \/>\n<meta property=\"article:modified_time\" content=\"2024-09-19T11:48:08+00:00\" \/>\n<meta property=\"og:image\" content=\"https:\/\/departamento.us.es\/destadio\/wp-content\/uploads\/2024\/07\/Medalla-SEIO-2024.jpg\" \/>\n\t<meta property=\"og:image:width\" content=\"784\" \/>\n\t<meta property=\"og:image:height\" content=\"536\" \/>\n\t<meta property=\"og:image:type\" content=\"image\/jpeg\" \/>\n<meta name=\"author\" content=\"Francisco M\u00e9ndez\" \/>\n<meta name=\"twitter:card\" content=\"summary_large_image\" \/>\n<meta name=\"twitter:label1\" content=\"Escrito por\" \/>\n\t<meta name=\"twitter:data1\" content=\"Francisco M\u00e9ndez\" \/>\n\t<meta name=\"twitter:label2\" content=\"Tiempo de lectura\" \/>\n\t<meta name=\"twitter:data2\" content=\"4 minutos\" \/>\n<script type=\"application\/ld+json\" class=\"yoast-schema-graph\">{\"@context\":\"https:\\\/\\\/schema.org\",\"@graph\":[{\"@type\":\"Article\",\"@id\":\"https:\\\/\\\/departamento.us.es\\\/destadio\\\/medalla-seio-2023\\\/#article\",\"isPartOf\":{\"@id\":\"https:\\\/\\\/departamento.us.es\\\/destadio\\\/medalla-seio-2023\\\/\"},\"author\":{\"name\":\"Francisco M\u00e9ndez\",\"@id\":\"https:\\\/\\\/departamento.us.es\\\/destadio\\\/#\\\/schema\\\/person\\\/7aa7421799a206253a51f9532449604f\"},\"headline\":\"Medalla SEIO 2024\",\"datePublished\":\"2024-07-05T10:55:53+00:00\",\"dateModified\":\"2024-09-19T11:48:08+00:00\",\"mainEntityOfPage\":{\"@id\":\"https:\\\/\\\/departamento.us.es\\\/destadio\\\/medalla-seio-2023\\\/\"},\"wordCount\":873,\"publisher\":{\"@id\":\"https:\\\/\\\/departamento.us.es\\\/destadio\\\/#organization\"},\"image\":{\"@id\":\"https:\\\/\\\/departamento.us.es\\\/destadio\\\/medalla-seio-2023\\\/#primaryimage\"},\"thumbnailUrl\":\"https:\\\/\\\/departamento.us.es\\\/destadio\\\/wp-content\\\/uploads\\\/2024\\\/07\\\/Medalla-SEIO-2024.jpg\",\"articleSection\":[\"Noticias\"],\"inLanguage\":\"es\"},{\"@type\":\"WebPage\",\"@id\":\"https:\\\/\\\/departamento.us.es\\\/destadio\\\/medalla-seio-2023\\\/\",\"url\":\"https:\\\/\\\/departamento.us.es\\\/destadio\\\/medalla-seio-2023\\\/\",\"name\":\"Medalla SEIO 2024 - DESTADIO\",\"isPartOf\":{\"@id\":\"https:\\\/\\\/departamento.us.es\\\/destadio\\\/#website\"},\"primaryImageOfPage\":{\"@id\":\"https:\\\/\\\/departamento.us.es\\\/destadio\\\/medalla-seio-2023\\\/#primaryimage\"},\"image\":{\"@id\":\"https:\\\/\\\/departamento.us.es\\\/destadio\\\/medalla-seio-2023\\\/#primaryimage\"},\"thumbnailUrl\":\"https:\\\/\\\/departamento.us.es\\\/destadio\\\/wp-content\\\/uploads\\\/2024\\\/07\\\/Medalla-SEIO-2024.jpg\",\"datePublished\":\"2024-07-05T10:55:53+00:00\",\"dateModified\":\"2024-09-19T11:48:08+00:00\",\"inLanguage\":\"es\",\"potentialAction\":[{\"@type\":\"ReadAction\",\"target\":[\"https:\\\/\\\/departamento.us.es\\\/destadio\\\/medalla-seio-2023\\\/\"]}]},{\"@type\":\"ImageObject\",\"inLanguage\":\"es\",\"@id\":\"https:\\\/\\\/departamento.us.es\\\/destadio\\\/medalla-seio-2023\\\/#primaryimage\",\"url\":\"https:\\\/\\\/departamento.us.es\\\/destadio\\\/wp-content\\\/uploads\\\/2024\\\/07\\\/Medalla-SEIO-2024.jpg\",\"contentUrl\":\"https:\\\/\\\/departamento.us.es\\\/destadio\\\/wp-content\\\/uploads\\\/2024\\\/07\\\/Medalla-SEIO-2024.jpg\",\"width\":784,\"height\":536},{\"@type\":\"WebSite\",\"@id\":\"https:\\\/\\\/departamento.us.es\\\/destadio\\\/#website\",\"url\":\"https:\\\/\\\/departamento.us.es\\\/destadio\\\/\",\"name\":\"DESTADIO\",\"description\":\"Departamento de Estad\u00edstica e Investigaci\u00f3n Operativa\",\"publisher\":{\"@id\":\"https:\\\/\\\/departamento.us.es\\\/destadio\\\/#organization\"},\"potentialAction\":[{\"@type\":\"SearchAction\",\"target\":{\"@type\":\"EntryPoint\",\"urlTemplate\":\"https:\\\/\\\/departamento.us.es\\\/destadio\\\/?s={search_term_string}\"},\"query-input\":{\"@type\":\"PropertyValueSpecification\",\"valueRequired\":true,\"valueName\":\"search_term_string\"}}],\"inLanguage\":\"es\"},{\"@type\":\"Organization\",\"@id\":\"https:\\\/\\\/departamento.us.es\\\/destadio\\\/#organization\",\"name\":\"DESTADIO\",\"url\":\"https:\\\/\\\/departamento.us.es\\\/destadio\\\/\",\"logo\":{\"@type\":\"ImageObject\",\"inLanguage\":\"es\",\"@id\":\"https:\\\/\\\/departamento.us.es\\\/destadio\\\/#\\\/schema\\\/logo\\\/image\\\/\",\"url\":\"https:\\\/\\\/departamento.us.es\\\/destadio\\\/wp-content\\\/uploads\\\/2022\\\/03\\\/logo_us.png\",\"contentUrl\":\"https:\\\/\\\/departamento.us.es\\\/destadio\\\/wp-content\\\/uploads\\\/2022\\\/03\\\/logo_us.png\",\"width\":300,\"height\":307,\"caption\":\"DESTADIO\"},\"image\":{\"@id\":\"https:\\\/\\\/departamento.us.es\\\/destadio\\\/#\\\/schema\\\/logo\\\/image\\\/\"}},{\"@type\":\"Person\",\"@id\":\"https:\\\/\\\/departamento.us.es\\\/destadio\\\/#\\\/schema\\\/person\\\/7aa7421799a206253a51f9532449604f\",\"name\":\"Francisco M\u00e9ndez\",\"image\":{\"@type\":\"ImageObject\",\"inLanguage\":\"es\",\"@id\":\"https:\\\/\\\/secure.gravatar.com\\\/avatar\\\/c85c7efd8d90fbf3d98d3d4bca85605fc738d0edbf129fcb1e8b16e94ea24aaa?s=96&d=mm&r=g\",\"url\":\"https:\\\/\\\/secure.gravatar.com\\\/avatar\\\/c85c7efd8d90fbf3d98d3d4bca85605fc738d0edbf129fcb1e8b16e94ea24aaa?s=96&d=mm&r=g\",\"contentUrl\":\"https:\\\/\\\/secure.gravatar.com\\\/avatar\\\/c85c7efd8d90fbf3d98d3d4bca85605fc738d0edbf129fcb1e8b16e94ea24aaa?s=96&d=mm&r=g\",\"caption\":\"Francisco M\u00e9ndez\"},\"url\":\"https:\\\/\\\/departamento.us.es\\\/destadio\\\/author\\\/destadio\\\/\"}]}<\/script>\n<!-- \/ Yoast SEO plugin. -->","yoast_head_json":{"title":"Medalla SEIO 2024 - DESTADIO","robots":{"index":"index","follow":"follow","max-snippet":"max-snippet:-1","max-image-preview":"max-image-preview:large","max-video-preview":"max-video-preview:-1"},"canonical":"https:\/\/departamento.us.es\/destadio\/medalla-seio-2023\/","og_locale":"es_ES","og_type":"article","og_title":"Medalla SEIO 2024 - DESTADIO","og_description":"El jurado encargado de evaluar las medallas SEIO 2023, reunido el d\u00eda 17 de junio de 2024, tras analizar las propuestas presentadas y deliberar sobre sus m\u00e9ritos ha decidido, un\u00e1nimemente, otorgar las siguientes medallas: Emilio Fernando Carrizosa Priego Por una contribuci\u00f3n sobresaliente y continuada de investigaci\u00f3n en el \u00e1rea de la Investigaci\u00f3n Operativa, fundamentalmente en [&hellip;]","og_url":"https:\/\/departamento.us.es\/destadio\/medalla-seio-2023\/","og_site_name":"DESTADIO","article_published_time":"2024-07-05T10:55:53+00:00","article_modified_time":"2024-09-19T11:48:08+00:00","og_image":[{"width":784,"height":536,"url":"https:\/\/departamento.us.es\/destadio\/wp-content\/uploads\/2024\/07\/Medalla-SEIO-2024.jpg","type":"image\/jpeg"}],"author":"Francisco M\u00e9ndez","twitter_card":"summary_large_image","twitter_misc":{"Escrito por":"Francisco M\u00e9ndez","Tiempo de lectura":"4 minutos"},"schema":{"@context":"https:\/\/schema.org","@graph":[{"@type":"Article","@id":"https:\/\/departamento.us.es\/destadio\/medalla-seio-2023\/#article","isPartOf":{"@id":"https:\/\/departamento.us.es\/destadio\/medalla-seio-2023\/"},"author":{"name":"Francisco M\u00e9ndez","@id":"https:\/\/departamento.us.es\/destadio\/#\/schema\/person\/7aa7421799a206253a51f9532449604f"},"headline":"Medalla SEIO 2024","datePublished":"2024-07-05T10:55:53+00:00","dateModified":"2024-09-19T11:48:08+00:00","mainEntityOfPage":{"@id":"https:\/\/departamento.us.es\/destadio\/medalla-seio-2023\/"},"wordCount":873,"publisher":{"@id":"https:\/\/departamento.us.es\/destadio\/#organization"},"image":{"@id":"https:\/\/departamento.us.es\/destadio\/medalla-seio-2023\/#primaryimage"},"thumbnailUrl":"https:\/\/departamento.us.es\/destadio\/wp-content\/uploads\/2024\/07\/Medalla-SEIO-2024.jpg","articleSection":["Noticias"],"inLanguage":"es"},{"@type":"WebPage","@id":"https:\/\/departamento.us.es\/destadio\/medalla-seio-2023\/","url":"https:\/\/departamento.us.es\/destadio\/medalla-seio-2023\/","name":"Medalla SEIO 2024 - DESTADIO","isPartOf":{"@id":"https:\/\/departamento.us.es\/destadio\/#website"},"primaryImageOfPage":{"@id":"https:\/\/departamento.us.es\/destadio\/medalla-seio-2023\/#primaryimage"},"image":{"@id":"https:\/\/departamento.us.es\/destadio\/medalla-seio-2023\/#primaryimage"},"thumbnailUrl":"https:\/\/departamento.us.es\/destadio\/wp-content\/uploads\/2024\/07\/Medalla-SEIO-2024.jpg","datePublished":"2024-07-05T10:55:53+00:00","dateModified":"2024-09-19T11:48:08+00:00","inLanguage":"es","potentialAction":[{"@type":"ReadAction","target":["https:\/\/departamento.us.es\/destadio\/medalla-seio-2023\/"]}]},{"@type":"ImageObject","inLanguage":"es","@id":"https:\/\/departamento.us.es\/destadio\/medalla-seio-2023\/#primaryimage","url":"https:\/\/departamento.us.es\/destadio\/wp-content\/uploads\/2024\/07\/Medalla-SEIO-2024.jpg","contentUrl":"https:\/\/departamento.us.es\/destadio\/wp-content\/uploads\/2024\/07\/Medalla-SEIO-2024.jpg","width":784,"height":536},{"@type":"WebSite","@id":"https:\/\/departamento.us.es\/destadio\/#website","url":"https:\/\/departamento.us.es\/destadio\/","name":"DESTADIO","description":"Departamento de Estad\u00edstica e Investigaci\u00f3n Operativa","publisher":{"@id":"https:\/\/departamento.us.es\/destadio\/#organization"},"potentialAction":[{"@type":"SearchAction","target":{"@type":"EntryPoint","urlTemplate":"https:\/\/departamento.us.es\/destadio\/?s={search_term_string}"},"query-input":{"@type":"PropertyValueSpecification","valueRequired":true,"valueName":"search_term_string"}}],"inLanguage":"es"},{"@type":"Organization","@id":"https:\/\/departamento.us.es\/destadio\/#organization","name":"DESTADIO","url":"https:\/\/departamento.us.es\/destadio\/","logo":{"@type":"ImageObject","inLanguage":"es","@id":"https:\/\/departamento.us.es\/destadio\/#\/schema\/logo\/image\/","url":"https:\/\/departamento.us.es\/destadio\/wp-content\/uploads\/2022\/03\/logo_us.png","contentUrl":"https:\/\/departamento.us.es\/destadio\/wp-content\/uploads\/2022\/03\/logo_us.png","width":300,"height":307,"caption":"DESTADIO"},"image":{"@id":"https:\/\/departamento.us.es\/destadio\/#\/schema\/logo\/image\/"}},{"@type":"Person","@id":"https:\/\/departamento.us.es\/destadio\/#\/schema\/person\/7aa7421799a206253a51f9532449604f","name":"Francisco M\u00e9ndez","image":{"@type":"ImageObject","inLanguage":"es","@id":"https:\/\/secure.gravatar.com\/avatar\/c85c7efd8d90fbf3d98d3d4bca85605fc738d0edbf129fcb1e8b16e94ea24aaa?s=96&d=mm&r=g","url":"https:\/\/secure.gravatar.com\/avatar\/c85c7efd8d90fbf3d98d3d4bca85605fc738d0edbf129fcb1e8b16e94ea24aaa?s=96&d=mm&r=g","contentUrl":"https:\/\/secure.gravatar.com\/avatar\/c85c7efd8d90fbf3d98d3d4bca85605fc738d0edbf129fcb1e8b16e94ea24aaa?s=96&d=mm&r=g","caption":"Francisco M\u00e9ndez"},"url":"https:\/\/departamento.us.es\/destadio\/author\/destadio\/"}]}},"_links":{"self":[{"href":"https:\/\/departamento.us.es\/destadio\/wp-json\/wp\/v2\/posts\/4138","targetHints":{"allow":["GET"]}}],"collection":[{"href":"https:\/\/departamento.us.es\/destadio\/wp-json\/wp\/v2\/posts"}],"about":[{"href":"https:\/\/departamento.us.es\/destadio\/wp-json\/wp\/v2\/types\/post"}],"author":[{"embeddable":true,"href":"https:\/\/departamento.us.es\/destadio\/wp-json\/wp\/v2\/users\/10"}],"replies":[{"embeddable":true,"href":"https:\/\/departamento.us.es\/destadio\/wp-json\/wp\/v2\/comments?post=4138"}],"version-history":[{"count":0,"href":"https:\/\/departamento.us.es\/destadio\/wp-json\/wp\/v2\/posts\/4138\/revisions"}],"wp:featuredmedia":[{"embeddable":true,"href":"https:\/\/departamento.us.es\/destadio\/wp-json\/wp\/v2\/media\/4131"}],"wp:attachment":[{"href":"https:\/\/departamento.us.es\/destadio\/wp-json\/wp\/v2\/media?parent=4138"}],"wp:term":[{"taxonomy":"category","embeddable":true,"href":"https:\/\/departamento.us.es\/destadio\/wp-json\/wp\/v2\/categories?post=4138"},{"taxonomy":"post_tag","embeddable":true,"href":"https:\/\/departamento.us.es\/destadio\/wp-json\/wp\/v2\/tags?post=4138"}],"curies":[{"name":"wp","href":"https:\/\/api.w.org\/{rel}","templated":true}]}}