{"id":1001,"date":"2025-12-18T14:51:37","date_gmt":"2025-12-18T13:51:37","guid":{"rendered":"https:\/\/departamento.us.es\/dpaetsas\/?p=1001"},"modified":"2026-01-07T12:29:40","modified_gmt":"2026-01-07T11:29:40","slug":"anon-abajas-rosa-maria","status":"publish","type":"post","link":"https:\/\/departamento.us.es\/dpaetsas\/anon-abajas-rosa-maria\/","title":{"rendered":"A\u00f1\u00f3n Abajas, Rosa Mar\u00eda"},"content":{"rendered":"<p>Profesora Titular de Universidad de la Universidad de Sevilla. Departamento de Proyectos Arquitect\u00f3nicos. Arquitecta en 1988. Doctora en 2001. Investigadora en el grupo HUM\u2013632, cofundadora de la revista Proyecto, Progreso, Arquitectura en 2010 y desde entonces secretaria del Consejo Editor. Autora de setenta publicaciones destacando libros como: La arquitectura de las escuelas primarias municipales de Sevilla hasta 1939 (2006); Arquitectura y Construcci\u00f3n: el paisaje como argumento (2009); Arquitectura, Investigaci\u00f3n, Proyecto y Obra. Intervenciones en contextos diversos (2024), y art\u00edculos de investigaci\u00f3n ACE, Artigrama; Cab\u00e1s; Estoa; PpA; Sustainability; VLC; ZARCH, entre otras revistas.<br \/>\nEnlaces:<\/p>\n<p><a href=\"https:\/\/investigacion.us.es\/sisius\/grupo\/HUM632\" target=\"_blank\" rel=\"noopener\">https:\/\/investigacion.us.es\/sisius\/grupo\/HUM632<\/a><\/p>\n<p><a href=\"https:\/\/prisma.us.es\/investigador\/186#\" target=\"_blank\" rel=\"noopener\">https:\/\/prisma.us.es\/investigador\/186#<\/a><\/p>\n<p><a href=\"https:\/\/orcid.org\/0000-0003-0720-4172\" target=\"_blank\" rel=\"noopener\">https:\/\/orcid.org\/0000-0003-0720-4172<\/a><\/p>\n","protected":false},"excerpt":{"rendered":"<p>Profesora Titular de Universidad de la Universidad de Sevilla. Departamento de Proyectos Arquitect\u00f3nicos. Arquitecta en 1988. Doctora en 2001. Investigadora en el grupo HUM\u2013632, cofundadora de la revista Proyecto, Progreso, Arquitectura en 2010 y desde entonces secretaria del Consejo Editor. Autora de setenta publicaciones destacando libros como: La arquitectura de las escuelas primarias municipales de [&hellip;]<\/p>\n","protected":false},"author":2,"featured_media":1002,"comment_status":"closed","ping_status":"closed","sticky":false,"template":"","format":"standard","meta":{"_acf_changed":false,"footnotes":""},"categories":[11],"tags":[],"class_list":["post-1001","post","type-post","status-publish","format-standard","has-post-thumbnail","hentry","category-profesor-a-titular"],"acf":[],"_links":{"self":[{"href":"https:\/\/departamento.us.es\/dpaetsas\/wp-json\/wp\/v2\/posts\/1001","targetHints":{"allow":["GET"]}}],"collection":[{"href":"https:\/\/departamento.us.es\/dpaetsas\/wp-json\/wp\/v2\/posts"}],"about":[{"href":"https:\/\/departamento.us.es\/dpaetsas\/wp-json\/wp\/v2\/types\/post"}],"author":[{"embeddable":true,"href":"https:\/\/departamento.us.es\/dpaetsas\/wp-json\/wp\/v2\/users\/2"}],"replies":[{"embeddable":true,"href":"https:\/\/departamento.us.es\/dpaetsas\/wp-json\/wp\/v2\/comments?post=1001"}],"version-history":[{"count":0,"href":"https:\/\/departamento.us.es\/dpaetsas\/wp-json\/wp\/v2\/posts\/1001\/revisions"}],"wp:featuredmedia":[{"embeddable":true,"href":"https:\/\/departamento.us.es\/dpaetsas\/wp-json\/wp\/v2\/media\/1002"}],"wp:attachment":[{"href":"https:\/\/departamento.us.es\/dpaetsas\/wp-json\/wp\/v2\/media?parent=1001"}],"wp:term":[{"taxonomy":"category","embeddable":true,"href":"https:\/\/departamento.us.es\/dpaetsas\/wp-json\/wp\/v2\/categories?post=1001"},{"taxonomy":"post_tag","embeddable":true,"href":"https:\/\/departamento.us.es\/dpaetsas\/wp-json\/wp\/v2\/tags?post=1001"}],"curies":[{"name":"wp","href":"https:\/\/api.w.org\/{rel}","templated":true}]}}