{"id":1031,"date":"2026-01-07T09:19:48","date_gmt":"2026-01-07T08:19:48","guid":{"rendered":"https:\/\/departamento.us.es\/dpaetsas\/?p=1031"},"modified":"2026-01-07T09:19:48","modified_gmt":"2026-01-07T08:19:48","slug":"lopez-mena-german","status":"publish","type":"post","link":"https:\/\/departamento.us.es\/dpaetsas\/lopez-mena-german\/","title":{"rendered":"L\u00f3pez Mena, German"},"content":{"rendered":"<p>Arquitecto por la Universidad de Sevilla en 1992. Doctor en 2017 con la tesis: La arquitectura ante el desaf\u00edo de los asentamientos irregulares. Pautas para la realizaci\u00f3n de proyectos de mejora del h\u00e1bitat en Rep\u00fablica Dominicana. Profesor del Departamento de Proyectos Arquitect\u00f3nicos desde 2004, actualmente Contratado Doctor. Coautor de art\u00edculos cient\u00edficos: <em>Procesos de gesti\u00f3n social para la mejora barrial. La experiencia de la metodolog\u00eda PLAN BARRIO<\/em>, QRU n\u00ba10, 2020; <em>Indicadores para el an\u00e1lisis de la situaci\u00f3n del h\u00e1bitat. Ejemplo de aplicaci\u00f3n \u00c1frica<\/em>, HyS n\u00ba18, 2025<\/p>\n<p>Autor de obras incluidas en el cat\u00e1logo de Patrimonios Inmueble de Andaluc\u00eda, y publicadas en revistas especializadas de arquitectura como: AV Monograf\u00edas n\u00ba92, 2003; Neutra n\u00ba 12 y 13, 2005; Arquitectura ib\u00e9rica n\u00ba6, 2005, Arquitectura escolar n\u00ba9, 2006.<\/p>\n<p>&nbsp;<\/p>\n","protected":false},"excerpt":{"rendered":"<p>Arquitecto por la Universidad de Sevilla en 1992. Doctor en 2017 con la tesis: La arquitectura ante el desaf\u00edo de los asentamientos irregulares. Pautas para la realizaci\u00f3n de proyectos de mejora del h\u00e1bitat en Rep\u00fablica Dominicana. Profesor del Departamento de Proyectos Arquitect\u00f3nicos desde 2004, actualmente Contratado Doctor. Coautor de art\u00edculos cient\u00edficos: Procesos de gesti\u00f3n social [&hellip;]<\/p>\n","protected":false},"author":2,"featured_media":1032,"comment_status":"closed","ping_status":"closed","sticky":false,"template":"","format":"standard","meta":{"_acf_changed":false,"footnotes":""},"categories":[12],"tags":[],"class_list":["post-1031","post","type-post","status-publish","format-standard","has-post-thumbnail","hentry","category-profesor-a-contratado-doctor"],"acf":[],"_links":{"self":[{"href":"https:\/\/departamento.us.es\/dpaetsas\/wp-json\/wp\/v2\/posts\/1031","targetHints":{"allow":["GET"]}}],"collection":[{"href":"https:\/\/departamento.us.es\/dpaetsas\/wp-json\/wp\/v2\/posts"}],"about":[{"href":"https:\/\/departamento.us.es\/dpaetsas\/wp-json\/wp\/v2\/types\/post"}],"author":[{"embeddable":true,"href":"https:\/\/departamento.us.es\/dpaetsas\/wp-json\/wp\/v2\/users\/2"}],"replies":[{"embeddable":true,"href":"https:\/\/departamento.us.es\/dpaetsas\/wp-json\/wp\/v2\/comments?post=1031"}],"version-history":[{"count":0,"href":"https:\/\/departamento.us.es\/dpaetsas\/wp-json\/wp\/v2\/posts\/1031\/revisions"}],"wp:featuredmedia":[{"embeddable":true,"href":"https:\/\/departamento.us.es\/dpaetsas\/wp-json\/wp\/v2\/media\/1032"}],"wp:attachment":[{"href":"https:\/\/departamento.us.es\/dpaetsas\/wp-json\/wp\/v2\/media?parent=1031"}],"wp:term":[{"taxonomy":"category","embeddable":true,"href":"https:\/\/departamento.us.es\/dpaetsas\/wp-json\/wp\/v2\/categories?post=1031"},{"taxonomy":"post_tag","embeddable":true,"href":"https:\/\/departamento.us.es\/dpaetsas\/wp-json\/wp\/v2\/tags?post=1031"}],"curies":[{"name":"wp","href":"https:\/\/api.w.org\/{rel}","templated":true}]}}