{"id":1043,"date":"2026-01-07T09:29:11","date_gmt":"2026-01-07T08:29:11","guid":{"rendered":"https:\/\/departamento.us.es\/dpaetsas\/?p=1043"},"modified":"2026-01-07T09:29:57","modified_gmt":"2026-01-07T08:29:57","slug":"suarez-corchete-fernando","status":"publish","type":"post","link":"https:\/\/departamento.us.es\/dpaetsas\/suarez-corchete-fernando\/","title":{"rendered":"Su\u00e1rez Corchete, Fernando"},"content":{"rendered":"<p>Arquitecto por la Escuela T\u00e9cnica Superior de Arquitectura de Sevilla. Septiembre 1992. Doctor por la Universidad de Sevilla. Septiembre 2017.<\/p>\n<p>Premio Nacional a la Calidad de la Vivienda 2005, modalidad de Promoci\u00f3n P\u00fablica (Ministerio de la Vivienda, 2007).<\/p>\n<p>Profesor contratado doctor. Dos sexenios de investigaci\u00f3n.<\/p>\n<p>Tesis Doctoral dentro del Departamento de Proyectos arquitect\u00f3nicos de la ETSAS. T\u00edtulo: \u201cPrefabricaci\u00f3n de vivienda colectiva. LIGEREZA, APILAMIENTO Y FLEXIBILIDAD\u201d. Calificaci\u00f3n: Sobresaliente \u201cCum Laude\u201d.<\/p>\n<p>Pertenece al Grupo de Investigaci\u00f3n RNM-909 \u201cVivienda eficiente y reciclaje urbano\u201d de la Universidad de Granada. Investigador desde el 25\/01\/2012.<\/p>\n<p>&nbsp;<\/p>\n<p>L\u00edneas de investigaci\u00f3n:<\/p>\n<ul>\n<li>Vivienda unifamiliar: Vivienda piloto para alojamientos de estudiantes y profesorado universitario; vivienda desmontable autosuficiente de bajo coste, sistemas constructivos eficientes energ\u00e9ticamente.<\/li>\n<li>Vivienda colectiva: Vivienda colectiva evolutiva, flexibilidad y prefabricaci\u00f3n. Los espacios intermedios en la vivienda colectiva.<\/li>\n<\/ul>\n","protected":false},"excerpt":{"rendered":"<p>Arquitecto por la Escuela T\u00e9cnica Superior de Arquitectura de Sevilla. Septiembre 1992. Doctor por la Universidad de Sevilla. Septiembre 2017. Premio Nacional a la Calidad de la Vivienda 2005, modalidad de Promoci\u00f3n P\u00fablica (Ministerio de la Vivienda, 2007). Profesor contratado doctor. Dos sexenios de investigaci\u00f3n. Tesis Doctoral dentro del Departamento de Proyectos arquitect\u00f3nicos de la [&hellip;]<\/p>\n","protected":false},"author":2,"featured_media":1044,"comment_status":"closed","ping_status":"closed","sticky":false,"template":"","format":"standard","meta":{"_acf_changed":false,"footnotes":""},"categories":[12],"tags":[],"class_list":["post-1043","post","type-post","status-publish","format-standard","has-post-thumbnail","hentry","category-profesor-a-contratado-doctor"],"acf":[],"_links":{"self":[{"href":"https:\/\/departamento.us.es\/dpaetsas\/wp-json\/wp\/v2\/posts\/1043","targetHints":{"allow":["GET"]}}],"collection":[{"href":"https:\/\/departamento.us.es\/dpaetsas\/wp-json\/wp\/v2\/posts"}],"about":[{"href":"https:\/\/departamento.us.es\/dpaetsas\/wp-json\/wp\/v2\/types\/post"}],"author":[{"embeddable":true,"href":"https:\/\/departamento.us.es\/dpaetsas\/wp-json\/wp\/v2\/users\/2"}],"replies":[{"embeddable":true,"href":"https:\/\/departamento.us.es\/dpaetsas\/wp-json\/wp\/v2\/comments?post=1043"}],"version-history":[{"count":0,"href":"https:\/\/departamento.us.es\/dpaetsas\/wp-json\/wp\/v2\/posts\/1043\/revisions"}],"wp:featuredmedia":[{"embeddable":true,"href":"https:\/\/departamento.us.es\/dpaetsas\/wp-json\/wp\/v2\/media\/1044"}],"wp:attachment":[{"href":"https:\/\/departamento.us.es\/dpaetsas\/wp-json\/wp\/v2\/media?parent=1043"}],"wp:term":[{"taxonomy":"category","embeddable":true,"href":"https:\/\/departamento.us.es\/dpaetsas\/wp-json\/wp\/v2\/categories?post=1043"},{"taxonomy":"post_tag","embeddable":true,"href":"https:\/\/departamento.us.es\/dpaetsas\/wp-json\/wp\/v2\/tags?post=1043"}],"curies":[{"name":"wp","href":"https:\/\/api.w.org\/{rel}","templated":true}]}}