{"id":1156,"date":"2026-01-07T12:19:09","date_gmt":"2026-01-07T11:19:09","guid":{"rendered":"https:\/\/departamento.us.es\/dpaetsas\/?p=1156"},"modified":"2026-01-07T12:19:09","modified_gmt":"2026-01-07T11:19:09","slug":"sanchez-cid-enderiz-jose-ignacio","status":"publish","type":"post","link":"https:\/\/departamento.us.es\/dpaetsas\/sanchez-cid-enderiz-jose-ignacio\/","title":{"rendered":"S\u00e1nchez-cid End\u00e9riz, Jos\u00e9 Ignacio"},"content":{"rendered":"<p>Arquitecto (1990, Edificaci\u00f3n y Urbanismo), Licenciado en Historia del Arte (2006, Premio Extraordinario Universidad de Sevilla, Menci\u00f3n Premios Nacionales). Profesor Asociado (1995) y Profesor Colaborador (2005) del Departamento de Proyectos Arquitect\u00f3nicos. Menci\u00f3n de Excelencia en Evaluaci\u00f3n de Actividad Docente (Programa Docentia-US, 2025).<\/p>\n<p>Miembro del Grupo de Investigaci\u00f3n HUM-0411, estudia la arquitectura andaluza. Corresponsable del Registro Andaluz de Arquitectura Contempor\u00e1nea (2005-2008), integrado en Inventario de Arquitectura del siglo XX en Espa\u00f1a, y en Registro Europeo de Arquitectura del siglo XX ARCHXX-SUDOE (2006-2008); responsable del Inventario de Edificios de Inter\u00e9s Arquitect\u00f3nico de Propiedad P\u00fablica de Car\u00e1cter Local en Andaluc\u00eda (IEPIA, 2020-2022), todos para la provincia de Sevilla. Ha estudiado para EMVISESA la vivienda social municipal (2018-2023).<\/p>\n","protected":false},"excerpt":{"rendered":"<p>Arquitecto (1990, Edificaci\u00f3n y Urbanismo), Licenciado en Historia del Arte (2006, Premio Extraordinario Universidad de Sevilla, Menci\u00f3n Premios Nacionales). Profesor Asociado (1995) y Profesor Colaborador (2005) del Departamento de Proyectos Arquitect\u00f3nicos. Menci\u00f3n de Excelencia en Evaluaci\u00f3n de Actividad Docente (Programa Docentia-US, 2025). Miembro del Grupo de Investigaci\u00f3n HUM-0411, estudia la arquitectura andaluza. Corresponsable del Registro [&hellip;]<\/p>\n","protected":false},"author":2,"featured_media":1157,"comment_status":"closed","ping_status":"closed","sticky":false,"template":"","format":"standard","meta":{"_acf_changed":false,"footnotes":""},"categories":[13],"tags":[],"class_list":["post-1156","post","type-post","status-publish","format-standard","has-post-thumbnail","hentry","category-profesor-a-colaborador"],"acf":[],"_links":{"self":[{"href":"https:\/\/departamento.us.es\/dpaetsas\/wp-json\/wp\/v2\/posts\/1156","targetHints":{"allow":["GET"]}}],"collection":[{"href":"https:\/\/departamento.us.es\/dpaetsas\/wp-json\/wp\/v2\/posts"}],"about":[{"href":"https:\/\/departamento.us.es\/dpaetsas\/wp-json\/wp\/v2\/types\/post"}],"author":[{"embeddable":true,"href":"https:\/\/departamento.us.es\/dpaetsas\/wp-json\/wp\/v2\/users\/2"}],"replies":[{"embeddable":true,"href":"https:\/\/departamento.us.es\/dpaetsas\/wp-json\/wp\/v2\/comments?post=1156"}],"version-history":[{"count":0,"href":"https:\/\/departamento.us.es\/dpaetsas\/wp-json\/wp\/v2\/posts\/1156\/revisions"}],"wp:featuredmedia":[{"embeddable":true,"href":"https:\/\/departamento.us.es\/dpaetsas\/wp-json\/wp\/v2\/media\/1157"}],"wp:attachment":[{"href":"https:\/\/departamento.us.es\/dpaetsas\/wp-json\/wp\/v2\/media?parent=1156"}],"wp:term":[{"taxonomy":"category","embeddable":true,"href":"https:\/\/departamento.us.es\/dpaetsas\/wp-json\/wp\/v2\/categories?post=1156"},{"taxonomy":"post_tag","embeddable":true,"href":"https:\/\/departamento.us.es\/dpaetsas\/wp-json\/wp\/v2\/tags?post=1156"}],"curies":[{"name":"wp","href":"https:\/\/api.w.org\/{rel}","templated":true}]}}