{"id":2706,"date":"2025-05-14T11:33:16","date_gmt":"2025-05-14T11:33:16","guid":{"rendered":"https:\/\/departamento.us.es\/newdperiodismo1\/?p=2706"},"modified":"2025-05-26T09:22:05","modified_gmt":"2025-05-26T09:22:05","slug":"lopez-hernandez-m-angeles","status":"publish","type":"post","link":"https:\/\/departamento.us.es\/dperiodismo1\/lopez-hernandez-m-angeles\/","title":{"rendered":"L\u00f3pez Hern\u00e1ndez, M. \u00c1ngeles"},"content":{"rendered":"<p>Licenciada en Ciencias de la Informaci\u00f3n por la Universidad Complutense de Madrid, y Doctora en Comunicaci\u00f3n por la Universidad de Sevilla, es profesora Titular de Universidad de la Facultad de Comunicaci\u00f3n (Universidad de Sevilla) desde el a\u00f1o 2003, facultad en la que tambi\u00e9n desempe\u00f1\u00f3, durante cinco a\u00f1os (2005-2<\/p>\n<p>010), el cargo de Vicedecana de Alumnos y Ordenaci\u00f3n Acad\u00e9mica.<br \/>\nEspecializada en las \u00e1reas de conocimiento Documentaci\u00f3n Period\u00edstica y Documentaci\u00f3n Audio<\/p>\n<p>visual, en ellas ha centrado la mayor parte de su actividad docente e investigadora, destac\u00e1ndose las l\u00edneas de investigaci\u00f3n referidas a la selecci\u00f3n y al an\u00e1lisis documental de fuentes informativas period\u00edsticas (prensa y televisi\u00f3n) y f\u00edlmicas, l\u00edneas en las que se centran mayoritariamente sus publicaciones.<\/p>\n<p>Pertenece al Grupo de Investigaci\u00f3n en Tecnolog\u00eda, Arte, Documentaci\u00f3n y Comunicaci\u00f3n (PAIDI HUM868)<\/p>\n","protected":false},"excerpt":{"rendered":"<p>Licenciada en Ciencias de la Informaci\u00f3n por la Universidad Complutense de Madrid, y Doctora en Comunicaci\u00f3n por la Universidad de Sevilla, es profesora Titular de Universidad de la Facultad de Comunicaci\u00f3n (Universidad de Sevilla) desde el a\u00f1o 2003, facultad en la que tambi\u00e9n desempe\u00f1\u00f3, durante cinco a\u00f1os (2005-2 010), el cargo de Vicedecana de Alumnos [&hellip;]<\/p>\n","protected":false},"author":6,"featured_media":623,"comment_status":"closed","ping_status":"open","sticky":false,"template":"","format":"standard","meta":{"_acf_changed":false,"footnotes":""},"categories":[18],"tags":[],"class_list":["post-2706","post","type-post","status-publish","format-standard","has-post-thumbnail","hentry","category-profesorado"],"acf":[],"_links":{"self":[{"href":"https:\/\/departamento.us.es\/dperiodismo1\/wp-json\/wp\/v2\/posts\/2706","targetHints":{"allow":["GET"]}}],"collection":[{"href":"https:\/\/departamento.us.es\/dperiodismo1\/wp-json\/wp\/v2\/posts"}],"about":[{"href":"https:\/\/departamento.us.es\/dperiodismo1\/wp-json\/wp\/v2\/types\/post"}],"author":[{"embeddable":true,"href":"https:\/\/departamento.us.es\/dperiodismo1\/wp-json\/wp\/v2\/users\/6"}],"replies":[{"embeddable":true,"href":"https:\/\/departamento.us.es\/dperiodismo1\/wp-json\/wp\/v2\/comments?post=2706"}],"version-history":[{"count":0,"href":"https:\/\/departamento.us.es\/dperiodismo1\/wp-json\/wp\/v2\/posts\/2706\/revisions"}],"wp:featuredmedia":[{"embeddable":true,"href":"https:\/\/departamento.us.es\/dperiodismo1\/wp-json\/wp\/v2\/media\/623"}],"wp:attachment":[{"href":"https:\/\/departamento.us.es\/dperiodismo1\/wp-json\/wp\/v2\/media?parent=2706"}],"wp:term":[{"taxonomy":"category","embeddable":true,"href":"https:\/\/departamento.us.es\/dperiodismo1\/wp-json\/wp\/v2\/categories?post=2706"},{"taxonomy":"post_tag","embeddable":true,"href":"https:\/\/departamento.us.es\/dperiodismo1\/wp-json\/wp\/v2\/tags?post=2706"}],"curies":[{"name":"wp","href":"https:\/\/api.w.org\/{rel}","templated":true}]}}