{"id":2725,"date":"2025-05-14T12:18:30","date_gmt":"2025-05-14T12:18:30","guid":{"rendered":"https:\/\/departamento.us.es\/newdperiodismo1\/?p=2725"},"modified":"2025-05-26T09:22:05","modified_gmt":"2025-05-26T09:22:05","slug":"sola-morales-salome","status":"publish","type":"post","link":"https:\/\/departamento.us.es\/dperiodismo1\/sola-morales-salome\/","title":{"rendered":"Sola Morales, Salom\u00e9"},"content":{"rendered":"<div>Doctora en Medios, Comunicaci\u00f3n y Cultura, por la Universidad Aut\u00f3noma de Barcelona, (2012). Master en Ciencias de la Informaci\u00f3n (UAB) y Master en Pol\u00edtica y Democracia por la UNED.\u00a0Acreditada por la ANECA desde 2015 como Profesora Contratada Doctora, se ha desempe\u00f1ado como Profesora en la Universidad Aut\u00f3noma de Barcelona (2007-2013), la Universidad Internacional de Catalu\u00f1a (2013), la Universidad de Santiago de Chile (2013-2016), donde ocup\u00f3 los cargos\u00a0de Coordinadora de Investigaci\u00f3n y Movilidad internacional, y como\u00a0Profesora\u00a0Visitante\u00a0postdoctoral,\u00a0en la Universidad Complutense de Madrid (2014).<\/div>\n<div>\n<div><\/div>\n<p>Desde 2018 es Profesora en la Universidad de Sevilla e investigadora en COMPOL\u00cdTICAS. Su investigaci\u00f3n se centra en las Teor\u00edas de la Comunicaci\u00f3n; Internet y redes sociales; ciberpol\u00edtica y democracia; cuerpo y procesos identitarios. Su trabajo se ha publicado en revistas indexadas internacionales y en editoriales de prestigio como\u00a0Peter Lang New York, Brill, Tirant lo Blanch o Praeger\/ABC-CLIO.<\/p>\n<\/div>\n","protected":false},"excerpt":{"rendered":"<p>Doctora en Medios, Comunicaci\u00f3n y Cultura, por la Universidad Aut\u00f3noma de Barcelona, (2012). Master en Ciencias de la Informaci\u00f3n (UAB) y Master en Pol\u00edtica y Democracia por la UNED.\u00a0Acreditada por la ANECA desde 2015 como Profesora Contratada Doctora, se ha desempe\u00f1ado como Profesora en la Universidad Aut\u00f3noma de Barcelona (2007-2013), la Universidad Internacional de Catalu\u00f1a [&hellip;]<\/p>\n","protected":false},"author":6,"featured_media":1855,"comment_status":"closed","ping_status":"open","sticky":false,"template":"","format":"standard","meta":{"_acf_changed":false,"footnotes":""},"categories":[18],"tags":[],"class_list":["post-2725","post","type-post","status-publish","format-standard","has-post-thumbnail","hentry","category-profesorado"],"acf":[],"_links":{"self":[{"href":"https:\/\/departamento.us.es\/dperiodismo1\/wp-json\/wp\/v2\/posts\/2725","targetHints":{"allow":["GET"]}}],"collection":[{"href":"https:\/\/departamento.us.es\/dperiodismo1\/wp-json\/wp\/v2\/posts"}],"about":[{"href":"https:\/\/departamento.us.es\/dperiodismo1\/wp-json\/wp\/v2\/types\/post"}],"author":[{"embeddable":true,"href":"https:\/\/departamento.us.es\/dperiodismo1\/wp-json\/wp\/v2\/users\/6"}],"replies":[{"embeddable":true,"href":"https:\/\/departamento.us.es\/dperiodismo1\/wp-json\/wp\/v2\/comments?post=2725"}],"version-history":[{"count":0,"href":"https:\/\/departamento.us.es\/dperiodismo1\/wp-json\/wp\/v2\/posts\/2725\/revisions"}],"wp:featuredmedia":[{"embeddable":true,"href":"https:\/\/departamento.us.es\/dperiodismo1\/wp-json\/wp\/v2\/media\/1855"}],"wp:attachment":[{"href":"https:\/\/departamento.us.es\/dperiodismo1\/wp-json\/wp\/v2\/media?parent=2725"}],"wp:term":[{"taxonomy":"category","embeddable":true,"href":"https:\/\/departamento.us.es\/dperiodismo1\/wp-json\/wp\/v2\/categories?post=2725"},{"taxonomy":"post_tag","embeddable":true,"href":"https:\/\/departamento.us.es\/dperiodismo1\/wp-json\/wp\/v2\/tags?post=2725"}],"curies":[{"name":"wp","href":"https:\/\/api.w.org\/{rel}","templated":true}]}}