{"id":546,"date":"2015-03-02T17:28:06","date_gmt":"2015-03-02T17:28:06","guid":{"rendered":"https:\/\/departamento.us.es\/filologiaclasica\/?p=546"},"modified":"2015-03-02T17:34:32","modified_gmt":"2015-03-02T17:34:32","slug":"una-gran-migracion-cambio-a-los-europeos-y-sus-lenguas","status":"publish","type":"post","link":"https:\/\/departamento.us.es\/filologiaclasica\/?p=546","title":{"rendered":"Una gran migraci\u00f3n cambi\u00f3 a los europeos y sus lenguas"},"content":{"rendered":"<div class=\"news-body-default\">\n<div class=\"news-body-left\">\n<div class=\"news-body-info\">\n<div class=\"news-body-info-box info-box-date\" style=\"text-align: center;\"><strong>\u00bfDe d\u00f3nde vienen los europeos? Un nuevo estudio demuestra que un gran movimiento poblacional en el Neol\u00edtico vari\u00f3 el mapa gen\u00e9tico<\/strong><\/p>\n<div>\n<figure class=\"news-header-img-figure\"><img decoding=\"async\" loading=\"lazy\" class=\"aligncenter\" src=\"http:\/\/7www.ecestaticos.com\/imagestatic\/clipping\/728\/866\/1ac\/7288661ac5026db1e165400d9af3b9e4.jpg?mtime=1425315831\" srcset=\"http:\/\/7www.ecestaticos.com\/image\/clipping\/480\/7288661ac5026db1e165400d9af3b9e4\/imagen-sin-titulo.jpg 480w, http:\/\/7www.ecestaticos.com\/imagestatic\/clipping\/728\/866\/1ac\/7288661ac5026db1e165400d9af3b9e4.jpg?mtime=1425315831 996w\" alt=\"\" width=\"656\" height=\"369\" \/><\/figure>\n<p><a class=\"news-def-author\" title=\"Noticias de Teknautas\" href=\"http:\/\/www.elconfidencial.com\/autores\/teknautas-231\/\">Fuente: Teknautas\u00a0 <\/a><time class=\"news-def-date\" datetime=\"2015-03-02T17:55:00\">02.03.2015 \u2013 17:55 H.<\/time><\/p>\n<\/div>\n<\/div>\n<\/div>\n<\/div>\n<div class=\"news-body-center cms-format\">\n<p style=\"text-align: justify;\">Los europeos actuales son resultado de varios movimientos poblacionales, si bien, el \u00faltimo de ellos, el que tuvo lugar hace unos 5.000-4.500 a\u00f1os, fue el que adem\u00e1s dio lugar a la mayor parte de las lenguas que se hablan hoy en d\u00eda en el continente.<\/p>\n<p style=\"text-align: justify;\">Esta es la principal conclusi\u00f3n de un estudio coordinado por David Reich (genetista de la Universidad de Harvard, EEUU) y Kurt Alt, de la Universidad de Maguncia (Alemania) y en el que han participado investigadores de la Universidad Aut\u00f3noma de Barcelona, de la Aut\u00f3noma de Madrid, la Universidad de Valladolid y del Instituto arqueol\u00f3gico alem\u00e1n.<\/p>\n<p style=\"text-align: justify;\">La investigaci\u00f3n, <a href=\"http:\/\/www.nature.com\/nature\/journal\/vaop\/ncurrent\/full\/nature14317.html\">publicada hoy en <em>Nature<\/em><\/a>, se basa en el estudio del ADN de los restos de 69 individuos europeos del Paleol\u00edtico, Neol\u00edtico, y la Edad del Bronce en Europa.<\/p>\n<p style=\"text-align: justify;\">Los restos, de entre 8.000 y 3.000 a\u00f1os de antig\u00fcedad, \u00abson en su mayor parte de individuos de Alemania central, pero tambi\u00e9n hay de Hungr\u00eda, Rusia y la Pen\u00ednsula Ib\u00e9rica\u00bb, explica a Efe Roberto Risch, investigador de la UAB y coautor del estudio.\u00a0\u00abEl an\u00e1lisis gen\u00e9tico de los restos nos ha permitido reconstruir la prehistoria y ver qu\u00e9 personas y en qu\u00e9 \u00e9pocas son gen\u00e9ticamente semejantes\u00bb, y reconstruir la historia de las migraciones y movimientos poblacionales que han configurado Europa, afirma Risch.<\/p>\n<p style=\"text-align: justify;\"><strong>Los primeros europeos<\/strong><\/p>\n<p style=\"text-align: justify;\">El primer cambio en los pobladores europeos se produjo hace unos 7.000-8.000 a\u00f1os, cuando influidos por la llegada de hombres de Mesopotamia o Pr\u00f3ximo Oriente (el llamado Creciente f\u00e9rtil), los pobladores de Europa central y del Mediterr\u00e1neo occidental empezaron a domesticar animales y a dedicarse a la agricultura.<\/p>\n<p style=\"text-align: justify;\">Al estudiar los restos \u00abvimos que las poblaciones del Neol\u00edtico de la Pen\u00ednsula Ib\u00e9rica eran pr\u00e1cticamente iguales que los de los individuos de Europa central, lo que confirma que la migraci\u00f3n desde Pr\u00f3ximo Oriente -hace unos 8.000 a\u00f1os- efectivamente lleg\u00f3 a Europa Central y al Mediterr\u00e1neo occidental por distintos medios y fue el primer cambio gen\u00e9tico respecto a los cazadores-recolectores del Paleol\u00edtico\u00bb.\u00a0Posteriormente, las poblaciones de Europa central y del este siguieron trayectorias diferentes y no se relacionaron entre s\u00ed hasta hace unos 4.500 a\u00f1os.<\/p>\n<p style=\"text-align: justify;\">En ese momento, Europa central estaba habitaba por una cultura arqueol\u00f3gica (la de las cer\u00e1micas cordadas) pero el ADN de sus restos \u00abno tiene nada que ver con el de los individuos de Europa occidental. Es totalmente distinto en m\u00e1s de un 75% de los casos\u00bb, y tal cambio gen\u00e9tico en las personas s\u00f3lo puede significar que \u00abhan venido de otro sitio y, por tanto, se trata de una migraci\u00f3n poblacional muy importante\u00bb.<\/p>\n<p style=\"text-align: justify;\">Al analizar el ADN de los huesos, los investigadores vieron que las personas de la cultura de la cer\u00e1mica cordada ten\u00edan el mismo ADN que las poblaciones kurg\u00e1nicas de las estepas de Rusia y Ucrania (estepas norp\u00f3nticas).<\/p>\n<p class=\"summary\" style=\"text-align: justify;\">Esta observaci\u00f3n coincide con la &#8216;hip\u00f3tesis de la estepa&#8217;, una teor\u00eda ling\u00fc\u00edstica que planteaba que los idiomas indoeuropeos probablemente vienen de la zona norp\u00f3ntica<\/p>\n<p style=\"text-align: justify;\">Esa observaci\u00f3n coincide con la &#8216;hip\u00f3tesis de la estepa&#8217;, una teor\u00eda ling\u00fc\u00edstica que planteaba que los idiomas indoeuropeos probablemente vienen de la zona norp\u00f3ntica de las estepas orientales y que llegaron a Europa hace unos 4.500 a\u00f1os\u00a0en una migraci\u00f3n \u00abtan masiva que hizo que un 75 % de la poblaci\u00f3n de Europa Central se renovase totalmente\u00bb y que tambi\u00e9n supuso la llegada de un nuevo idioma: el indoeuropeo del que han surgido casi todas las lenguas que se hablan actualmente en el continente.<\/p>\n<p style=\"text-align: justify;\">Actualmente, el 50% de las personas de Europa del norte y Europa central y un 25 % de los habitantes de la Pen\u00ednsula Ib\u00e9rica siguen teniendo en su &#8216;pool gen\u00e9tico&#8217; ra\u00edces de estas poblaciones kurg\u00e1nicas, es decir, \u00abque la poblaci\u00f3n europea actual debe una parte importante de sus ra\u00edces gen\u00e9ticas a esta migraci\u00f3n que se produjo hace unos 4.500-5.000 a\u00f1os\u00bb.<\/p>\n<p style=\"text-align: justify;\">Pero adem\u00e1s, la investigaci\u00f3n concluye que adem\u00e1s de un cambio gen\u00e9tico y ling\u00fc\u00edstico, esta migraci\u00f3n supuso un gran cambio social y pol\u00edtico para el continente.\u00a0\u00abDio lugar a las primeras tumbas individuales, a un nuevo tipo de armamento con metalurgia m\u00e1s desarrollada, a la llegada de la rueda y el carro, y a muchos cambios sociales y pol\u00edticos\u00bb, concluye.<\/p>\n<\/div>\n<\/div>\n","protected":false},"excerpt":{"rendered":"<p>\u00bfDe d\u00f3nde vienen los europeos? Un nuevo estudio demuestra que un gran movimiento poblacional en el Neol\u00edtico vari\u00f3 el mapa gen\u00e9tico Fuente: Teknautas\u00a0 02.03.2015 \u2013 17:55 H. Los europeos actuales son resultado de varios movimientos poblacionales, si bien, el \u00faltimo<\/p>\n","protected":false},"author":1,"featured_media":0,"comment_status":"closed","ping_status":"closed","sticky":false,"template":"","format":"aside","meta":[],"categories":[1],"tags":[],"_links":{"self":[{"href":"https:\/\/departamento.us.es\/filologiaclasica\/index.php?rest_route=\/wp\/v2\/posts\/546"}],"collection":[{"href":"https:\/\/departamento.us.es\/filologiaclasica\/index.php?rest_route=\/wp\/v2\/posts"}],"about":[{"href":"https:\/\/departamento.us.es\/filologiaclasica\/index.php?rest_route=\/wp\/v2\/types\/post"}],"author":[{"embeddable":true,"href":"https:\/\/departamento.us.es\/filologiaclasica\/index.php?rest_route=\/wp\/v2\/users\/1"}],"replies":[{"embeddable":true,"href":"https:\/\/departamento.us.es\/filologiaclasica\/index.php?rest_route=%2Fwp%2Fv2%2Fcomments&post=546"}],"version-history":[{"count":0,"href":"https:\/\/departamento.us.es\/filologiaclasica\/index.php?rest_route=\/wp\/v2\/posts\/546\/revisions"}],"wp:attachment":[{"href":"https:\/\/departamento.us.es\/filologiaclasica\/index.php?rest_route=%2Fwp%2Fv2%2Fmedia&parent=546"}],"wp:term":[{"taxonomy":"category","embeddable":true,"href":"https:\/\/departamento.us.es\/filologiaclasica\/index.php?rest_route=%2Fwp%2Fv2%2Fcategories&post=546"},{"taxonomy":"post_tag","embeddable":true,"href":"https:\/\/departamento.us.es\/filologiaclasica\/index.php?rest_route=%2Fwp%2Fv2%2Ftags&post=546"}],"curies":[{"name":"wp","href":"https:\/\/api.w.org\/{rel}","templated":true}]}}