{"id":720,"date":"2015-10-18T15:29:49","date_gmt":"2015-10-18T15:29:49","guid":{"rendered":"https:\/\/departamento.us.es\/filologiaclasica\/?p=720"},"modified":"2016-02-11T09:59:46","modified_gmt":"2016-02-11T09:59:46","slug":"conferencia-profesor-rodriguez-adrados","status":"publish","type":"post","link":"https:\/\/departamento.us.es\/filologiaclasica\/?p=720","title":{"rendered":"Conferencia Profesor Rodr\u00edguez Adrados"},"content":{"rendered":"<p style=\"text-align: justify;\">El d\u00eda 21 de Octubre, mi\u00e9rcoles, el profesor Rodr\u00edguez Adrados\u00a0pronunciar\u00e1 una conferencia con el t\u00edtulo \u00abEl griego la lengua m\u00e1s universal\u00bb. El acto tendr\u00e1 lugar en el aula 103 de la Facultad a las 17.30. Es una actividad organizada por la Sociedad de Estudios Cl\u00e1sicos con la colaboraci\u00f3n de nuestro Departamento.<\/p>\n","protected":false},"excerpt":{"rendered":"<p>El d\u00eda 21 de Octubre, mi\u00e9rcoles, el profesor Rodr\u00edguez Adrados\u00a0pronunciar\u00e1 una conferencia con el t\u00edtulo \u00abEl griego la lengua m\u00e1s universal\u00bb. El acto tendr\u00e1 lugar en el aula 103 de la Facultad a las 17.30. Es una actividad organizada por<\/p>\n","protected":false},"author":1,"featured_media":0,"comment_status":"closed","ping_status":"closed","sticky":false,"template":"","format":"aside","meta":[],"categories":[1],"tags":[],"_links":{"self":[{"href":"https:\/\/departamento.us.es\/filologiaclasica\/index.php?rest_route=\/wp\/v2\/posts\/720"}],"collection":[{"href":"https:\/\/departamento.us.es\/filologiaclasica\/index.php?rest_route=\/wp\/v2\/posts"}],"about":[{"href":"https:\/\/departamento.us.es\/filologiaclasica\/index.php?rest_route=\/wp\/v2\/types\/post"}],"author":[{"embeddable":true,"href":"https:\/\/departamento.us.es\/filologiaclasica\/index.php?rest_route=\/wp\/v2\/users\/1"}],"replies":[{"embeddable":true,"href":"https:\/\/departamento.us.es\/filologiaclasica\/index.php?rest_route=%2Fwp%2Fv2%2Fcomments&post=720"}],"version-history":[{"count":0,"href":"https:\/\/departamento.us.es\/filologiaclasica\/index.php?rest_route=\/wp\/v2\/posts\/720\/revisions"}],"wp:attachment":[{"href":"https:\/\/departamento.us.es\/filologiaclasica\/index.php?rest_route=%2Fwp%2Fv2%2Fmedia&parent=720"}],"wp:term":[{"taxonomy":"category","embeddable":true,"href":"https:\/\/departamento.us.es\/filologiaclasica\/index.php?rest_route=%2Fwp%2Fv2%2Fcategories&post=720"},{"taxonomy":"post_tag","embeddable":true,"href":"https:\/\/departamento.us.es\/filologiaclasica\/index.php?rest_route=%2Fwp%2Fv2%2Ftags&post=720"}],"curies":[{"name":"wp","href":"https:\/\/api.w.org\/{rel}","templated":true}]}}