{"id":1555,"date":"2023-03-21T10:19:49","date_gmt":"2023-03-21T10:19:49","guid":{"rendered":"https:\/\/departamento.us.es\/newhtcaetsa\/?p=1555"},"modified":"2026-01-09T19:20:19","modified_gmt":"2026-01-09T19:20:19","slug":"historia-teoria-y-composicion-arquitectonicas-2","status":"publish","type":"post","link":"https:\/\/departamento.us.es\/htcaetsa\/historia-teoria-y-composicion-arquitectonicas-2\/","title":{"rendered":"HTCA2. Historia, Teor\u00eda y Composici\u00f3n Arquitect\u00f3nicas 2"},"content":{"rendered":"\t\t<div data-elementor-type=\"wp-post\" data-elementor-id=\"1555\" class=\"elementor elementor-1555\" data-elementor-post-type=\"post\">\n\t\t\t\t<div class=\"elementor-element elementor-element-65a5a69 e-flex e-con-boxed e-con e-parent\" data-id=\"65a5a69\" data-element_type=\"container\" data-e-type=\"container\">\n\t\t\t\t\t<div class=\"e-con-inner\">\n\t\t<div class=\"elementor-element elementor-element-a5b6dca e-con-full e-flex e-con e-child\" data-id=\"a5b6dca\" data-element_type=\"container\" data-e-type=\"container\">\n\t\t\t\t<div class=\"elementor-element elementor-element-6b21835 elementor-widget elementor-widget-heading\" data-id=\"6b21835\" data-element_type=\"widget\" data-e-type=\"widget\" data-widget_type=\"heading.default\">\n\t\t\t\t<div class=\"elementor-widget-container\">\n\t\t\t\t\t<h6 class=\"elementor-heading-title elementor-size-default\">2330013. Historia, Teor\u00eda y Composici\u00f3n Arquitect\u00f3nicas 2<br><br><span style=\"font-size: 10pt\">GRADO EN FUNDAMENTOS DE ARQUITECTURA<\/span><br><\/h6>\t\t\t\t<\/div>\n\t\t\t\t<\/div>\n\t\t\t\t<\/div>\n\t\t\t\t\t<\/div>\n\t\t\t\t<\/div>\n\t\t<div class=\"elementor-element elementor-element-72a03f7 e-flex e-con-boxed e-con e-parent\" data-id=\"72a03f7\" data-element_type=\"container\" data-e-type=\"container\">\n\t\t\t\t\t<div class=\"e-con-inner\">\n\t\t<div class=\"elementor-element elementor-element-97eed51 e-con-full e-flex e-con e-child\" data-id=\"97eed51\" data-element_type=\"container\" data-e-type=\"container\">\n\t\t\t\t<div class=\"elementor-element elementor-element-1e1659f elementor-widget elementor-widget-text-editor\" data-id=\"1e1659f\" data-element_type=\"widget\" data-e-type=\"widget\" data-widget_type=\"text-editor.default\">\n\t\t\t\t<div class=\"elementor-widget-container\">\n\t\t\t\t\t\t\t\t\t<p><strong>Curso 2\u00ba &#8211; 1er Cuatrimestre \u2013 Obligatoria<\/strong><\/p><p><strong>Cr\u00e9ditos:<\/strong> 6.0 ects.<\/p><p><strong>Programa y proyectos docentes:<\/strong> <span style=\"text-decoration: underline;\"><a href=\"https:\/\/sevius4.us.es\/index.php?PyP=LISTA&amp;codcentro=15&amp;titulacion=233&amp;asignatura=2330013\" target=\"_blank\" rel=\"noopener\">Sevius 4<\/a><\/span><\/p><p><strong>Coordinador\/a:<\/strong> Guerra de Hoyos, Carmen<\/p>\t\t\t\t\t\t\t\t<\/div>\n\t\t\t\t<\/div>\n\t\t\t\t<\/div>\n\t\t\t\t\t<\/div>\n\t\t\t\t<\/div>\n\t\t<div class=\"elementor-element elementor-element-5087e3b e-flex e-con-boxed e-con e-parent\" data-id=\"5087e3b\" data-element_type=\"container\" data-e-type=\"container\">\n\t\t\t\t\t<div class=\"e-con-inner\">\n\t\t<div class=\"elementor-element elementor-element-b4190df e-con-full e-flex e-con e-child\" data-id=\"b4190df\" data-element_type=\"container\" data-e-type=\"container\">\n\t\t\t\t<div class=\"elementor-element elementor-element-3a984fb elementor-widget elementor-widget-heading\" data-id=\"3a984fb\" data-element_type=\"widget\" data-e-type=\"widget\" data-widget_type=\"heading.default\">\n\t\t\t\t<div class=\"elementor-widget-container\">\n\t\t\t\t\t<h6 class=\"elementor-heading-title elementor-size-default\"><a href=\"https:\/\/departamento.us.es\/htcaetsa\/tag\/profesorado-2025-26\/\" rel=\"tag\">Profesorado 2025-26<\/a><\/h6>\t\t\t\t<\/div>\n\t\t\t\t<\/div>\n\t\t\t\t<\/div>\n\t\t\t\t\t<\/div>\n\t\t\t\t<\/div>\n\t\t<div class=\"elementor-element elementor-element-abd28e4 e-flex e-con-boxed e-con e-parent\" data-id=\"abd28e4\" data-element_type=\"container\" data-e-type=\"container\">\n\t\t\t\t\t<div class=\"e-con-inner\">\n\t\t<div class=\"elementor-element elementor-element-80229e2 e-con-full e-flex e-con e-child\" data-id=\"80229e2\" data-element_type=\"container\" data-e-type=\"container\">\n\t\t\t\t<div class=\"elementor-element elementor-element-1561a67 elementor-tabs-view-horizontal elementor-widget elementor-widget-tabs\" data-id=\"1561a67\" data-element_type=\"widget\" data-e-type=\"widget\" data-widget_type=\"tabs.default\">\n\t\t\t\t<div class=\"elementor-widget-container\">\n\t\t\t\t\t\t\t<div class=\"elementor-tabs\">\n\t\t\t<div class=\"elementor-tabs-wrapper\" role=\"tablist\" >\n\t\t\t\t\t\t\t\t\t<div id=\"elementor-tab-title-2241\" class=\"elementor-tab-title elementor-tab-desktop-title\" aria-selected=\"true\" data-tab=\"1\" role=\"tab\" tabindex=\"0\" aria-controls=\"elementor-tab-content-2241\" aria-expanded=\"false\">Grupos de ma\u00f1ana<\/div>\n\t\t\t\t\t\t\t\t\t<div id=\"elementor-tab-title-2242\" class=\"elementor-tab-title elementor-tab-desktop-title\" aria-selected=\"false\" data-tab=\"2\" role=\"tab\" tabindex=\"-1\" aria-controls=\"elementor-tab-content-2242\" aria-expanded=\"false\">Grupos de tarde<\/div>\n\t\t\t\t\t\t\t<\/div>\n\t\t\t<div class=\"elementor-tabs-content-wrapper\" role=\"tablist\" aria-orientation=\"vertical\">\n\t\t\t\t\t\t\t\t\t<div class=\"elementor-tab-title elementor-tab-mobile-title\" aria-selected=\"true\" data-tab=\"1\" role=\"tab\" tabindex=\"0\" aria-controls=\"elementor-tab-content-2241\" aria-expanded=\"false\">Grupos de ma\u00f1ana<\/div>\n\t\t\t\t\t<div id=\"elementor-tab-content-2241\" class=\"elementor-tab-content elementor-clearfix\" data-tab=\"1\" role=\"tabpanel\" aria-labelledby=\"elementor-tab-title-2241\" tabindex=\"0\" hidden=\"false\"><table style=\"height: 60px; width: 100%; border-collapse: collapse;\"><tbody><tr style=\"height: 10px;\"><td style=\"width: 20.4424%; height: 15px;\"><strong>Grupo 2.01 Martes\u00a0<\/strong><\/td><td style=\"width: 79.2628%; height: 15px;\">Guerra de Hoyos, Carmen<\/td><\/tr><tr style=\"height: 10px;\"><td style=\"width: 20.4424%; height: 10px;\"><strong>Grupo 2.02 Jueves<\/strong><\/td><td style=\"width: 79.2628%; height: 10px;\">Guerra de Hoyos, Carmen<\/td><\/tr><tr style=\"height: 10px;\"><td style=\"width: 20.4424%; height: 10px;\"><strong>Grupo 2.03 Martes<\/strong><\/td><td style=\"width: 79.2628%; height: 10px;\">Cascales Barrio, Juan<\/td><\/tr><tr style=\"height: 10px;\"><td style=\"width: 20.4424%; height: 10px;\"><strong>Grupo 2.04 Mi\u00e9rcoles<\/strong><\/td><td style=\"width: 79.2628%; height: 10px;\">Larive L\u00f3pez, Enrique<\/td><\/tr><tr style=\"height: 10px;\"><td style=\"width: 20.4424%; height: 10px;\"><strong>Grupo 2.05 Mi\u00e9rcoles<\/strong><\/td><td style=\"width: 79.2628%; height: 10px;\">Carrascal P\u00e9rez, Mar\u00eda<\/td><\/tr><tr style=\"height: 10px;\"><td style=\"width: 20.4424%; height: 10px;\"><strong>Grupo 2.06 Mi\u00e9rcoles<\/strong><\/td><td style=\"width: 79.2628%; height: 10px;\">Loren M\u00e9ndez, Mar\/ <span style=\"font-family: inherit; font-size: inherit;\">Gal\u00e1n Caro, Domingo<\/span><\/td><\/tr><\/tbody><\/table><\/div>\n\t\t\t\t\t\t\t\t\t<div class=\"elementor-tab-title elementor-tab-mobile-title\" aria-selected=\"false\" data-tab=\"2\" role=\"tab\" tabindex=\"-1\" aria-controls=\"elementor-tab-content-2242\" aria-expanded=\"false\">Grupos de tarde<\/div>\n\t\t\t\t\t<div id=\"elementor-tab-content-2242\" class=\"elementor-tab-content elementor-clearfix\" data-tab=\"2\" role=\"tabpanel\" aria-labelledby=\"elementor-tab-title-2242\" tabindex=\"0\" hidden=\"hidden\"><table style=\"border-collapse: collapse; width: 100%; height: 60px;\"><tbody><tr style=\"height: 10px;\"><td style=\"width: 20.6248%; height: 10px;\"><strong>Grupo 2.07 Mi\u00e9rcoles<\/strong><\/td><td style=\"width: 79.3752%; height: 10px;\">G\u00f3mez Mart\u00ednez, Vidal<\/td><\/tr><tr style=\"height: 10px;\"><td style=\"width: 20.6248%; height: 10px;\"><strong>Grupo 2.08 Mi\u00e9rcoles<\/strong><\/td><td style=\"width: 79.3752%; height: 10px;\">S\u00e1nchez-Monta\u00f1\u00e9s Mac\u00edas, Benito<\/td><\/tr><tr style=\"height: 10px;\"><td style=\"width: 20.6248%; height: 10px;\"><strong>Grupo 2.09 Mi\u00e9rcoles<\/strong><\/td><td style=\"width: 79.3752%; height: 10px;\">Dom\u00ednguez Torres, Carlos<\/td><\/tr><tr style=\"height: 10px;\"><td style=\"width: 20.6248%; height: 10px;\"><strong>Grupo 2.10 Jueves<\/strong><\/td><td style=\"width: 79.3752%; height: 10px;\">Guajardo-Fajardo Cruz, Alfonso<\/td><\/tr><tr style=\"height: 10px;\"><td style=\"width: 20.6248%; height: 10px;\"><strong>Grupo 2.11 Jueves<\/strong><\/td><td style=\"width: 79.3752%; height: 10px;\">Moreno Jim\u00e9nez, V\u00edctor<\/td><\/tr><tr style=\"height: 10px;\"><td style=\"width: 20.6248%; height: 10px;\"><strong>Grupo 2.12 Martes<\/strong><\/td><td style=\"width: 79.3752%; height: 10px;\">Redaelli, Gaia<\/td><\/tr><\/tbody><\/table><\/div>\n\t\t\t\t\t\t\t<\/div>\n\t\t<\/div>\n\t\t\t\t\t\t<\/div>\n\t\t\t\t<\/div>\n\t\t\t\t<\/div>\n\t\t\t\t\t<\/div>\n\t\t\t\t<\/div>\n\t\t\t\t<\/div>\n\t\t","protected":false},"excerpt":{"rendered":"<p>Historia, Teor\u00eda y Composici\u00f3n Arquitect\u00f3nicas 2<br \/>\n1er Cuatrimestre<br \/>\nObligatoria<\/p>\n","protected":false},"author":1,"featured_media":0,"comment_status":"closed","ping_status":"open","sticky":false,"template":"","format":"standard","meta":{"_acf_changed":false,"footnotes":""},"categories":[21,19],"tags":[61],"class_list":["post-1555","post","type-post","status-publish","format-standard","hentry","category-2o-curso","category-fundamentos-arquitectura","tag-profesorado-2025-26"],"acf":[],"yoast_head":"<!-- This site is optimized with the Yoast SEO plugin v27.4 - https:\/\/yoast.com\/product\/yoast-seo-wordpress\/ -->\n<title>HTCA2. Historia, Teor\u00eda y Composici\u00f3n Arquitect\u00f3nicas 2 - Departamento de Historia, Teor\u00eda y Composici\u00f3n Arquitect\u00f3nicas<\/title>\n<meta name=\"robots\" content=\"index, follow, max-snippet:-1, max-image-preview:large, max-video-preview:-1\" \/>\n<link rel=\"canonical\" href=\"https:\/\/departamento.us.es\/htcaetsa\/historia-teoria-y-composicion-arquitectonicas-2\/\" \/>\n<meta property=\"og:locale\" content=\"es_ES\" \/>\n<meta property=\"og:type\" content=\"article\" \/>\n<meta property=\"og:title\" content=\"HTCA2. Historia, Teor\u00eda y Composici\u00f3n Arquitect\u00f3nicas 2 - Departamento de Historia, Teor\u00eda y Composici\u00f3n Arquitect\u00f3nicas\" \/>\n<meta property=\"og:description\" content=\"Historia, Teor\u00eda y Composici\u00f3n Arquitect\u00f3nicas 2 1er Cuatrimestre Obligatoria\" \/>\n<meta property=\"og:url\" content=\"https:\/\/departamento.us.es\/htcaetsa\/historia-teoria-y-composicion-arquitectonicas-2\/\" \/>\n<meta property=\"og:site_name\" content=\"Departamento de Historia, Teor\u00eda y Composici\u00f3n Arquitect\u00f3nicas\" \/>\n<meta property=\"article:published_time\" content=\"2023-03-21T10:19:49+00:00\" \/>\n<meta property=\"article:modified_time\" content=\"2026-01-09T19:20:19+00:00\" \/>\n<meta name=\"author\" content=\"dartigas\" \/>\n<meta name=\"twitter:card\" content=\"summary_large_image\" \/>\n<meta name=\"twitter:label1\" content=\"Escrito por\" \/>\n\t<meta name=\"twitter:data1\" content=\"dartigas\" \/>\n\t<meta name=\"twitter:label2\" content=\"Tiempo de lectura\" \/>\n\t<meta name=\"twitter:data2\" content=\"1 minuto\" \/>\n<script type=\"application\/ld+json\" class=\"yoast-schema-graph\">{\"@context\":\"https:\\\/\\\/schema.org\",\"@graph\":[{\"@type\":\"Article\",\"@id\":\"https:\\\/\\\/departamento.us.es\\\/htcaetsa\\\/historia-teoria-y-composicion-arquitectonicas-2\\\/#article\",\"isPartOf\":{\"@id\":\"https:\\\/\\\/departamento.us.es\\\/htcaetsa\\\/historia-teoria-y-composicion-arquitectonicas-2\\\/\"},\"author\":{\"name\":\"dartigas\",\"@id\":\"https:\\\/\\\/departamento.us.es\\\/newhtcaetsa\\\/#\\\/schema\\\/person\\\/91c0b8d851513e84838b3626ef5ddd6c\"},\"headline\":\"HTCA2. Historia, Teor\u00eda y Composici\u00f3n Arquitect\u00f3nicas 2\",\"datePublished\":\"2023-03-21T10:19:49+00:00\",\"dateModified\":\"2026-01-09T19:20:19+00:00\",\"mainEntityOfPage\":{\"@id\":\"https:\\\/\\\/departamento.us.es\\\/htcaetsa\\\/historia-teoria-y-composicion-arquitectonicas-2\\\/\"},\"wordCount\":138,\"publisher\":{\"@id\":\"https:\\\/\\\/departamento.us.es\\\/newhtcaetsa\\\/#organization\"},\"keywords\":[\"Profesorado 2025-26\"],\"articleSection\":[\"2\u00ba curso\",\"Fundamentos arquitectura\"],\"inLanguage\":\"es\"},{\"@type\":\"WebPage\",\"@id\":\"https:\\\/\\\/departamento.us.es\\\/htcaetsa\\\/historia-teoria-y-composicion-arquitectonicas-2\\\/\",\"url\":\"https:\\\/\\\/departamento.us.es\\\/htcaetsa\\\/historia-teoria-y-composicion-arquitectonicas-2\\\/\",\"name\":\"HTCA2. Historia, Teor\u00eda y Composici\u00f3n Arquitect\u00f3nicas 2 - Departamento de Historia, Teor\u00eda y Composici\u00f3n Arquitect\u00f3nicas\",\"isPartOf\":{\"@id\":\"https:\\\/\\\/departamento.us.es\\\/newhtcaetsa\\\/#website\"},\"datePublished\":\"2023-03-21T10:19:49+00:00\",\"dateModified\":\"2026-01-09T19:20:19+00:00\",\"inLanguage\":\"es\",\"potentialAction\":[{\"@type\":\"ReadAction\",\"target\":[\"https:\\\/\\\/departamento.us.es\\\/htcaetsa\\\/historia-teoria-y-composicion-arquitectonicas-2\\\/\"]}]},{\"@type\":\"WebSite\",\"@id\":\"https:\\\/\\\/departamento.us.es\\\/newhtcaetsa\\\/#website\",\"url\":\"https:\\\/\\\/departamento.us.es\\\/newhtcaetsa\\\/\",\"name\":\"Departamento de Historia, Teor\u00eda y Composici\u00f3n Arquitect\u00f3nicas\",\"description\":\"Universidad de Sevilla\",\"publisher\":{\"@id\":\"https:\\\/\\\/departamento.us.es\\\/newhtcaetsa\\\/#organization\"},\"potentialAction\":[{\"@type\":\"SearchAction\",\"target\":{\"@type\":\"EntryPoint\",\"urlTemplate\":\"https:\\\/\\\/departamento.us.es\\\/newhtcaetsa\\\/?s={search_term_string}\"},\"query-input\":{\"@type\":\"PropertyValueSpecification\",\"valueRequired\":true,\"valueName\":\"search_term_string\"}}],\"inLanguage\":\"es\"},{\"@type\":\"Organization\",\"@id\":\"https:\\\/\\\/departamento.us.es\\\/newhtcaetsa\\\/#organization\",\"name\":\"Departamento de Historia, Teor\u00eda y Composici\u00f3n Arquitect\u00f3nicas\",\"url\":\"https:\\\/\\\/departamento.us.es\\\/newhtcaetsa\\\/\",\"logo\":{\"@type\":\"ImageObject\",\"inLanguage\":\"es\",\"@id\":\"https:\\\/\\\/departamento.us.es\\\/newhtcaetsa\\\/#\\\/schema\\\/logo\\\/image\\\/\",\"url\":\"https:\\\/\\\/departamento.us.es\\\/htcaetsa\\\/wp-content\\\/uploads\\\/2022\\\/03\\\/US-marca-digital-cuadrada-100.webp\",\"contentUrl\":\"https:\\\/\\\/departamento.us.es\\\/htcaetsa\\\/wp-content\\\/uploads\\\/2022\\\/03\\\/US-marca-digital-cuadrada-100.webp\",\"width\":100,\"height\":103,\"caption\":\"Departamento de Historia, Teor\u00eda y Composici\u00f3n Arquitect\u00f3nicas\"},\"image\":{\"@id\":\"https:\\\/\\\/departamento.us.es\\\/newhtcaetsa\\\/#\\\/schema\\\/logo\\\/image\\\/\"}},{\"@type\":\"Person\",\"@id\":\"https:\\\/\\\/departamento.us.es\\\/newhtcaetsa\\\/#\\\/schema\\\/person\\\/91c0b8d851513e84838b3626ef5ddd6c\",\"name\":\"dartigas\",\"image\":{\"@type\":\"ImageObject\",\"inLanguage\":\"es\",\"@id\":\"https:\\\/\\\/secure.gravatar.com\\\/avatar\\\/2ef85687ff0d3d82be312d59cb72f849b0e166ba82ad9eede91d680525fa2f7b?s=96&d=mm&r=g\",\"url\":\"https:\\\/\\\/secure.gravatar.com\\\/avatar\\\/2ef85687ff0d3d82be312d59cb72f849b0e166ba82ad9eede91d680525fa2f7b?s=96&d=mm&r=g\",\"contentUrl\":\"https:\\\/\\\/secure.gravatar.com\\\/avatar\\\/2ef85687ff0d3d82be312d59cb72f849b0e166ba82ad9eede91d680525fa2f7b?s=96&d=mm&r=g\",\"caption\":\"dartigas\"},\"sameAs\":[\"http:\\\/\\\/departamento.us.es\\\/htcaetsa\"],\"url\":\"https:\\\/\\\/departamento.us.es\\\/htcaetsa\\\/author\\\/dartigas\\\/\"}]}<\/script>\n<!-- \/ Yoast SEO plugin. -->","yoast_head_json":{"title":"HTCA2. Historia, Teor\u00eda y Composici\u00f3n Arquitect\u00f3nicas 2 - Departamento de Historia, Teor\u00eda y Composici\u00f3n Arquitect\u00f3nicas","robots":{"index":"index","follow":"follow","max-snippet":"max-snippet:-1","max-image-preview":"max-image-preview:large","max-video-preview":"max-video-preview:-1"},"canonical":"https:\/\/departamento.us.es\/htcaetsa\/historia-teoria-y-composicion-arquitectonicas-2\/","og_locale":"es_ES","og_type":"article","og_title":"HTCA2. Historia, Teor\u00eda y Composici\u00f3n Arquitect\u00f3nicas 2 - Departamento de Historia, Teor\u00eda y Composici\u00f3n Arquitect\u00f3nicas","og_description":"Historia, Teor\u00eda y Composici\u00f3n Arquitect\u00f3nicas 2 1er Cuatrimestre Obligatoria","og_url":"https:\/\/departamento.us.es\/htcaetsa\/historia-teoria-y-composicion-arquitectonicas-2\/","og_site_name":"Departamento de Historia, Teor\u00eda y Composici\u00f3n Arquitect\u00f3nicas","article_published_time":"2023-03-21T10:19:49+00:00","article_modified_time":"2026-01-09T19:20:19+00:00","author":"dartigas","twitter_card":"summary_large_image","twitter_misc":{"Escrito por":"dartigas","Tiempo de lectura":"1 minuto"},"schema":{"@context":"https:\/\/schema.org","@graph":[{"@type":"Article","@id":"https:\/\/departamento.us.es\/htcaetsa\/historia-teoria-y-composicion-arquitectonicas-2\/#article","isPartOf":{"@id":"https:\/\/departamento.us.es\/htcaetsa\/historia-teoria-y-composicion-arquitectonicas-2\/"},"author":{"name":"dartigas","@id":"https:\/\/departamento.us.es\/newhtcaetsa\/#\/schema\/person\/91c0b8d851513e84838b3626ef5ddd6c"},"headline":"HTCA2. Historia, Teor\u00eda y Composici\u00f3n Arquitect\u00f3nicas 2","datePublished":"2023-03-21T10:19:49+00:00","dateModified":"2026-01-09T19:20:19+00:00","mainEntityOfPage":{"@id":"https:\/\/departamento.us.es\/htcaetsa\/historia-teoria-y-composicion-arquitectonicas-2\/"},"wordCount":138,"publisher":{"@id":"https:\/\/departamento.us.es\/newhtcaetsa\/#organization"},"keywords":["Profesorado 2025-26"],"articleSection":["2\u00ba curso","Fundamentos arquitectura"],"inLanguage":"es"},{"@type":"WebPage","@id":"https:\/\/departamento.us.es\/htcaetsa\/historia-teoria-y-composicion-arquitectonicas-2\/","url":"https:\/\/departamento.us.es\/htcaetsa\/historia-teoria-y-composicion-arquitectonicas-2\/","name":"HTCA2. Historia, Teor\u00eda y Composici\u00f3n Arquitect\u00f3nicas 2 - Departamento de Historia, Teor\u00eda y Composici\u00f3n Arquitect\u00f3nicas","isPartOf":{"@id":"https:\/\/departamento.us.es\/newhtcaetsa\/#website"},"datePublished":"2023-03-21T10:19:49+00:00","dateModified":"2026-01-09T19:20:19+00:00","inLanguage":"es","potentialAction":[{"@type":"ReadAction","target":["https:\/\/departamento.us.es\/htcaetsa\/historia-teoria-y-composicion-arquitectonicas-2\/"]}]},{"@type":"WebSite","@id":"https:\/\/departamento.us.es\/newhtcaetsa\/#website","url":"https:\/\/departamento.us.es\/newhtcaetsa\/","name":"Departamento de Historia, Teor\u00eda y Composici\u00f3n Arquitect\u00f3nicas","description":"Universidad de Sevilla","publisher":{"@id":"https:\/\/departamento.us.es\/newhtcaetsa\/#organization"},"potentialAction":[{"@type":"SearchAction","target":{"@type":"EntryPoint","urlTemplate":"https:\/\/departamento.us.es\/newhtcaetsa\/?s={search_term_string}"},"query-input":{"@type":"PropertyValueSpecification","valueRequired":true,"valueName":"search_term_string"}}],"inLanguage":"es"},{"@type":"Organization","@id":"https:\/\/departamento.us.es\/newhtcaetsa\/#organization","name":"Departamento de Historia, Teor\u00eda y Composici\u00f3n Arquitect\u00f3nicas","url":"https:\/\/departamento.us.es\/newhtcaetsa\/","logo":{"@type":"ImageObject","inLanguage":"es","@id":"https:\/\/departamento.us.es\/newhtcaetsa\/#\/schema\/logo\/image\/","url":"https:\/\/departamento.us.es\/htcaetsa\/wp-content\/uploads\/2022\/03\/US-marca-digital-cuadrada-100.webp","contentUrl":"https:\/\/departamento.us.es\/htcaetsa\/wp-content\/uploads\/2022\/03\/US-marca-digital-cuadrada-100.webp","width":100,"height":103,"caption":"Departamento de Historia, Teor\u00eda y Composici\u00f3n Arquitect\u00f3nicas"},"image":{"@id":"https:\/\/departamento.us.es\/newhtcaetsa\/#\/schema\/logo\/image\/"}},{"@type":"Person","@id":"https:\/\/departamento.us.es\/newhtcaetsa\/#\/schema\/person\/91c0b8d851513e84838b3626ef5ddd6c","name":"dartigas","image":{"@type":"ImageObject","inLanguage":"es","@id":"https:\/\/secure.gravatar.com\/avatar\/2ef85687ff0d3d82be312d59cb72f849b0e166ba82ad9eede91d680525fa2f7b?s=96&d=mm&r=g","url":"https:\/\/secure.gravatar.com\/avatar\/2ef85687ff0d3d82be312d59cb72f849b0e166ba82ad9eede91d680525fa2f7b?s=96&d=mm&r=g","contentUrl":"https:\/\/secure.gravatar.com\/avatar\/2ef85687ff0d3d82be312d59cb72f849b0e166ba82ad9eede91d680525fa2f7b?s=96&d=mm&r=g","caption":"dartigas"},"sameAs":["http:\/\/departamento.us.es\/htcaetsa"],"url":"https:\/\/departamento.us.es\/htcaetsa\/author\/dartigas\/"}]}},"_links":{"self":[{"href":"https:\/\/departamento.us.es\/htcaetsa\/wp-json\/wp\/v2\/posts\/1555","targetHints":{"allow":["GET"]}}],"collection":[{"href":"https:\/\/departamento.us.es\/htcaetsa\/wp-json\/wp\/v2\/posts"}],"about":[{"href":"https:\/\/departamento.us.es\/htcaetsa\/wp-json\/wp\/v2\/types\/post"}],"author":[{"embeddable":true,"href":"https:\/\/departamento.us.es\/htcaetsa\/wp-json\/wp\/v2\/users\/1"}],"replies":[{"embeddable":true,"href":"https:\/\/departamento.us.es\/htcaetsa\/wp-json\/wp\/v2\/comments?post=1555"}],"version-history":[{"count":0,"href":"https:\/\/departamento.us.es\/htcaetsa\/wp-json\/wp\/v2\/posts\/1555\/revisions"}],"wp:attachment":[{"href":"https:\/\/departamento.us.es\/htcaetsa\/wp-json\/wp\/v2\/media?parent=1555"}],"wp:term":[{"taxonomy":"category","embeddable":true,"href":"https:\/\/departamento.us.es\/htcaetsa\/wp-json\/wp\/v2\/categories?post=1555"},{"taxonomy":"post_tag","embeddable":true,"href":"https:\/\/departamento.us.es\/htcaetsa\/wp-json\/wp\/v2\/tags?post=1555"}],"curies":[{"name":"wp","href":"https:\/\/api.w.org\/{rel}","templated":true}]}}