{"id":1574,"date":"2023-03-21T10:59:12","date_gmt":"2023-03-21T10:59:12","guid":{"rendered":"https:\/\/departamento.us.es\/newhtcaetsa\/?p=1574"},"modified":"2026-01-08T19:51:16","modified_gmt":"2026-01-08T19:51:16","slug":"proyecto-fin-de-carrera","status":"publish","type":"post","link":"https:\/\/departamento.us.es\/htcaetsa\/proyecto-fin-de-carrera\/","title":{"rendered":"PFC. Proyecto Fin de Carrera"},"content":{"rendered":"\t\t<div data-elementor-type=\"wp-post\" data-elementor-id=\"1574\" class=\"elementor elementor-1574\" data-elementor-post-type=\"post\">\n\t\t\t\t<div class=\"elementor-element elementor-element-f444c06 e-flex e-con-boxed e-con e-parent\" data-id=\"f444c06\" data-element_type=\"container\" data-e-type=\"container\">\n\t\t\t\t\t<div class=\"e-con-inner\">\n\t\t<div class=\"elementor-element elementor-element-320c76f e-con-full e-flex e-con e-child\" data-id=\"320c76f\" data-element_type=\"container\" data-e-type=\"container\">\n\t\t\t\t<div class=\"elementor-element elementor-element-708e336 elementor-widget elementor-widget-heading\" data-id=\"708e336\" data-element_type=\"widget\" data-e-type=\"widget\" data-widget_type=\"heading.default\">\n\t\t\t\t<div class=\"elementor-widget-container\">\n\t\t\t\t\t<h6 class=\"elementor-heading-title elementor-size-default\">51530005 Proyecto Fin de Carrera <br><br><span style=\"font-size: 10pt\">M\u00c1STER UNIVERSITARIO EN ARQUITECTURA<\/span><\/h6>\t\t\t\t<\/div>\n\t\t\t\t<\/div>\n\t\t\t\t<\/div>\n\t\t\t\t\t<\/div>\n\t\t\t\t<\/div>\n\t\t<div class=\"elementor-element elementor-element-e5a47b4 e-flex e-con-boxed e-con e-parent\" data-id=\"e5a47b4\" data-element_type=\"container\" data-e-type=\"container\">\n\t\t\t\t\t<div class=\"e-con-inner\">\n\t\t<div class=\"elementor-element elementor-element-3e71175 e-con-full e-flex e-con e-child\" data-id=\"3e71175\" data-element_type=\"container\" data-e-type=\"container\">\n\t\t\t\t<div class=\"elementor-element elementor-element-c6a4963 elementor-widget elementor-widget-text-editor\" data-id=\"c6a4963\" data-element_type=\"widget\" data-e-type=\"widget\" data-widget_type=\"text-editor.default\">\n\t\t\t\t<div class=\"elementor-widget-container\">\n\t\t\t\t\t\t\t\t\t<p><strong>Anual \u2013 Trabajo Fin de M\u00e1ster<\/strong><\/p><p><strong>Cr\u00e9ditos:<\/strong> 30.0 ects. &#8211;\u00a0<strong style=\"font-size: 16px; color: var( --e-global-color-text );\">HTCA:<\/strong><span style=\"font-size: 16px; color: var( --e-global-color-text );\"> 4.0 ects.<\/span><\/p><p><strong>Programa y proyectos docentes:<\/strong> <span style=\"text-decoration: underline;\"><a href=\"https:\/\/sevius4.us.es\/index.php?PyP=LISTA&amp;codcentro=15&amp;titulacion=M153&amp;asignatura=51530005\" target=\"_blank\" rel=\"noopener\">Sevius 4<\/a><\/span><\/p><p><strong>Coordinador\/a\u00a0<\/strong><span style=\"font-family: 'Open Sans', sans-serif; font-size: 16px; font-style: normal; font-variant-ligatures: normal; font-variant-caps: normal; font-weight: 600; color: var( --e-global-color-text );\">\u00a0<\/span><span style=\"font-family: 'Open Sans', sans-serif; font-size: 16px; font-style: normal; font-variant-ligatures: normal; font-variant-caps: normal; font-weight: 600; color: var( --e-global-color-text );\">departamental<\/span><strong style=\"font-size: 16px; color: var( --e-global-color-text );\">:<\/strong><span style=\"font-size: 16px; color: var( --e-global-color-text );\"> Cascales Barrio, Juan<\/span><\/p>\t\t\t\t\t\t\t\t<\/div>\n\t\t\t\t<\/div>\n\t\t\t\t<\/div>\n\t\t\t\t\t<\/div>\n\t\t\t\t<\/div>\n\t\t<div class=\"elementor-element elementor-element-efa0e02 e-flex e-con-boxed e-con e-parent\" data-id=\"efa0e02\" data-element_type=\"container\" data-e-type=\"container\">\n\t\t\t\t\t<div class=\"e-con-inner\">\n\t\t<div class=\"elementor-element elementor-element-a87b1f0 e-con-full e-flex e-con e-child\" data-id=\"a87b1f0\" data-element_type=\"container\" data-e-type=\"container\">\n\t\t\t\t<div class=\"elementor-element elementor-element-e5eb654 elementor-widget elementor-widget-heading\" data-id=\"e5eb654\" data-element_type=\"widget\" data-e-type=\"widget\" data-widget_type=\"heading.default\">\n\t\t\t\t<div class=\"elementor-widget-container\">\n\t\t\t\t\t<h6 class=\"elementor-heading-title elementor-size-default\"><a href=\"https:\/\/departamento.us.es\/htcaetsa\/tag\/profesorado-de-htca-2025-26\/\" rel=\"tag\">Profesorado de HTCA 2025-26<\/a><\/h6>\t\t\t\t<\/div>\n\t\t\t\t<\/div>\n\t\t\t\t<\/div>\n\t\t\t\t\t<\/div>\n\t\t\t\t<\/div>\n\t\t<div class=\"elementor-element elementor-element-bb0759e e-flex e-con-boxed e-con e-parent\" data-id=\"bb0759e\" data-element_type=\"container\" data-e-type=\"container\">\n\t\t\t\t\t<div class=\"e-con-inner\">\n\t\t<div class=\"elementor-element elementor-element-72a7b85 e-con-full e-flex e-con e-child\" data-id=\"72a7b85\" data-element_type=\"container\" data-e-type=\"container\">\n\t\t\t\t<div class=\"elementor-element elementor-element-a33b82d elementor-tabs-view-horizontal elementor-widget elementor-widget-tabs\" data-id=\"a33b82d\" data-element_type=\"widget\" data-e-type=\"widget\" data-widget_type=\"tabs.default\">\n\t\t\t\t<div class=\"elementor-widget-container\">\n\t\t\t\t\t\t\t<div class=\"elementor-tabs\">\n\t\t\t<div class=\"elementor-tabs-wrapper\" role=\"tablist\" >\n\t\t\t\t\t\t\t\t\t<div id=\"elementor-tab-title-1711\" class=\"elementor-tab-title elementor-tab-desktop-title\" aria-selected=\"true\" data-tab=\"1\" role=\"tab\" tabindex=\"0\" aria-controls=\"elementor-tab-content-1711\" aria-expanded=\"false\">Grupos de ma\u00f1ana<\/div>\n\t\t\t\t\t\t\t\t\t<div id=\"elementor-tab-title-1712\" class=\"elementor-tab-title elementor-tab-desktop-title\" aria-selected=\"false\" data-tab=\"2\" role=\"tab\" tabindex=\"-1\" aria-controls=\"elementor-tab-content-1712\" aria-expanded=\"false\">Grupos de tarde<\/div>\n\t\t\t\t\t\t\t<\/div>\n\t\t\t<div class=\"elementor-tabs-content-wrapper\" role=\"tablist\" aria-orientation=\"vertical\">\n\t\t\t\t\t\t\t\t\t<div class=\"elementor-tab-title elementor-tab-mobile-title\" aria-selected=\"true\" data-tab=\"1\" role=\"tab\" tabindex=\"0\" aria-controls=\"elementor-tab-content-1711\" aria-expanded=\"false\">Grupos de ma\u00f1ana<\/div>\n\t\t\t\t\t<div id=\"elementor-tab-content-1711\" class=\"elementor-tab-content elementor-clearfix\" data-tab=\"1\" role=\"tabpanel\" aria-labelledby=\"elementor-tab-title-1711\" tabindex=\"0\" hidden=\"false\"><table style=\"border-collapse: collapse; width: 100%;\">\n<tbody>\n<tr>\n<td style=\"width: 37.3454%;\"><strong>Grupo MA1&nbsp; &nbsp;1C Lunes \/ 2C Lunes-Martes<\/strong><\/td>\n<td style=\"width: 62.6546%;\">Peral L\u00f3pez, Jos\u00e9<\/td>\n<\/tr>\n<tr>\n<td style=\"width: 37.3454%;\"><strong>Grupo MA2&nbsp; &nbsp;1C Lunes \/ 2C Lunes-Martes<\/strong><\/td>\n<td style=\"width: 62.6546%;\">Redaelli, Gaia<\/td>\n<\/tr>\n<tr>\n<td style=\"width: 37.3454%;\"><strong>Grupo MA3&nbsp; &nbsp;1C Lunes \/ 2C Lunes-Martes<\/strong><\/td>\n<td style=\"width: 62.6546%;\">Rey P\u00e9rez, Julia<\/td>\n<\/tr>\n<tr>\n<td style=\"width: 37.3454%;\"><strong>Grupo MA4&nbsp; &nbsp;1C Lunes \/ 2C Lunes-Martes<\/strong><\/td>\n<td style=\"width: 62.6546%;\">Moreno Jim\u00e9nez, V\u00edctor<\/td>\n<\/tr>\n<tr>\n<td style=\"width: 37.3454%;\"><strong>Grupo MA5&nbsp; &nbsp;1C Lunes \/ 2C Lunes-Martes<\/strong><\/td>\n<td style=\"width: 62.6546%;\">Larive L\u00f3pez, Enrique<\/td>\n<\/tr>\n<tr>\n<td style=\"width: 37.3454%;\"><strong>Grupo MA6&nbsp; &nbsp;1C Lunes \/ 2C Lunes-Martes<\/strong><\/td>\n<td style=\"width: 62.6546%;\">Carrascal P\u00e9rez, Mar\u00eda<\/td>\n<\/tr>\n<\/tbody>\n<\/table><\/div>\n\t\t\t\t\t\t\t\t\t<div class=\"elementor-tab-title elementor-tab-mobile-title\" aria-selected=\"false\" data-tab=\"2\" role=\"tab\" tabindex=\"-1\" aria-controls=\"elementor-tab-content-1712\" aria-expanded=\"false\">Grupos de tarde<\/div>\n\t\t\t\t\t<div id=\"elementor-tab-content-1712\" class=\"elementor-tab-content elementor-clearfix\" data-tab=\"2\" role=\"tabpanel\" aria-labelledby=\"elementor-tab-title-1712\" tabindex=\"0\" hidden=\"hidden\"><table style=\"border-collapse: collapse; width: 100%; height: 30px;\"><tbody><tr style=\"height: 10px;\"><td style=\"width: 37.1065%; height: 10px;\"><strong>Grupo MA7\u00a0 \u00a01C Lunes \/ 2C Lunes-Martes<\/strong><\/td><td style=\"width: 62.8935%; height: 10px;\">Garc\u00eda V\u00e1zquez, Carlos<\/td><\/tr><tr style=\"height: 10px;\"><td style=\"width: 37.1065%; height: 10px;\"><strong>Grupo MA8\u00a0 \u00a01C Lunes \/ 2C Lunes-Martes<\/strong><\/td><td style=\"width: 62.8935%; height: 10px;\">Cascales Barrio, Juan<\/td><\/tr><tr style=\"height: 10px;\"><td style=\"width: 37.1065%; height: 10px;\"><strong>Grupo MA9\u00a0 \u00a01C Lunes \/ 2C Lunes-Martes<\/strong><\/td><td style=\"width: 62.8935%; height: 10px;\">Pico Valima\u00f1a, Ram\u00f3n<\/td><\/tr><\/tbody><\/table><\/div>\n\t\t\t\t\t\t\t<\/div>\n\t\t<\/div>\n\t\t\t\t\t\t<\/div>\n\t\t\t\t<\/div>\n\t\t\t\t<\/div>\n\t\t\t\t\t<\/div>\n\t\t\t\t<\/div>\n\t\t\t\t<\/div>\n\t\t","protected":false},"excerpt":{"rendered":"<p>Proyecto Fin de Carrera<br \/>\nAnual<br \/>\nTrabajo Fin de M\u00e1ster<\/p>\n","protected":false},"author":1,"featured_media":0,"comment_status":"closed","ping_status":"open","sticky":false,"template":"","format":"standard","meta":{"_acf_changed":false,"footnotes":""},"categories":[28],"tags":[60],"class_list":["post-1574","post","type-post","status-publish","format-standard","hentry","category-master-universitario-en-arquitectura","tag-profesorado-de-htca-2025-26"],"acf":[],"yoast_head":"<!-- This site is optimized with the Yoast SEO plugin v27.4 - https:\/\/yoast.com\/product\/yoast-seo-wordpress\/ -->\n<title>PFC. Proyecto Fin de Carrera - Departamento de Historia, Teor\u00eda y Composici\u00f3n Arquitect\u00f3nicas<\/title>\n<meta name=\"robots\" content=\"index, follow, max-snippet:-1, max-image-preview:large, max-video-preview:-1\" \/>\n<link rel=\"canonical\" href=\"https:\/\/departamento.us.es\/htcaetsa\/proyecto-fin-de-carrera\/\" \/>\n<meta property=\"og:locale\" content=\"es_ES\" \/>\n<meta property=\"og:type\" content=\"article\" \/>\n<meta property=\"og:title\" content=\"PFC. Proyecto Fin de Carrera - Departamento de Historia, Teor\u00eda y Composici\u00f3n Arquitect\u00f3nicas\" \/>\n<meta property=\"og:description\" content=\"Proyecto Fin de Carrera Anual Trabajo Fin de M\u00e1ster\" \/>\n<meta property=\"og:url\" content=\"https:\/\/departamento.us.es\/htcaetsa\/proyecto-fin-de-carrera\/\" \/>\n<meta property=\"og:site_name\" content=\"Departamento de Historia, Teor\u00eda y Composici\u00f3n Arquitect\u00f3nicas\" \/>\n<meta property=\"article:published_time\" content=\"2023-03-21T10:59:12+00:00\" \/>\n<meta property=\"article:modified_time\" content=\"2026-01-08T19:51:16+00:00\" \/>\n<meta name=\"author\" content=\"dartigas\" \/>\n<meta name=\"twitter:card\" content=\"summary_large_image\" \/>\n<meta name=\"twitter:label1\" content=\"Escrito por\" \/>\n\t<meta name=\"twitter:data1\" content=\"dartigas\" \/>\n\t<meta name=\"twitter:label2\" content=\"Tiempo de lectura\" \/>\n\t<meta name=\"twitter:data2\" content=\"1 minuto\" \/>\n<script type=\"application\/ld+json\" class=\"yoast-schema-graph\">{\"@context\":\"https:\\\/\\\/schema.org\",\"@graph\":[{\"@type\":\"Article\",\"@id\":\"https:\\\/\\\/departamento.us.es\\\/htcaetsa\\\/proyecto-fin-de-carrera\\\/#article\",\"isPartOf\":{\"@id\":\"https:\\\/\\\/departamento.us.es\\\/htcaetsa\\\/proyecto-fin-de-carrera\\\/\"},\"author\":{\"name\":\"dartigas\",\"@id\":\"https:\\\/\\\/departamento.us.es\\\/newhtcaetsa\\\/#\\\/schema\\\/person\\\/91c0b8d851513e84838b3626ef5ddd6c\"},\"headline\":\"PFC. Proyecto Fin de Carrera\",\"datePublished\":\"2023-03-21T10:59:12+00:00\",\"dateModified\":\"2026-01-08T19:51:16+00:00\",\"mainEntityOfPage\":{\"@id\":\"https:\\\/\\\/departamento.us.es\\\/htcaetsa\\\/proyecto-fin-de-carrera\\\/\"},\"wordCount\":154,\"publisher\":{\"@id\":\"https:\\\/\\\/departamento.us.es\\\/newhtcaetsa\\\/#organization\"},\"keywords\":[\"Profesorado de HTCA 2025-26\"],\"articleSection\":[\"M\u00e1ster Universitario en Arquitectura\"],\"inLanguage\":\"es\"},{\"@type\":\"WebPage\",\"@id\":\"https:\\\/\\\/departamento.us.es\\\/htcaetsa\\\/proyecto-fin-de-carrera\\\/\",\"url\":\"https:\\\/\\\/departamento.us.es\\\/htcaetsa\\\/proyecto-fin-de-carrera\\\/\",\"name\":\"PFC. Proyecto Fin de Carrera - Departamento de Historia, Teor\u00eda y Composici\u00f3n Arquitect\u00f3nicas\",\"isPartOf\":{\"@id\":\"https:\\\/\\\/departamento.us.es\\\/newhtcaetsa\\\/#website\"},\"datePublished\":\"2023-03-21T10:59:12+00:00\",\"dateModified\":\"2026-01-08T19:51:16+00:00\",\"inLanguage\":\"es\",\"potentialAction\":[{\"@type\":\"ReadAction\",\"target\":[\"https:\\\/\\\/departamento.us.es\\\/htcaetsa\\\/proyecto-fin-de-carrera\\\/\"]}]},{\"@type\":\"WebSite\",\"@id\":\"https:\\\/\\\/departamento.us.es\\\/newhtcaetsa\\\/#website\",\"url\":\"https:\\\/\\\/departamento.us.es\\\/newhtcaetsa\\\/\",\"name\":\"Departamento de Historia, Teor\u00eda y Composici\u00f3n Arquitect\u00f3nicas\",\"description\":\"Universidad de Sevilla\",\"publisher\":{\"@id\":\"https:\\\/\\\/departamento.us.es\\\/newhtcaetsa\\\/#organization\"},\"potentialAction\":[{\"@type\":\"SearchAction\",\"target\":{\"@type\":\"EntryPoint\",\"urlTemplate\":\"https:\\\/\\\/departamento.us.es\\\/newhtcaetsa\\\/?s={search_term_string}\"},\"query-input\":{\"@type\":\"PropertyValueSpecification\",\"valueRequired\":true,\"valueName\":\"search_term_string\"}}],\"inLanguage\":\"es\"},{\"@type\":\"Organization\",\"@id\":\"https:\\\/\\\/departamento.us.es\\\/newhtcaetsa\\\/#organization\",\"name\":\"Departamento de Historia, Teor\u00eda y Composici\u00f3n Arquitect\u00f3nicas\",\"url\":\"https:\\\/\\\/departamento.us.es\\\/newhtcaetsa\\\/\",\"logo\":{\"@type\":\"ImageObject\",\"inLanguage\":\"es\",\"@id\":\"https:\\\/\\\/departamento.us.es\\\/newhtcaetsa\\\/#\\\/schema\\\/logo\\\/image\\\/\",\"url\":\"https:\\\/\\\/departamento.us.es\\\/htcaetsa\\\/wp-content\\\/uploads\\\/2022\\\/03\\\/US-marca-digital-cuadrada-100.webp\",\"contentUrl\":\"https:\\\/\\\/departamento.us.es\\\/htcaetsa\\\/wp-content\\\/uploads\\\/2022\\\/03\\\/US-marca-digital-cuadrada-100.webp\",\"width\":100,\"height\":103,\"caption\":\"Departamento de Historia, Teor\u00eda y Composici\u00f3n Arquitect\u00f3nicas\"},\"image\":{\"@id\":\"https:\\\/\\\/departamento.us.es\\\/newhtcaetsa\\\/#\\\/schema\\\/logo\\\/image\\\/\"}},{\"@type\":\"Person\",\"@id\":\"https:\\\/\\\/departamento.us.es\\\/newhtcaetsa\\\/#\\\/schema\\\/person\\\/91c0b8d851513e84838b3626ef5ddd6c\",\"name\":\"dartigas\",\"image\":{\"@type\":\"ImageObject\",\"inLanguage\":\"es\",\"@id\":\"https:\\\/\\\/secure.gravatar.com\\\/avatar\\\/2ef85687ff0d3d82be312d59cb72f849b0e166ba82ad9eede91d680525fa2f7b?s=96&d=mm&r=g\",\"url\":\"https:\\\/\\\/secure.gravatar.com\\\/avatar\\\/2ef85687ff0d3d82be312d59cb72f849b0e166ba82ad9eede91d680525fa2f7b?s=96&d=mm&r=g\",\"contentUrl\":\"https:\\\/\\\/secure.gravatar.com\\\/avatar\\\/2ef85687ff0d3d82be312d59cb72f849b0e166ba82ad9eede91d680525fa2f7b?s=96&d=mm&r=g\",\"caption\":\"dartigas\"},\"sameAs\":[\"http:\\\/\\\/departamento.us.es\\\/htcaetsa\"],\"url\":\"https:\\\/\\\/departamento.us.es\\\/htcaetsa\\\/author\\\/dartigas\\\/\"}]}<\/script>\n<!-- \/ Yoast SEO plugin. -->","yoast_head_json":{"title":"PFC. Proyecto Fin de Carrera - Departamento de Historia, Teor\u00eda y Composici\u00f3n Arquitect\u00f3nicas","robots":{"index":"index","follow":"follow","max-snippet":"max-snippet:-1","max-image-preview":"max-image-preview:large","max-video-preview":"max-video-preview:-1"},"canonical":"https:\/\/departamento.us.es\/htcaetsa\/proyecto-fin-de-carrera\/","og_locale":"es_ES","og_type":"article","og_title":"PFC. Proyecto Fin de Carrera - Departamento de Historia, Teor\u00eda y Composici\u00f3n Arquitect\u00f3nicas","og_description":"Proyecto Fin de Carrera Anual Trabajo Fin de M\u00e1ster","og_url":"https:\/\/departamento.us.es\/htcaetsa\/proyecto-fin-de-carrera\/","og_site_name":"Departamento de Historia, Teor\u00eda y Composici\u00f3n Arquitect\u00f3nicas","article_published_time":"2023-03-21T10:59:12+00:00","article_modified_time":"2026-01-08T19:51:16+00:00","author":"dartigas","twitter_card":"summary_large_image","twitter_misc":{"Escrito por":"dartigas","Tiempo de lectura":"1 minuto"},"schema":{"@context":"https:\/\/schema.org","@graph":[{"@type":"Article","@id":"https:\/\/departamento.us.es\/htcaetsa\/proyecto-fin-de-carrera\/#article","isPartOf":{"@id":"https:\/\/departamento.us.es\/htcaetsa\/proyecto-fin-de-carrera\/"},"author":{"name":"dartigas","@id":"https:\/\/departamento.us.es\/newhtcaetsa\/#\/schema\/person\/91c0b8d851513e84838b3626ef5ddd6c"},"headline":"PFC. Proyecto Fin de Carrera","datePublished":"2023-03-21T10:59:12+00:00","dateModified":"2026-01-08T19:51:16+00:00","mainEntityOfPage":{"@id":"https:\/\/departamento.us.es\/htcaetsa\/proyecto-fin-de-carrera\/"},"wordCount":154,"publisher":{"@id":"https:\/\/departamento.us.es\/newhtcaetsa\/#organization"},"keywords":["Profesorado de HTCA 2025-26"],"articleSection":["M\u00e1ster Universitario en Arquitectura"],"inLanguage":"es"},{"@type":"WebPage","@id":"https:\/\/departamento.us.es\/htcaetsa\/proyecto-fin-de-carrera\/","url":"https:\/\/departamento.us.es\/htcaetsa\/proyecto-fin-de-carrera\/","name":"PFC. Proyecto Fin de Carrera - Departamento de Historia, Teor\u00eda y Composici\u00f3n Arquitect\u00f3nicas","isPartOf":{"@id":"https:\/\/departamento.us.es\/newhtcaetsa\/#website"},"datePublished":"2023-03-21T10:59:12+00:00","dateModified":"2026-01-08T19:51:16+00:00","inLanguage":"es","potentialAction":[{"@type":"ReadAction","target":["https:\/\/departamento.us.es\/htcaetsa\/proyecto-fin-de-carrera\/"]}]},{"@type":"WebSite","@id":"https:\/\/departamento.us.es\/newhtcaetsa\/#website","url":"https:\/\/departamento.us.es\/newhtcaetsa\/","name":"Departamento de Historia, Teor\u00eda y Composici\u00f3n Arquitect\u00f3nicas","description":"Universidad de Sevilla","publisher":{"@id":"https:\/\/departamento.us.es\/newhtcaetsa\/#organization"},"potentialAction":[{"@type":"SearchAction","target":{"@type":"EntryPoint","urlTemplate":"https:\/\/departamento.us.es\/newhtcaetsa\/?s={search_term_string}"},"query-input":{"@type":"PropertyValueSpecification","valueRequired":true,"valueName":"search_term_string"}}],"inLanguage":"es"},{"@type":"Organization","@id":"https:\/\/departamento.us.es\/newhtcaetsa\/#organization","name":"Departamento de Historia, Teor\u00eda y Composici\u00f3n Arquitect\u00f3nicas","url":"https:\/\/departamento.us.es\/newhtcaetsa\/","logo":{"@type":"ImageObject","inLanguage":"es","@id":"https:\/\/departamento.us.es\/newhtcaetsa\/#\/schema\/logo\/image\/","url":"https:\/\/departamento.us.es\/htcaetsa\/wp-content\/uploads\/2022\/03\/US-marca-digital-cuadrada-100.webp","contentUrl":"https:\/\/departamento.us.es\/htcaetsa\/wp-content\/uploads\/2022\/03\/US-marca-digital-cuadrada-100.webp","width":100,"height":103,"caption":"Departamento de Historia, Teor\u00eda y Composici\u00f3n Arquitect\u00f3nicas"},"image":{"@id":"https:\/\/departamento.us.es\/newhtcaetsa\/#\/schema\/logo\/image\/"}},{"@type":"Person","@id":"https:\/\/departamento.us.es\/newhtcaetsa\/#\/schema\/person\/91c0b8d851513e84838b3626ef5ddd6c","name":"dartigas","image":{"@type":"ImageObject","inLanguage":"es","@id":"https:\/\/secure.gravatar.com\/avatar\/2ef85687ff0d3d82be312d59cb72f849b0e166ba82ad9eede91d680525fa2f7b?s=96&d=mm&r=g","url":"https:\/\/secure.gravatar.com\/avatar\/2ef85687ff0d3d82be312d59cb72f849b0e166ba82ad9eede91d680525fa2f7b?s=96&d=mm&r=g","contentUrl":"https:\/\/secure.gravatar.com\/avatar\/2ef85687ff0d3d82be312d59cb72f849b0e166ba82ad9eede91d680525fa2f7b?s=96&d=mm&r=g","caption":"dartigas"},"sameAs":["http:\/\/departamento.us.es\/htcaetsa"],"url":"https:\/\/departamento.us.es\/htcaetsa\/author\/dartigas\/"}]}},"_links":{"self":[{"href":"https:\/\/departamento.us.es\/htcaetsa\/wp-json\/wp\/v2\/posts\/1574","targetHints":{"allow":["GET"]}}],"collection":[{"href":"https:\/\/departamento.us.es\/htcaetsa\/wp-json\/wp\/v2\/posts"}],"about":[{"href":"https:\/\/departamento.us.es\/htcaetsa\/wp-json\/wp\/v2\/types\/post"}],"author":[{"embeddable":true,"href":"https:\/\/departamento.us.es\/htcaetsa\/wp-json\/wp\/v2\/users\/1"}],"replies":[{"embeddable":true,"href":"https:\/\/departamento.us.es\/htcaetsa\/wp-json\/wp\/v2\/comments?post=1574"}],"version-history":[{"count":0,"href":"https:\/\/departamento.us.es\/htcaetsa\/wp-json\/wp\/v2\/posts\/1574\/revisions"}],"wp:attachment":[{"href":"https:\/\/departamento.us.es\/htcaetsa\/wp-json\/wp\/v2\/media?parent=1574"}],"wp:term":[{"taxonomy":"category","embeddable":true,"href":"https:\/\/departamento.us.es\/htcaetsa\/wp-json\/wp\/v2\/categories?post=1574"},{"taxonomy":"post_tag","embeddable":true,"href":"https:\/\/departamento.us.es\/htcaetsa\/wp-json\/wp\/v2\/tags?post=1574"}],"curies":[{"name":"wp","href":"https:\/\/api.w.org\/{rel}","templated":true}]}}