{"id":619,"date":"2025-05-29T09:37:18","date_gmt":"2025-05-29T07:37:18","guid":{"rendered":"https:\/\/departamento.us.es\/petra\/?p=619"},"modified":"2025-05-29T09:37:19","modified_gmt":"2025-05-29T07:37:19","slug":"dos-meses-intensos","status":"publish","type":"post","link":"https:\/\/departamento.us.es\/petra\/dos-meses-intensos\/","title":{"rendered":"Dos meses intensos"},"content":{"rendered":"\n<p>La actividad reciente del departamento ha estado muy marcada por los concursos-oposici\u00f3n que encaran varios de sus miembros. El pasado 21 de abril, nuestra compa\u00f1era <a href=\"https:\/\/departamento.us.es\/petra\/team-members\/moreno-garcia-inmaculada\/\">Inmaculada Moreno Garc\u00eda<\/a> defend\u00eda (y obten\u00eda) brillantemente su plaza como Catedr\u00e1tica de Universidad -dedicaremos una entrada espec\u00edfica a este d\u00eda-. <\/p>\n\n\n\n<p>En unos pocos d\u00edas, tres compa\u00f1eros encarar\u00e1n sendos tribunales para el acceso a la categor\u00eda de Profesor Titular de Universidad. Ser\u00e1n los d\u00edas viernes 6 de junio (perfil docente: psicoterapias), lunes 9 de junio (perfil: \u00e9tica y deontolog\u00eda) y jueves 12 de junio (perfil: modificaci\u00f3n de conducta). Los candidatos que se presentan a estas plazas son, respectivamente, <a href=\"https:\/\/departamento.us.es\/petra\/team-members\/fernandez-artamendi-sergio\/\">Sergio Fern\u00e1ndez Artamendi<\/a>, <a href=\"https:\/\/departamento.us.es\/petra\/team-members\/ruiz-munoz-manuel-jesus\/\">Manuel Jes\u00fas Ruiz Mu\u00f1oz<\/a> y <a href=\"https:\/\/departamento.us.es\/petra\/team-members\/martinez-loredo-victor\/\">V\u00edctor Mart\u00ednez Loredo<\/a>, quienes se incorporaron a PETRA en octubre de 2023. <\/p>\n\n\n\n<p>Finalmente, el pasado 20 de mayo se constituy\u00f3 el tribunal que evaluar\u00e1 el concurso-oposici\u00f3n de nuestro compa\u00f1ero <a href=\"https:\/\/departamento.us.es\/petra\/team-members\/rodriguez-testal-juan-francisco\/\">Juan Francisco Rodr\u00edguez Testal<\/a>. El pr\u00f3ximo 16 de julio defender\u00e1 su candidatura a Catedr\u00e1tico de Universidad. <\/p>\n\n\n\n<p>El departamento felicita a sus compa\u00f1eros\/as por estas novedades, y desea la mejor de las suertes a quienes encaran concursos pr\u00f3ximamente.<\/p>\n","protected":false},"excerpt":{"rendered":"<p>La actividad reciente del departamento ha estado muy marcada por los concursos-oposici\u00f3n que encaran varios de sus miembros. El pasado 21 de abril, nuestra compa\u00f1era Inmaculada Moreno Garc\u00eda defend\u00eda (y obten\u00eda) brillantemente su plaza como Catedr\u00e1tica de Universidad -dedicaremos una entrada espec\u00edfica a este d\u00eda-. En unos pocos d\u00edas, tres compa\u00f1eros encarar\u00e1n sendos tribunales para&hellip;&nbsp;<a href=\"https:\/\/departamento.us.es\/petra\/dos-meses-intensos\/\" rel=\"bookmark\">Leer m\u00e1s &raquo;<span class=\"screen-reader-text\">Dos meses intensos<\/span><\/a><\/p>\n","protected":false},"author":1,"featured_media":620,"comment_status":"closed","ping_status":"closed","sticky":false,"template":"","format":"standard","meta":{"neve_meta_sidebar":"","neve_meta_container":"","neve_meta_enable_content_width":"","neve_meta_content_width":0,"neve_meta_title_alignment":"","neve_meta_author_avatar":"","neve_post_elements_order":"","neve_meta_disable_header":"","neve_meta_disable_footer":"","neve_meta_disable_title":"","iawp_total_views":6,"footnotes":""},"categories":[63],"tags":[88,89,91,90],"class_list":["post-619","post","type-post","status-publish","format-standard","has-post-thumbnail","hentry","category-departamento","tag-calendario","tag-catedra","tag-oposicion","tag-profesor-titular"],"_links":{"self":[{"href":"https:\/\/departamento.us.es\/petra\/wp-json\/wp\/v2\/posts\/619","targetHints":{"allow":["GET"]}}],"collection":[{"href":"https:\/\/departamento.us.es\/petra\/wp-json\/wp\/v2\/posts"}],"about":[{"href":"https:\/\/departamento.us.es\/petra\/wp-json\/wp\/v2\/types\/post"}],"author":[{"embeddable":true,"href":"https:\/\/departamento.us.es\/petra\/wp-json\/wp\/v2\/users\/1"}],"replies":[{"embeddable":true,"href":"https:\/\/departamento.us.es\/petra\/wp-json\/wp\/v2\/comments?post=619"}],"version-history":[{"count":1,"href":"https:\/\/departamento.us.es\/petra\/wp-json\/wp\/v2\/posts\/619\/revisions"}],"predecessor-version":[{"id":621,"href":"https:\/\/departamento.us.es\/petra\/wp-json\/wp\/v2\/posts\/619\/revisions\/621"}],"wp:featuredmedia":[{"embeddable":true,"href":"https:\/\/departamento.us.es\/petra\/wp-json\/wp\/v2\/media\/620"}],"wp:attachment":[{"href":"https:\/\/departamento.us.es\/petra\/wp-json\/wp\/v2\/media?parent=619"}],"wp:term":[{"taxonomy":"category","embeddable":true,"href":"https:\/\/departamento.us.es\/petra\/wp-json\/wp\/v2\/categories?post=619"},{"taxonomy":"post_tag","embeddable":true,"href":"https:\/\/departamento.us.es\/petra\/wp-json\/wp\/v2\/tags?post=619"}],"curies":[{"name":"wp","href":"https:\/\/api.w.org\/{rel}","templated":true}]}}