{"id":685,"date":"2025-07-24T11:00:11","date_gmt":"2025-07-24T09:00:11","guid":{"rendered":"https:\/\/departamento.us.es\/petra\/?p=685"},"modified":"2025-07-24T11:00:12","modified_gmt":"2025-07-24T09:00:12","slug":"nueva-web-encuentro-petra","status":"publish","type":"post","link":"https:\/\/departamento.us.es\/petra\/nueva-web-encuentro-petra\/","title":{"rendered":"Nueva web: Encuentro PETRA"},"content":{"rendered":"\n<p>Recientemente, la Conferencia de Decanos y Decanas de Psicolog\u00eda (CDPUE) ha iniciado una ronda de consultas para impulsar la creaci\u00f3n de un nuevo grado de psicolog\u00eda, que contar\u00eda con cinco a\u00f1os de duraci\u00f3n y que dar\u00eda lugar al reconocimiento de los egresados como profesionales sanitarios. <\/p>\n\n\n\n<p>El objetivo final es solucionar las dificultades que existen a d\u00eda de hoy para acceder al MPGS. Sin embargo, un cambio en el grado puede tener efectos muy amplios sobre el dise\u00f1o de la carrera profesional, la empleabilidad de los titulados de licenciatura y grado de cuatro a\u00f1os y otras muchas cuestiones. <\/p>\n\n\n\n<p>Por ello, los responsables de la direcci\u00f3n del departamento de PETRA en Granada y Sevilla han impulsado una ronda de contactos con las personas responsables de PETRA en las Universidades P\u00fablicas, en un intento por establecer una posici\u00f3n com\u00fan sobre la conveniencia de este cambio y las condiciones necesarias para garantizar que, de suceder, es en beneficio de los\/las profesionales titulados y de la Psicolog\u00eda como \u00e1mbito de conocimiento. <\/p>\n\n\n\n<p>Para mejorar el acceso a la informaci\u00f3n actualizada que se derive del proceso, se ha creado una p\u00e1gina web, que esperamos que sea de utilidad. Incluye secciones dedicadas al diagn\u00f3stico de la situaci\u00f3n, a los debates m\u00e1s relevantes y los informes y pronunciamientos que vayan apareciendo. <\/p>\n\n\n\n<p>Puedes visitarla pulsando en el siguiente gr\u00e1fico:<\/p>\n\n\n\n<figure class=\"wp-block-image size-full\"><a href=\"https:\/\/institucional.us.es\/encuentropetra\/\"><img loading=\"lazy\" decoding=\"async\" width=\"957\" height=\"166\" src=\"https:\/\/departamento.us.es\/petra\/wp-content\/uploads\/2025\/07\/image.png\" alt=\"Banner de la p\u00e1gina web, Encuentro PETRA\" class=\"wp-image-686\" srcset=\"https:\/\/departamento.us.es\/petra\/wp-content\/uploads\/2025\/07\/image.png 957w, https:\/\/departamento.us.es\/petra\/wp-content\/uploads\/2025\/07\/image-300x52.png 300w, https:\/\/departamento.us.es\/petra\/wp-content\/uploads\/2025\/07\/image-768x133.png 768w\" sizes=\"auto, (max-width: 957px) 100vw, 957px\" \/><\/a><\/figure>\n\n\n\n<p>Recuerda que tu opini\u00f3n es importante. Si quieres hacer alguna aportaci\u00f3n, puedes hacerlo contactando con direccionpetra@us.es<\/p>\n\n\n\n<p>Un saludo.<\/p>\n","protected":false},"excerpt":{"rendered":"<p>Recientemente, la Conferencia de Decanos y Decanas de Psicolog\u00eda (CDPUE) ha iniciado una ronda de consultas para impulsar la creaci\u00f3n de un nuevo grado de psicolog\u00eda, que contar\u00eda con cinco a\u00f1os de duraci\u00f3n y que dar\u00eda lugar al reconocimiento de los egresados como profesionales sanitarios. El objetivo final es solucionar las dificultades que existen a&hellip;&nbsp;<a href=\"https:\/\/departamento.us.es\/petra\/nueva-web-encuentro-petra\/\" rel=\"bookmark\">Leer m\u00e1s &raquo;<span class=\"screen-reader-text\">Nueva web: Encuentro PETRA<\/span><\/a><\/p>\n","protected":false},"author":1,"featured_media":686,"comment_status":"closed","ping_status":"closed","sticky":false,"template":"","format":"standard","meta":{"neve_meta_sidebar":"","neve_meta_container":"","neve_meta_enable_content_width":"","neve_meta_content_width":0,"neve_meta_title_alignment":"","neve_meta_author_avatar":"","neve_post_elements_order":"","neve_meta_disable_header":"","neve_meta_disable_footer":"","neve_meta_disable_title":"","iawp_total_views":29,"footnotes":""},"categories":[63],"tags":[111,113,112],"class_list":["post-685","post","type-post","status-publish","format-standard","has-post-thumbnail","hentry","category-departamento","tag-encuentropetra","tag-grado-en-psicologia","tag-nueva-web"],"_links":{"self":[{"href":"https:\/\/departamento.us.es\/petra\/wp-json\/wp\/v2\/posts\/685","targetHints":{"allow":["GET"]}}],"collection":[{"href":"https:\/\/departamento.us.es\/petra\/wp-json\/wp\/v2\/posts"}],"about":[{"href":"https:\/\/departamento.us.es\/petra\/wp-json\/wp\/v2\/types\/post"}],"author":[{"embeddable":true,"href":"https:\/\/departamento.us.es\/petra\/wp-json\/wp\/v2\/users\/1"}],"replies":[{"embeddable":true,"href":"https:\/\/departamento.us.es\/petra\/wp-json\/wp\/v2\/comments?post=685"}],"version-history":[{"count":1,"href":"https:\/\/departamento.us.es\/petra\/wp-json\/wp\/v2\/posts\/685\/revisions"}],"predecessor-version":[{"id":687,"href":"https:\/\/departamento.us.es\/petra\/wp-json\/wp\/v2\/posts\/685\/revisions\/687"}],"wp:featuredmedia":[{"embeddable":true,"href":"https:\/\/departamento.us.es\/petra\/wp-json\/wp\/v2\/media\/686"}],"wp:attachment":[{"href":"https:\/\/departamento.us.es\/petra\/wp-json\/wp\/v2\/media?parent=685"}],"wp:term":[{"taxonomy":"category","embeddable":true,"href":"https:\/\/departamento.us.es\/petra\/wp-json\/wp\/v2\/categories?post=685"},{"taxonomy":"post_tag","embeddable":true,"href":"https:\/\/departamento.us.es\/petra\/wp-json\/wp\/v2\/tags?post=685"}],"curies":[{"name":"wp","href":"https:\/\/api.w.org\/{rel}","templated":true}]}}